{"id":34914,"date":"2021-02-28T08:49:14","date_gmt":"2021-02-28T08:49:14","guid":{"rendered":"https:\/\/gazetaregionalna.com\/?p=34914"},"modified":"2021-02-28T08:49:15","modified_gmt":"2021-02-28T08:49:15","slug":"przerwa-w-dostawie-pradu-112","status":"publish","type":"post","link":"https:\/\/gazetaregionalna.com\/?p=34914","title":{"rendered":"UWAGA! Przerwa w dostawie pr\u0105du w powiecie myszkowskim!"},"content":{"rendered":"\n<p>Dystrybutor pr\u0105du planuje przerw\u0119 w dostawie energii na najbli\u017csze 5 dni w powiecie myszkowskim.<\/p>\n\n\n\n<p>Brak w dostawie energii nast\u0105pi w gminie:<\/p>\n\n\n\n<p><strong>Myszk\u00f3w 05 <\/strong><strong>marzec 2021<\/strong>&nbsp;<strong>roku<\/strong> na ulicy:<\/p>\n\n\n\n<ul class=\"wp-block-list\"><li>ul. Zielona od 19 do 30 i ul. Wilsona od nr 19 do 30 od godziny <strong>&nbsp;8:00 <\/strong>do <strong>14:00<\/strong>.<strong><\/strong><\/li><\/ul>\n\n\n\n<p>Dostawca pr\u0105du przeprasza za utrudnienia.<\/p>\n","protected":false},"excerpt":{"rendered":"<p>Dystrybutor pr\u0105du planuje przerw\u0119 w dostawie energii na najbli\u017csze 5 dni w powiecie myszkowskim. Brak w dostawie energii nast\u0105pi w gminie: Myszk\u00f3w 05 marzec<\/p>\n","protected":false},"author":12,"featured_media":0,"comment_status":"open","ping_status":"open","sticky":false,"template":"","format":"standard","meta":{"_monsterinsights_skip_tracking":false,"_monsterinsights_sitenote_active":false,"_monsterinsights_sitenote_note":"","_monsterinsights_sitenote_category":0,"_uf_show_specific_survey":0,"_uf_disable_surveys":false,"footnotes":""},"categories":[2,26],"tags":[728,818],"class_list":["post-34914","post","type-post","status-publish","format-standard","hentry","category-wiadomosci","category-myszkow","tag-brak-pradu","tag-powiat-myszkowski"],"_links":{"self":[{"href":"https:\/\/gazetaregionalna.com\/index.php?rest_route=\/wp\/v2\/posts\/34914","targetHints":{"allow":["GET"]}}],"collection":[{"href":"https:\/\/gazetaregionalna.com\/index.php?rest_route=\/wp\/v2\/posts"}],"about":[{"href":"https:\/\/gazetaregionalna.com\/index.php?rest_route=\/wp\/v2\/types\/post"}],"author":[{"embeddable":true,"href":"https:\/\/gazetaregionalna.com\/index.php?rest_route=\/wp\/v2\/users\/12"}],"replies":[{"embeddable":true,"href":"https:\/\/gazetaregionalna.com\/index.php?rest_route=%2Fwp%2Fv2%2Fcomments&post=34914"}],"version-history":[{"count":1,"href":"https:\/\/gazetaregionalna.com\/index.php?rest_route=\/wp\/v2\/posts\/34914\/revisions"}],"predecessor-version":[{"id":34915,"href":"https:\/\/gazetaregionalna.com\/index.php?rest_route=\/wp\/v2\/posts\/34914\/revisions\/34915"}],"wp:attachment":[{"href":"https:\/\/gazetaregionalna.com\/index.php?rest_route=%2Fwp%2Fv2%2Fmedia&parent=34914"}],"wp:term":[{"taxonomy":"category","embeddable":true,"href":"https:\/\/gazetaregionalna.com\/index.php?rest_route=%2Fwp%2Fv2%2Fcategories&post=34914"},{"taxonomy":"post_tag","embeddable":true,"href":"https:\/\/gazetaregionalna.com\/index.php?rest_route=%2Fwp%2Fv2%2Ftags&post=34914"}],"curies":[{"name":"wp","href":"https:\/\/api.w.org\/{rel}","templated":true}]}}