{"id":34899,"date":"2021-02-27T19:16:24","date_gmt":"2021-02-27T19:16:24","guid":{"rendered":"https:\/\/gazetaregionalna.com\/?p=34899"},"modified":"2021-02-27T19:16:25","modified_gmt":"2021-02-27T19:16:25","slug":"planowa-porazka-koszykarzy-azs-politechniki-w-bytomiu-z-wiceliderem","status":"publish","type":"post","link":"https:\/\/gazetaregionalna.com\/?p=34899","title":{"rendered":"\u201ePlanowa\u201d pora\u017cka koszykarzy AZS Politechniki w Bytomiu z wiceliderem"},"content":{"rendered":"\n<p>Koszykarze AZS Politechniki przegrali w sobot\u0119 w Bytomiu z Poloni\u0105 58:101. Pora\u017cka nie jest zaskoczeniem, ale jej rozmiar powinien by\u0107 mniejszy&#8230;<\/p>\n\n\n\n<p>Cz\u0119stochowianie jad\u0105c do Bytomia wiedzieli, \u017ce mo\u017ce by\u0107 bardzo trudno. Polonia w 19 meczach wywalczy\u0142a a\u017c 18 zwyci\u0119stw i by\u0142a wiceliderem tabeli.<\/p>\n\n\n\n<p>I pocz\u0105tek meczu potwierdzi\u0142, \u017ce to gospodarze b\u0119d\u0105 dominowa\u0107 pod koszami. Pierwsz\u0105 kwart\u0119 wygra\u0142a Polonia 29:12. W kolejnych dw\u00f3ch kwartach na boisku toczy\u0142a si\u0119 wyr\u00f3wnana walka.<\/p>\n\n\n\n<p>O czwartej kwarcie cz\u0119stochowska dru\u017cyna b\u0119dzie chcia\u0142a chyba jak najszybciej zapomnie\u0107&#8230; Koszykarze AZS Politechniki przez ostatnie 10 minut gry rzucili tylko&#8230; 4 punkty. Ostatecznie przegrali r\u00f3\u017cnic\u0105 43 punkt\u00f3w 58:101.<\/p>\n\n\n\n<p>Tym razem najskuteczniejszym koszykarzem AZS-u by\u0142 Jakub Czy\u017c, kt\u00f3ry rzuci\u0142 18 punkt\u00f3w. <\/p>\n\n\n\n<p><strong>BS Polonia Bytom \u2013 AZS Politechnika Cz\u0119stochowa 101:58 (29:12, 19:17, 27:25, 26:4)<\/strong><\/p>\n\n\n\n<p>AZS Politechnika: J. Czy\u017c 18, A. P\u0142aczek 15, N. Kowalski 10, B. M\u0142ynarczyk 4, P. Dro\u015b 4, K. Pyrzyna 4, M. Cie\u015blak 3, K. Szyma\u0144ski 0, S. Spycha\u0142a 0, D. Raszewski 0, K. Banaszczak 0.<\/p>\n\n\n\n<p>Foto: Gazeta Regionalna\/AK<\/p>\n","protected":false},"excerpt":{"rendered":"<p>Koszykarze AZS Politechniki przegrali w sobot\u0119 w Bytomiu z Poloni\u0105 58:101. Pora\u017cka nie jest zaskoczeniem, ale jej rozmiar powinien by\u0107 mniejszy&#8230; Cz\u0119stochowianie jad\u0105c do<\/p>\n","protected":false},"author":15,"featured_media":25681,"comment_status":"open","ping_status":"open","sticky":false,"template":"","format":"standard","meta":{"_monsterinsights_skip_tracking":false,"_monsterinsights_sitenote_active":false,"_monsterinsights_sitenote_note":"","_monsterinsights_sitenote_category":0,"_uf_show_specific_survey":0,"_uf_disable_surveys":false,"footnotes":""},"categories":[5,9],"tags":[],"class_list":["post-34899","post","type-post","status-publish","format-standard","has-post-thumbnail","hentry","category-sport","category-koszykowka"],"_links":{"self":[{"href":"https:\/\/gazetaregionalna.com\/index.php?rest_route=\/wp\/v2\/posts\/34899","targetHints":{"allow":["GET"]}}],"collection":[{"href":"https:\/\/gazetaregionalna.com\/index.php?rest_route=\/wp\/v2\/posts"}],"about":[{"href":"https:\/\/gazetaregionalna.com\/index.php?rest_route=\/wp\/v2\/types\/post"}],"author":[{"embeddable":true,"href":"https:\/\/gazetaregionalna.com\/index.php?rest_route=\/wp\/v2\/users\/15"}],"replies":[{"embeddable":true,"href":"https:\/\/gazetaregionalna.com\/index.php?rest_route=%2Fwp%2Fv2%2Fcomments&post=34899"}],"version-history":[{"count":1,"href":"https:\/\/gazetaregionalna.com\/index.php?rest_route=\/wp\/v2\/posts\/34899\/revisions"}],"predecessor-version":[{"id":34900,"href":"https:\/\/gazetaregionalna.com\/index.php?rest_route=\/wp\/v2\/posts\/34899\/revisions\/34900"}],"wp:featuredmedia":[{"embeddable":true,"href":"https:\/\/gazetaregionalna.com\/index.php?rest_route=\/wp\/v2\/media\/25681"}],"wp:attachment":[{"href":"https:\/\/gazetaregionalna.com\/index.php?rest_route=%2Fwp%2Fv2%2Fmedia&parent=34899"}],"wp:term":[{"taxonomy":"category","embeddable":true,"href":"https:\/\/gazetaregionalna.com\/index.php?rest_route=%2Fwp%2Fv2%2Fcategories&post=34899"},{"taxonomy":"post_tag","embeddable":true,"href":"https:\/\/gazetaregionalna.com\/index.php?rest_route=%2Fwp%2Fv2%2Ftags&post=34899"}],"curies":[{"name":"wp","href":"https:\/\/api.w.org\/{rel}","templated":true}]}}