{"id":34748,"date":"2021-02-26T08:42:24","date_gmt":"2021-02-26T08:42:24","guid":{"rendered":"https:\/\/gazetaregionalna.com\/?p=34748"},"modified":"2021-02-26T08:42:25","modified_gmt":"2021-02-26T08:42:25","slug":"od-sportu-przez-nauke-i-zabawe-do-sukcesu","status":"publish","type":"post","link":"https:\/\/gazetaregionalna.com\/?p=34748","title":{"rendered":"Od sportu, przez nauk\u0119 i zabaw\u0119 do sukcesu!"},"content":{"rendered":"\n<p>Uczniowie m\u00f3wi\u0105, \u017ce czuj\u0105 si\u0119 tu szcz\u0119\u015bliwi. Rodzice s\u0105 zadowoleni, \u017ce ich dzieci ucz\u0105 si\u0119 w przyjaznej i bezpiecznej szkole. Je\u015bli i Wy szukacie dla swoich pociech plac\u00f3wki, w kt\u00f3rej b\u0119d\u0105 mog\u0142y nie tylko zdobywa\u0107 wiedz\u0119, ale tak\u017ce rozwija\u0107 swoje liczne pasje, <strong>Szko\u0142a Podstawowa nr 7 im.\u00a0Konstantego Ildefonsa Ga\u0142czy\u0144skiego w Cz\u0119stochowie <\/strong>jest z pewno\u015bci\u0105 \u015bwietnym wyborem.<\/p>\n\n\n\n<p><em><u><strong>7<\/strong><\/u><\/em><em><u><strong> powod\u00f3w, dla kt\u00f3rych warto zosta\u0107 uczniem Szko\u0142y Podstawowej nr <\/strong><\/u><\/em><em><u><strong>7<\/strong><\/u><\/em><\/p>\n\n\n\n<p>Tradycja po\u0142\u0105czona z nowoczesno\u015bci\u0105, dobre relacje mi\u0119dzy uczniami, nauczycielami i rodzicami oraz wysoki poziom nauczania to tylko niekt\u00f3re atuty, kt\u00f3rymi mo\u017ce si\u0119 poszczyci\u0107 Szko\u0142a Podstawowa nr 7 im. Konstantego Ildefonsa Ga\u0142czy\u0144skiego. Od roku szkolnego 2017\/2018 tworzone s\u0105 tu klasy sportowe (pi\u0142ka no\u017cna ch\u0142opc\u00f3w, lekkoatletyka dziewcz\u0105t i ch\u0142opc\u00f3w).<\/p>\n\n\n\n<p>Szko\u0142a z sukcesem podejmuje starania, aby pogodzi\u0107 nauk\u0119 ze sportem. Lekkoatletyka i pi\u0142ka no\u017cna to w szkole dyscypliny wiod\u0105ce. Aktywny udzia\u0142 w og\u00f3lnopolskim programie \u201eLekkoatletyka dla ka\u017cdego\u201d powoduje wzrost zainteresowania m\u0142odzie\u017cy t\u0105 dyscyplin\u0105 sportu. Treningi daj\u0105 dzieciom wiele rado\u015bci, ogromn\u0105 satysfakcj\u0119 z aktywno\u015bci fizycznej, mo\u017cliwo\u015b\u0107 rywalizacji z r\u00f3wie\u015bnikami i zdobywania nowych umiej\u0119tno\u015bci. Szko\u0142a nie zapomina te\u017c o innych sportach, gwarantuj\u0105c wszechstronny rozw\u00f3j swoich wychowank\u00f3w (uczniowie klas sportowych maj\u0105 te\u017c zaj\u0119cia na basenie). Poprzez sport kszta\u0142tuj\u0105 sw\u00f3j charakter, staj\u0105 si\u0119 ambitni, kreatywni, odporni na stres, pracowici. Uczniowie bior\u0105 udzia\u0142 w wielu imprezach sportowych na terenie miasta, powiatu i&nbsp;wojew\u00f3dztwa, osi\u0105gaj\u0105c wysokie lokaty.<\/p>\n\n\n\n<p>Uczniom ,, Si\u00f3demki\u2019\u2019 nie s\u0105 obce zdrowe nawyki, a aktywny tryb \u017cycia to jeden z priorytet\u00f3w szko\u0142y, zw\u0142aszcza w dobie komputer\u00f3w i nowoczesnych technologii. <a href=\"https:\/\/pediatria.mp.pl\/prawidlowyrozwoj\/rozwojfizyczny\/73905,aktywnosc-fizyczna-w-dziecinstwie-i-mlodosci\" target=\"_blank\" rel=\"noopener\">Aktywno\u015b\u0107 fizyczna <\/a>pomaga im wzmacnia\u0107 odporno\u015b\u0107 organizmu, stwarza mo\u017cliwo\u015b\u0107 zdrowego uj\u015bcia emocji i stresu. Od&nbsp;pa\u017adziernika 2020 r. Szko\u0142a Podstawowa nr 7 do\u0142\u0105czy\u0142a do elitarnego grona \u015al\u0105skich Sieci Szk\u00f3\u0142 Promuj\u0105cych Zdrowie.<\/p>\n\n\n\n<p>Uczniowie klas sportowych osi\u0105gaj\u0105 wysokie wyniki nie tylko w sporcie, ale r\u00f3wnie\u017c w nauce. ,,Si\u00f3demka\u2019\u2019 zapewnia im<strong> <\/strong>bogat\u0105 ofert\u0119 zaj\u0119\u0107 pozalekcyjnych, dzi\u0119ki czemu mog\u0105 w pe\u0142ni rozwija\u0107 swoje rozliczne zainteresowania i pasje.<strong> <\/strong>Sport kszta\u0142tuje w nich samodyscyplin\u0119, odpowiedzialno\u015b\u0107, umiej\u0119tno\u015b\u0107 koncentracji, a tak\u017ce wspaniale wp\u0142ywa na prawid\u0142ow\u0105 prac\u0119 m\u00f3zgu. Szko\u0142a ma wielu laureat\u00f3w konkurs\u00f3w og\u00f3lnopolskich, wojew\u00f3dzkich i powiatowych.<\/p>\n\n\n\n<p>Wysoko wykwalifikowana kadra pedagogiczna wspiera i motywuje rozw\u00f3j ka\u017cdego dziecka. W razie pojawiaj\u0105cych si\u0119 problem\u00f3w uczniowie maj\u0105 zapewnion\u0105 opiek\u0119 pedagoga, logopedy oraz zaj\u0119cia z zakresu pomocy psychologiczno &#8211; pedagogicznej. Uczniowie uzdolnieni otrzymuj\u0105 wsparcie psychologiczno \u2013 pedagogiczne w postaci zaj\u0119\u0107 rozwijaj\u0105cych uzdolnienia. W klasach sportowych do poszczeg\u00f3lnych rocznik\u00f3w przypisani s\u0105 r\u00f3wnie\u017c do\u015bwiadczeni trenerzy ( wsp\u00f3\u0142praca z RKS Rak\u00f3w i&nbsp;CKS Budowlani).<\/p>\n\n\n\n<p>Szko\u0142a posiada bogat\u0105 baz\u0119 dydaktyczn\u0105 (m.in. tablice multimedialne, monitory interaktywne), sportow\u0105 i rekreacyjn\u0105. W ramach programu Erasmus+ zosta\u0142a utworzona i w pe\u0142ni wyposa\u017cona w nowoczesny sprz\u0119t dydaktyczny STEM pracownia (m.in. drukarka 3D, stacja pogody, roboty edukacyjne, mikroskopy). Uczniowie maj\u0105 te\u017c do dyspozycji nowoczesn\u0105 hal\u0119 sportow\u0105 z si\u0142owni\u0105 i sal\u0105 fitness oraz boisko wielofunkcyjne. Z my\u015bl\u0105 o potrzebach uczni\u00f3w klas I powsta\u0142y natomiast sale lekcyjne, wyposa\u017cone w nowe \u0142awki, meble i r\u00f3\u017cnorodne pomoce dydaktyczne. Zaplecze sanitarne szko\u0142y dostosowane jest do wzrostu najm\u0142odszych wychowank\u00f3w. Plac\u00f3wka dysponuje tak\u017ce nowocze\u015bnie urz\u0105dzon\u0105 \u015bwietlic\u0105, w kt\u00f3rej dzieci kreatywnie i atrakcyjnie sp\u0119dzaj\u0105 czas w strefie ciszy i nauki lub w strefie relaksu i zabawy z \u201eTajemnicz\u0105 Wysp\u0105\u201d.<\/p>\n\n\n\n<p>W szkole du\u017c\u0105 wag\u0119 przywi\u0105zuje si\u0119 nie tylko do edukacji, ale tak\u017ce do rozwoju kompetencji spo\u0142ecznych uczni\u00f3w. Dzieci uprawiaj\u0105ce sport maj\u0105 wyj\u0105tkow\u0105 \u0142atwo\u015b\u0107 nawi\u0105zywania kontakt\u00f3w, potrafi\u0105 wsp\u00f3\u0142pracowa\u0107 w grupie, s\u0105 niezale\u017cne i ch\u0119tne do podejmowania wyzwa\u0144. Uczniowie bior\u0105 udzia\u0142 w ciekawych wycieczkach, rajdach, wystawach. Organizowane s\u0105 dla nich wyj\u015bcia do kina, teatru i filharmonii. Maj\u0105 tak\u017ce mo\u017cliwo\u015b\u0107 w\u0142\u0105czania si\u0119 w dzia\u0142alno\u015b\u0107 charytatywn\u0105 w ramach szkolnego wolontariatu. Plac\u00f3wka wraz z partnerskimi szko\u0142ami za granic\u0105 z powodzeniem realizuje mi\u0119dzynarodowe projekty Erasmus+.<\/p>\n\n\n\n<p>W szkole panuje \u017cyczliwa, pe\u0142na wzajemnego szacunku atmosfera, uczniowie maja szans\u0119 uwierzy\u0107 we w\u0142asne si\u0142y. Zwraca si\u0119 tu szczeg\u00f3ln\u0105 uwag\u0119 na dobr\u0105 wsp\u00f3\u0142prac\u0119 z rodzicami. A sami uczniowie? Na pytanie, co najbardziej lubi\u0105 w swojej szkole, odpowiadaj\u0105, \u017ce maj\u0105 tutaj wielu przyjaci\u00f3\u0142.<\/p>\n","protected":false},"excerpt":{"rendered":"<p>Uczniowie m\u00f3wi\u0105, \u017ce czuj\u0105 si\u0119 tu szcz\u0119\u015bliwi. Rodzice s\u0105 zadowoleni, \u017ce ich dzieci ucz\u0105 si\u0119 w przyjaznej i bezpiecznej szkole. Je\u015bli i Wy szukacie<\/p>\n","protected":false},"author":7,"featured_media":0,"comment_status":"open","ping_status":"open","sticky":false,"template":"","format":"standard","meta":{"_monsterinsights_skip_tracking":false,"_monsterinsights_sitenote_active":false,"_monsterinsights_sitenote_note":"","_monsterinsights_sitenote_category":0,"_uf_show_specific_survey":0,"_uf_disable_surveys":false,"footnotes":""},"categories":[41,3,2],"tags":[],"class_list":["post-34748","post","type-post","status-publish","format-standard","hentry","category-edukacja","category-czestochowa-informacje","category-wiadomosci"],"_links":{"self":[{"href":"https:\/\/gazetaregionalna.com\/index.php?rest_route=\/wp\/v2\/posts\/34748","targetHints":{"allow":["GET"]}}],"collection":[{"href":"https:\/\/gazetaregionalna.com\/index.php?rest_route=\/wp\/v2\/posts"}],"about":[{"href":"https:\/\/gazetaregionalna.com\/index.php?rest_route=\/wp\/v2\/types\/post"}],"author":[{"embeddable":true,"href":"https:\/\/gazetaregionalna.com\/index.php?rest_route=\/wp\/v2\/users\/7"}],"replies":[{"embeddable":true,"href":"https:\/\/gazetaregionalna.com\/index.php?rest_route=%2Fwp%2Fv2%2Fcomments&post=34748"}],"version-history":[{"count":1,"href":"https:\/\/gazetaregionalna.com\/index.php?rest_route=\/wp\/v2\/posts\/34748\/revisions"}],"predecessor-version":[{"id":34749,"href":"https:\/\/gazetaregionalna.com\/index.php?rest_route=\/wp\/v2\/posts\/34748\/revisions\/34749"}],"wp:attachment":[{"href":"https:\/\/gazetaregionalna.com\/index.php?rest_route=%2Fwp%2Fv2%2Fmedia&parent=34748"}],"wp:term":[{"taxonomy":"category","embeddable":true,"href":"https:\/\/gazetaregionalna.com\/index.php?rest_route=%2Fwp%2Fv2%2Fcategories&post=34748"},{"taxonomy":"post_tag","embeddable":true,"href":"https:\/\/gazetaregionalna.com\/index.php?rest_route=%2Fwp%2Fv2%2Ftags&post=34748"}],"curies":[{"name":"wp","href":"https:\/\/api.w.org\/{rel}","templated":true}]}}