{"id":34738,"date":"2021-02-26T08:19:53","date_gmt":"2021-02-26T08:19:53","guid":{"rendered":"https:\/\/gazetaregionalna.com\/?p=34738"},"modified":"2021-02-26T08:19:54","modified_gmt":"2021-02-26T08:19:54","slug":"dzisiaj-kolejny-protest-na-ulicach-czestochowy","status":"publish","type":"post","link":"https:\/\/gazetaregionalna.com\/?p=34738","title":{"rendered":"Dzisiaj kolejny protest na ulicach Cz\u0119stochowy"},"content":{"rendered":"\n<h2 class=\"wp-block-heading\">Na godzin\u0119 18, dzisiaj, na Placu Biega\u0144skiego w Cz\u0119stochowie umawiaj\u0105 si\u0119 cz\u0119stochowianki i cz\u0119stochowianie, kt\u00f3rzy od ko\u0144ca pa\u017adziernika protestuj\u0105 przeciwko wyrokowi Trybuna\u0142u Konstytucyjnego pod przewodnictwem mgr Julii Przy\u0142\u0119bskiej w sprawie zaostrzenia ustawy antyaborcyjnej.<\/h2>\n\n\n\n<p>Jak zawsze osoby manifestuj\u0105ce w ramach poparcia dla Strajku Kobiet b\u0119d\u0105 si\u0119 r\u00f3wnie\u017c odnosi\u0107 o ostatnich wydarze\u0144 i kolejny kontrowersyjnych decyzji PiSu. Z pewno\u015bci\u0105 wi\u0119c na prote\u015bcie pojawi si\u0119 temat niezale\u017cno\u015bci medi\u00f3w i kwestia proponowanej przez rz\u0105dz\u0105cych nowej daniny od stacji telewizyjnych, radiowych, a tak\u017ce portali internetowych i gazet.<\/p>\n","protected":false},"excerpt":{"rendered":"<p>Na godzin\u0119 18, dzisiaj, na Placu Biega\u0144skiego w Cz\u0119stochowie umawiaj\u0105 si\u0119 cz\u0119stochowianki i cz\u0119stochowianie, kt\u00f3rzy od ko\u0144ca pa\u017adziernika protestuj\u0105 przeciwko wyrokowi Trybuna\u0142u Konstytucyjnego pod<\/p>\n","protected":false},"author":7,"featured_media":32856,"comment_status":"open","ping_status":"open","sticky":false,"template":"","format":"standard","meta":{"_monsterinsights_skip_tracking":false,"_monsterinsights_sitenote_active":false,"_monsterinsights_sitenote_note":"","_monsterinsights_sitenote_category":0,"_uf_show_specific_survey":0,"_uf_disable_surveys":false,"footnotes":""},"categories":[94,3,2],"tags":[],"class_list":["post-34738","post","type-post","status-publish","format-standard","has-post-thumbnail","hentry","category-polecane","category-czestochowa-informacje","category-wiadomosci"],"_links":{"self":[{"href":"https:\/\/gazetaregionalna.com\/index.php?rest_route=\/wp\/v2\/posts\/34738","targetHints":{"allow":["GET"]}}],"collection":[{"href":"https:\/\/gazetaregionalna.com\/index.php?rest_route=\/wp\/v2\/posts"}],"about":[{"href":"https:\/\/gazetaregionalna.com\/index.php?rest_route=\/wp\/v2\/types\/post"}],"author":[{"embeddable":true,"href":"https:\/\/gazetaregionalna.com\/index.php?rest_route=\/wp\/v2\/users\/7"}],"replies":[{"embeddable":true,"href":"https:\/\/gazetaregionalna.com\/index.php?rest_route=%2Fwp%2Fv2%2Fcomments&post=34738"}],"version-history":[{"count":1,"href":"https:\/\/gazetaregionalna.com\/index.php?rest_route=\/wp\/v2\/posts\/34738\/revisions"}],"predecessor-version":[{"id":34739,"href":"https:\/\/gazetaregionalna.com\/index.php?rest_route=\/wp\/v2\/posts\/34738\/revisions\/34739"}],"wp:featuredmedia":[{"embeddable":true,"href":"https:\/\/gazetaregionalna.com\/index.php?rest_route=\/wp\/v2\/media\/32856"}],"wp:attachment":[{"href":"https:\/\/gazetaregionalna.com\/index.php?rest_route=%2Fwp%2Fv2%2Fmedia&parent=34738"}],"wp:term":[{"taxonomy":"category","embeddable":true,"href":"https:\/\/gazetaregionalna.com\/index.php?rest_route=%2Fwp%2Fv2%2Fcategories&post=34738"},{"taxonomy":"post_tag","embeddable":true,"href":"https:\/\/gazetaregionalna.com\/index.php?rest_route=%2Fwp%2Fv2%2Ftags&post=34738"}],"curies":[{"name":"wp","href":"https:\/\/api.w.org\/{rel}","templated":true}]}}