{"id":34685,"date":"2021-02-25T11:53:47","date_gmt":"2021-02-25T11:53:47","guid":{"rendered":"https:\/\/gazetaregionalna.com\/?p=34685"},"modified":"2021-02-25T11:53:48","modified_gmt":"2021-02-25T11:53:48","slug":"brawurowa-jazda","status":"publish","type":"post","link":"https:\/\/gazetaregionalna.com\/?p=34685","title":{"rendered":"Ucieka\u0142 przed policj\u0105 z Myszkowa i Kozieg\u0142\u00f3w. Jego brawurowa jazda zako\u0144czona w mokrad\u0142ach"},"content":{"rendered":"\n<p style=\"font-size:25px\">Podczas nocnej kontroli drogowej kierowca Renault Megane zlekcewa\u017cy\u0142 polecenie zatrzymania si\u0119. Mundurowi drog\u00f3wki z Myszkowa i Kozieg\u0142\u00f3w udali si\u0119 w po\u015bcig za piratem drogowym.<\/p>\n\n\n\n<p>Do zdarzenia dosz\u0142o w poniedzia\u0142ek oko\u0142o godziny 22:00. Podczas kontroli pr\u0119dko\u015bci w \u017barkach na ulicy Myszkowskiej, patrol drog\u00f3wki &nbsp;namierzy\u0142 kierowc\u0119 renault megane, kt\u00f3ry znacznie przekroczy\u0142 dozwolona pr\u0119dko\u015b\u0107. Mimo wyra\u017anych sygna\u0142\u00f3w nakazuj\u0105cych zatrzymanie si\u0119 kierowca przy\u015bpieszy\u0142 i z impetem zacz\u0105\u0142 ucieka\u0107 w kierunku centrum \u017barek.<\/p>\n\n\n\n<p>Za piratem drogowym policjanci podj\u0119li po\u015bcig, do kt\u00f3rego przy\u0142\u0105czy\u0142y si\u0119 inne patrole, w tym mundurowi z Kozieg\u0142\u00f3w.<\/p>\n\n\n\n<p>Kierowca renault nie chc\u0105c wpa\u015b\u0107 w r\u0119ce wymiaru sprawiedliwo\u015bci, z du\u017c\u0105 pr\u0119dko\u015bci\u0105 pokonywa\u0142 kolejne miejscowo\u015bci w gminie Kozieg\u0142owy, gdzie w pewnym momencie po\u015bcig za sprawc\u0105 przej\u0119li policjanci z prewencji z Kozieg\u0142\u00f3w. Pirat drogowy gwa\u0142townie hamowa\u0142, potem przy\u015bpiesza\u0142 oraz zaje\u017cd\u017ca\u0142 drog\u0119 radiowozom, co uniemo\u017cliwia\u0142o zajechanie mu drogi i zatrzymanie go.<\/p>\n\n\n\n<p>W pewnym momencie kierowca straci\u0142 panowanie nad samochodem i na zakr\u0119cie wypad\u0142 z drogi, wprost na mokrad\u0142a, z kt\u00f3rych nie uda\u0142o mu si\u0119 ju\u017c wyjecha\u0107. Z zaistnia\u0142ej sytuacji skorzystali policjanci, podbiegaj\u0105c do kierowcy i wyci\u0105gaj\u0105c go z auta. Jak si\u0119 okaza\u0142o, za kierownic\u0105 renault siedzia\u0142 dobrze znany mundurowym, 31-letni mieszkaniec \u017barek.<\/p>\n\n\n\n<p>31-latek nie posiada\u0142 uprawie\u0144 do kierowania pojazdem, dodatkowo w trakcie zatrzymania by\u0142 bardzo agresywny, co da\u0142o podstaw\u0119 do pobrania od niego krwi.<\/p>\n\n\n\n<p>M\u0119\u017cczyzna odpowie za jazd\u0119 bez uprawnie\u0144 oraz za nie zatrzymanie si\u0119 do kontroli drogowej, za co grozi kara 5 lat wi\u0119zienia. Do zarzut\u00f3w dojdzie tak\u017ce szereg wykrocze\u0144, jakie pope\u0142ni\u0142 w trakcie ucieczki.<\/p>\n\n\n\n<p>Policja przypomina, \u017ce nie zatrzymanie si\u0119 do kontroli drogowej jest przest\u0119pstwem. Kierowca uciekaj\u0105cy przed str\u00f3\u017cami prawa musi liczy\u0107 si\u0119 z kar\u0105 od 3 miesi\u0119cy do 5 lat wi\u0119zienia oraz bezwzgl\u0119dnym zakazem prowadzenia pojazd\u00f3w na okres od roku do 15 lat.<\/p>\n","protected":false},"excerpt":{"rendered":"<p>Podczas nocnej kontroli drogowej kierowca Renault Megane zlekcewa\u017cy\u0142 polecenie zatrzymania si\u0119. Mundurowi drog\u00f3wki z Myszkowa i Kozieg\u0142\u00f3w udali si\u0119 w po\u015bcig za piratem drogowym.<\/p>\n","protected":false},"author":12,"featured_media":34687,"comment_status":"open","ping_status":"open","sticky":false,"template":"","format":"standard","meta":{"_monsterinsights_skip_tracking":false,"_monsterinsights_sitenote_active":false,"_monsterinsights_sitenote_note":"","_monsterinsights_sitenote_category":0,"_uf_show_specific_survey":0,"_uf_disable_surveys":false,"footnotes":""},"categories":[44,26,94,2],"tags":[1521,1523,1522],"class_list":["post-34685","post","type-post","status-publish","format-standard","has-post-thumbnail","hentry","category-bezpieczenstwo","category-myszkow","category-polecane","category-wiadomosci","tag-brawurowa-jazda","tag-policja-z-kozieglow","tag-policja-z-myszkowa"],"_links":{"self":[{"href":"https:\/\/gazetaregionalna.com\/index.php?rest_route=\/wp\/v2\/posts\/34685","targetHints":{"allow":["GET"]}}],"collection":[{"href":"https:\/\/gazetaregionalna.com\/index.php?rest_route=\/wp\/v2\/posts"}],"about":[{"href":"https:\/\/gazetaregionalna.com\/index.php?rest_route=\/wp\/v2\/types\/post"}],"author":[{"embeddable":true,"href":"https:\/\/gazetaregionalna.com\/index.php?rest_route=\/wp\/v2\/users\/12"}],"replies":[{"embeddable":true,"href":"https:\/\/gazetaregionalna.com\/index.php?rest_route=%2Fwp%2Fv2%2Fcomments&post=34685"}],"version-history":[{"count":1,"href":"https:\/\/gazetaregionalna.com\/index.php?rest_route=\/wp\/v2\/posts\/34685\/revisions"}],"predecessor-version":[{"id":34690,"href":"https:\/\/gazetaregionalna.com\/index.php?rest_route=\/wp\/v2\/posts\/34685\/revisions\/34690"}],"wp:featuredmedia":[{"embeddable":true,"href":"https:\/\/gazetaregionalna.com\/index.php?rest_route=\/wp\/v2\/media\/34687"}],"wp:attachment":[{"href":"https:\/\/gazetaregionalna.com\/index.php?rest_route=%2Fwp%2Fv2%2Fmedia&parent=34685"}],"wp:term":[{"taxonomy":"category","embeddable":true,"href":"https:\/\/gazetaregionalna.com\/index.php?rest_route=%2Fwp%2Fv2%2Fcategories&post=34685"},{"taxonomy":"post_tag","embeddable":true,"href":"https:\/\/gazetaregionalna.com\/index.php?rest_route=%2Fwp%2Fv2%2Ftags&post=34685"}],"curies":[{"name":"wp","href":"https:\/\/api.w.org\/{rel}","templated":true}]}}