{"id":34683,"date":"2021-02-25T11:48:42","date_gmt":"2021-02-25T11:48:42","guid":{"rendered":"https:\/\/gazetaregionalna.com\/?p=34683"},"modified":"2021-02-25T12:34:49","modified_gmt":"2021-02-25T12:34:49","slug":"czestochowa-bedzie-zakorkowana-kierowcow-czeka-drogowy-armagedon","status":"publish","type":"post","link":"https:\/\/gazetaregionalna.com\/?p=34683","title":{"rendered":"Cz\u0119stochowa b\u0119dzie zakorkowana. Kierowc\u00f3w czeka drogowy \u201earmagedon\u201d"},"content":{"rendered":"\n<h2 class=\"wp-block-heading\">We wtorek, 2 marca rusza przebudowa najwa\u017cniejszego skrzy\u017cowania w \u015ar\u00f3dmie\u015bciu Cz\u0119stochowy \u2013 Al. NMP z alejami: Wolno\u015bci i Ko\u015bciuszki. Roboty b\u0119d\u0105 prowadzone na torowisku. Wszyscy, zar\u00f3wno kierowcy, jak i piesi musimy si\u0119 liczy\u0107 z pot\u0119\u017cnymi utrudnieniami.<\/h2>\n\n\n\n<p>Jak przekaza\u0142 Miejski Zarz\u0105d Dr\u00f3g i Transportu, wykonawca rob\u00f3t, firma NDI przewiduje, \u017ce prace na tym skrzy\u017cowaniu potrwaj\u0105 od <strong>4 do 6 tygodni. <\/strong>Od razu jednak zastrzega, \u017ce terminu tego uda si\u0119 dotrzyma\u0107, je\u015bli pogoda dopisze, a tak\u017ce gdy nie b\u0119dzie nieprzewidywanych problem\u00f3w z tamtejszymi instalacjami podziemnymi licz\u0105cymi sobie kilkadziesi\u0105t lat.<\/p>\n\n\n\n<p>W zwi\u0105zku z rozpocz\u0119ciem we wtorek rob\u00f3t na kolejnym odcinku tor\u00f3w tramwajowych w centrum miasta, niemo\u017cliwy b\u0119dzie przejazd przez torowisko w obu kierunkach na skrzy\u017cowaniu al. Naj\u015bwi\u0119tszej Maryi Panny z alejami: Wolno\u015bci i Ko\u015bciuszki.<\/p>\n\n\n\n<p><strong>&#8211;<\/strong> <em>Do czasu zako\u0144czenia rob\u00f3t w obr\u0119bie skrzy\u017cowania obowi\u0105zywa\u0107 b\u0119dzie czasowa organizacja ruchu i objazdy autobus\u00f3w komunikacji miejskiej, ze wzgl\u0119d\u00f3w bezpiecze\u0144stwa ograniczony zostanie tak\u017ce ruch pieszy<\/em> \u2013 przekaza\u0142 rzecznik prasowy MZDiT Maciej Hasik.<\/p>\n\n\n\n<p><strong>Oto najwa\u017cniejsze tymczasowe rozwi\u0105zania, jakie maj\u0105 by\u0107 zastosowane na tym skrzy\u017cowaniu<\/strong>:<\/p>\n\n\n\n<ul class=\"wp-block-list\"><li> Brak mo\u017cliwo\u015bci wjazdu w Alej\u0119 Naj\u015bwi\u0119tszej Maryi Panny z al. Wolno\u015bci (niemo\u017cliwy skr\u0119t w prawo)<\/li><li>Brak mo\u017cliwo\u015bci wyjazdu z Alei Naj\u015bwi\u0119tszej Maryi Panny w al. Ko\u015bciuszki i w al. Wolno\u015bci (niemo\u017cliwy skr\u0119t w prawo i lewo)<\/li><li>Brak mo\u017cliwo\u015bci przejazdu Alej\u0105 Naj\u015bwi\u0119tszej Maryi Panny przez skrzy\u017cowanie Wolno\u015bci\/Ko\u015bciuszki w obu kierunkach (niemo\u017cliwe przejazdy na wprost)<\/li><li>Ograniczenie ruchu pieszego w obr\u0119bie skrzy\u017cowania (zgodnie z oznakowaniem i wygrodzeniem)<\/li><li>Wyznaczenie zawracania w Alei Naj\u015bwi\u0119tszej Maryi Panny dla pojazd\u00f3w mieszka\u0144c\u00f3w i zaopatrzenia jad\u0105cych od strony skrzy\u017cowania z ul. Wilsona przez pasa\u017c \u015brodkowy na wysoko\u015bci dotychczasowych przej\u015b\u0107 dla pieszych (na wysoko\u015bci Kamienicy Kupieckiej i Kwadrat\u00f3w) w kierunku skrzy\u017cowania z ul. Pi\u0142sudskiego.<\/li><\/ul>\n\n\n\n<p>\u00b7Poza powy\u017cszymi ruch w ci\u0105gu al. Naj\u015bwi\u0119tszej Maryi Panny b\u0119dzie si\u0119 odbywa\u0142 zgodnie z dotychczasow\u0105 organizacj\u0105 ruchu.<\/p>\n\n\n\n<p>&#8211; <em>Mo\u017cliwy b\u0119dzie przejazd przez skrzy\u017cowanie na osi al. Wolno\u015bci \u2013 al. Ko\u015bciuszki w obu kierunkach z zachowaniem nale\u017cytej ostro\u017cno\u015bci z powodu prac prowadzonych na przyleg\u0142ym torowisku i zwi\u0105zanych z nimi wygrodzeniami <\/em>\u2013 informuje rzecznik. &#8211; <em>Je\u015bli to mo\u017cliwe unikajmy podr\u00f3\u017cy w obr\u0119bie wyst\u0119powania utrudnie\u0144. Warto tak\u017ce pami\u0119ta\u0107, \u017ce niedogodno\u015bci w ruchu wyst\u0119puj\u0105 te\u017c na s\u0105siednich skrzy\u017cowaniach al. Ko\u015bciuszki z ul. Jasnog\u00f3rsk\u0105 i al. Wolno\u015bci z ulic\u0105 Orzechowskiego oraz wzd\u0142u\u017c ca\u0142ego placu budowy przy przebudowywanej linii w centrum miasta.<\/em><\/p>\n\n\n\n<p>Rozpocz\u0119cie prac w Alejach spowoduje oczywi\u015bcie r\u00f3wnie\u017c zmiany w kursowaniu autobus\u00f3w miejskich. Dotycz\u0105 one kilkunastu linii, kt\u00f3re kursuj\u0105 w\u0142a\u015bnie przez zamykane skrzy\u017cowanie. Chodzi o linie numer: <strong>10, 11, 12, 13, 14, 17, 21, 23, 26, 27, 31, 32, 33 i 37.<\/strong><\/p>\n\n\n\n<p>Objazdy autobus\u00f3w w zdecydowanej wi\u0119kszo\u015bci b\u0119d\u0105 odbywa\u0107 si\u0119 alejami Wolno\u015bci, Ko\u015bciuszki i Jana Paw\u0142a II w obu kierunkach. Wszelkie informacje na temat utrudnie\u0144, tymczasowych zmian, zmodyfikowanego rozk\u0142adu i rzeczywistego czasu przyjazdu danego autobusu MPK b\u0119d\u0105 dost\u0119pne na tablicach Systemu Dynamicznej Informacji Pasa\u017cerskiej. Szczeg\u00f3\u0142y w linku <a href=\"http:\/\/mzd.czest.pl\/publiczny-transport-zbiorowy\/aktualnosci-ptz\/4810-remont-torowiska-tramwajowego-w-ii-alei-najswietszej-maryi-panny-od-2-marca-2021-r\" target=\"_blank\" rel=\"noopener\">http:\/\/mzd.czest.pl\/publiczny-transport-zbiorowy\/aktualnosci-ptz\/4810-remont-torowiska-tramwajowego-w-ii-alei-najswietszej-maryi-panny-od-2-marca-2021-r<\/a><\/p>\n","protected":false},"excerpt":{"rendered":"<p>We wtorek, 2 marca rusza przebudowa najwa\u017cniejszego skrzy\u017cowania w \u015ar\u00f3dmie\u015bciu Cz\u0119stochowy \u2013 Al. NMP z alejami: Wolno\u015bci i Ko\u015bciuszki. Roboty b\u0119d\u0105 prowadzone na torowisku.<\/p>\n","protected":false},"author":7,"featured_media":26752,"comment_status":"open","ping_status":"open","sticky":false,"template":"","format":"standard","meta":{"_monsterinsights_skip_tracking":false,"_monsterinsights_sitenote_active":false,"_monsterinsights_sitenote_note":"","_monsterinsights_sitenote_category":0,"_uf_show_specific_survey":0,"_uf_disable_surveys":false,"footnotes":""},"categories":[94,3,2],"tags":[],"class_list":["post-34683","post","type-post","status-publish","format-standard","has-post-thumbnail","hentry","category-polecane","category-czestochowa-informacje","category-wiadomosci"],"_links":{"self":[{"href":"https:\/\/gazetaregionalna.com\/index.php?rest_route=\/wp\/v2\/posts\/34683","targetHints":{"allow":["GET"]}}],"collection":[{"href":"https:\/\/gazetaregionalna.com\/index.php?rest_route=\/wp\/v2\/posts"}],"about":[{"href":"https:\/\/gazetaregionalna.com\/index.php?rest_route=\/wp\/v2\/types\/post"}],"author":[{"embeddable":true,"href":"https:\/\/gazetaregionalna.com\/index.php?rest_route=\/wp\/v2\/users\/7"}],"replies":[{"embeddable":true,"href":"https:\/\/gazetaregionalna.com\/index.php?rest_route=%2Fwp%2Fv2%2Fcomments&post=34683"}],"version-history":[{"count":4,"href":"https:\/\/gazetaregionalna.com\/index.php?rest_route=\/wp\/v2\/posts\/34683\/revisions"}],"predecessor-version":[{"id":34705,"href":"https:\/\/gazetaregionalna.com\/index.php?rest_route=\/wp\/v2\/posts\/34683\/revisions\/34705"}],"wp:featuredmedia":[{"embeddable":true,"href":"https:\/\/gazetaregionalna.com\/index.php?rest_route=\/wp\/v2\/media\/26752"}],"wp:attachment":[{"href":"https:\/\/gazetaregionalna.com\/index.php?rest_route=%2Fwp%2Fv2%2Fmedia&parent=34683"}],"wp:term":[{"taxonomy":"category","embeddable":true,"href":"https:\/\/gazetaregionalna.com\/index.php?rest_route=%2Fwp%2Fv2%2Fcategories&post=34683"},{"taxonomy":"post_tag","embeddable":true,"href":"https:\/\/gazetaregionalna.com\/index.php?rest_route=%2Fwp%2Fv2%2Ftags&post=34683"}],"curies":[{"name":"wp","href":"https:\/\/api.w.org\/{rel}","templated":true}]}}