{"id":34640,"date":"2021-02-26T06:00:00","date_gmt":"2021-02-26T06:00:00","guid":{"rendered":"https:\/\/gazetaregionalna.com\/?p=34640"},"modified":"2021-02-26T07:45:33","modified_gmt":"2021-02-26T07:45:33","slug":"adoptuj-mnie-5","status":"publish","type":"post","link":"https:\/\/gazetaregionalna.com\/?p=34640","title":{"rendered":"Adoptuj mnie"},"content":{"rendered":"\n<h2 class=\"wp-block-heading\">Razem ze Stowarzyszeniem Cz\u0119stochowa dla Zwierz\u0105t oraz Schroniskiem dla Zwierz\u0105t w Cz\u0119stochowie nie ustajemy w wysi\u0142kach, aby znale\u017a\u0107 domy dla cudownych, porzuconych czworonog\u00f3w.<\/h2>\n\n\n\n<p>Dzisiaj prezentujemy kolejne psy i koty, kt\u00f3re czekaj\u0105 na nowego w\u0142a\u015bciciela. Je\u015bli nie mo\u017cesz da\u0107 im domu, udost\u0119pniaj wiadomo\u015b\u0107, niech dotrze do jak najwi\u0119kszej liczby os\u00f3b. Gdzie\u015b na pewno jest kto\u015b, kto pokocha te cudowne zwierzaki.<\/p>\n\n\n\n<p><strong>Franek&nbsp;<\/strong>(ur. 2009 )<\/p>\n\n\n\n<figure class=\"wp-block-image size-large\"><img decoding=\"async\" width=\"800\" height=\"533\" data-src=\"https:\/\/gazetaregionalna.com\/wp-content\/uploads\/2021\/02\/Franem3.jpg\" alt=\"\" class=\"wp-image-34646 lazyload\" data-srcset=\"https:\/\/gazetaregionalna.com\/wp-content\/uploads\/2021\/02\/Franem3.jpg 800w, https:\/\/gazetaregionalna.com\/wp-content\/uploads\/2021\/02\/Franem3-300x200.jpg 300w, https:\/\/gazetaregionalna.com\/wp-content\/uploads\/2021\/02\/Franem3-768x512.jpg 768w, https:\/\/gazetaregionalna.com\/wp-content\/uploads\/2021\/02\/Franem3-696x464.jpg 696w, https:\/\/gazetaregionalna.com\/wp-content\/uploads\/2021\/02\/Franem3-630x420.jpg 630w\" data-sizes=\"(max-width: 800px) 100vw, 800px\" src=\"data:image\/svg+xml;base64,PHN2ZyB3aWR0aD0iMSIgaGVpZ2h0PSIxIiB4bWxucz0iaHR0cDovL3d3dy53My5vcmcvMjAwMC9zdmciPjwvc3ZnPg==\" style=\"--smush-placeholder-width: 800px; --smush-placeholder-aspect-ratio: 800\/533;\" \/><\/figure>\n\n\n\n<p>To starszy piesek, \u015bredniej wielko\u015bci, kt\u00f3ry potrzebuje bardzo odpowiedzialnego opiekuna i indywidualnego, spokojnego podej\u015bcia. Akceptuje tylko wybrane osoby. Jest sympatycznym, pogodnym pieskiem,&nbsp; bardzo lubi spacery. Je\u017celi komu\u015b zaufa to lubi by\u0107 g\u0142askany i czesany, ale niekoniecznie podczas spaceru, gdy\u017c wtedy jest bardzo skupiony. Je\u017celi kto\u015b przekroczy jego granice, mo\u017ce wykazywa\u0107 agresj\u0119, dlatego przed planowan\u0105 adopcj\u0105 konieczny jest wcze\u015bniejszy kontakt z biurem Schroniska i odbycie wielu spacer\u00f3w zapoznawczych celem poznania pieska. Franek nie nadaje si\u0119 do domu z ma\u0142ymi dzie\u0107mi.&nbsp;Po adopcji konieczne b\u0119dzie nawi\u0105zanie wsp\u00f3\u0142pracy z behawioryst\u0105. Obowi\u0105zuje kontrola przedadopcyjna.<\/p>\n\n\n\n<figure class=\"wp-block-image size-large\"><img decoding=\"async\" width=\"800\" height=\"500\" data-src=\"https:\/\/gazetaregionalna.com\/wp-content\/uploads\/2021\/02\/Franem1.jpg\" alt=\"\" class=\"wp-image-34647 lazyload\" data-srcset=\"https:\/\/gazetaregionalna.com\/wp-content\/uploads\/2021\/02\/Franem1.jpg 800w, https:\/\/gazetaregionalna.com\/wp-content\/uploads\/2021\/02\/Franem1-300x188.jpg 300w, https:\/\/gazetaregionalna.com\/wp-content\/uploads\/2021\/02\/Franem1-768x480.jpg 768w, https:\/\/gazetaregionalna.com\/wp-content\/uploads\/2021\/02\/Franem1-696x435.jpg 696w, https:\/\/gazetaregionalna.com\/wp-content\/uploads\/2021\/02\/Franem1-672x420.jpg 672w\" data-sizes=\"(max-width: 800px) 100vw, 800px\" src=\"data:image\/svg+xml;base64,PHN2ZyB3aWR0aD0iMSIgaGVpZ2h0PSIxIiB4bWxucz0iaHR0cDovL3d3dy53My5vcmcvMjAwMC9zdmciPjwvc3ZnPg==\" style=\"--smush-placeholder-width: 800px; --smush-placeholder-aspect-ratio: 800\/500;\" \/><\/figure>\n\n\n\n<p>Franek trafi\u0142 do Schroniska dnia 06.06.2019 r.<\/p>\n\n\n\n<p>Numer karty:&nbsp;<strong>292\/1,&nbsp; boks:&nbsp;D 2<\/strong><\/p>\n\n\n\n<figure class=\"wp-block-image size-large\"><img decoding=\"async\" width=\"800\" height=\"533\" data-src=\"https:\/\/gazetaregionalna.com\/wp-content\/uploads\/2021\/02\/Franem2.jpg\" alt=\"\" class=\"wp-image-34648 lazyload\" data-srcset=\"https:\/\/gazetaregionalna.com\/wp-content\/uploads\/2021\/02\/Franem2.jpg 800w, https:\/\/gazetaregionalna.com\/wp-content\/uploads\/2021\/02\/Franem2-300x200.jpg 300w, https:\/\/gazetaregionalna.com\/wp-content\/uploads\/2021\/02\/Franem2-768x512.jpg 768w, https:\/\/gazetaregionalna.com\/wp-content\/uploads\/2021\/02\/Franem2-696x464.jpg 696w, https:\/\/gazetaregionalna.com\/wp-content\/uploads\/2021\/02\/Franem2-630x420.jpg 630w\" data-sizes=\"(max-width: 800px) 100vw, 800px\" src=\"data:image\/svg+xml;base64,PHN2ZyB3aWR0aD0iMSIgaGVpZ2h0PSIxIiB4bWxucz0iaHR0cDovL3d3dy53My5vcmcvMjAwMC9zdmciPjwvc3ZnPg==\" style=\"--smush-placeholder-width: 800px; --smush-placeholder-aspect-ratio: 800\/533;\" \/><\/figure>\n\n\n\n<p><strong>Socha <\/strong><strong>(<\/strong>ur. 2007)<\/p>\n\n\n\n<figure class=\"wp-block-image size-large\"><img decoding=\"async\" width=\"650\" height=\"533\" data-src=\"https:\/\/gazetaregionalna.com\/wp-content\/uploads\/2021\/02\/Socha1.jpg\" alt=\"\" class=\"wp-image-34649 lazyload\" data-srcset=\"https:\/\/gazetaregionalna.com\/wp-content\/uploads\/2021\/02\/Socha1.jpg 650w, https:\/\/gazetaregionalna.com\/wp-content\/uploads\/2021\/02\/Socha1-300x246.jpg 300w, https:\/\/gazetaregionalna.com\/wp-content\/uploads\/2021\/02\/Socha1-512x420.jpg 512w\" data-sizes=\"(max-width: 650px) 100vw, 650px\" src=\"data:image\/svg+xml;base64,PHN2ZyB3aWR0aD0iMSIgaGVpZ2h0PSIxIiB4bWxucz0iaHR0cDovL3d3dy53My5vcmcvMjAwMC9zdmciPjwvc3ZnPg==\" style=\"--smush-placeholder-width: 650px; --smush-placeholder-aspect-ratio: 650\/533;\" \/><\/figure>\n\n\n\n<p>Zosta\u0142a odebrana w\u0142a\u015bcicielom. To sympatyczna, grzeczna i przyjazna sunia. Og\u00f3lnie raczej zdystansowana i nie natarczywa, ale przy nowym w\u0142a\u015bcicielu na pewno stanie si\u0119 bardziej otwarta. Na spacerach nie ci\u0105gnie i nie szarpie dlatego b\u0119dzie idealnym kompanem dla ka\u017cdego, kto zechce j\u0105 pokocha\u0107 i da\u0107 jej dom. Czeka na now\u0105 szans\u0119 od 06.01.2012 r. (!!!)<\/p>\n\n\n\n<figure class=\"wp-block-image size-large\"><img decoding=\"async\" width=\"650\" height=\"524\" data-src=\"https:\/\/gazetaregionalna.com\/wp-content\/uploads\/2021\/02\/Socha2.jpg\" alt=\"\" class=\"wp-image-34650 lazyload\" data-srcset=\"https:\/\/gazetaregionalna.com\/wp-content\/uploads\/2021\/02\/Socha2.jpg 650w, https:\/\/gazetaregionalna.com\/wp-content\/uploads\/2021\/02\/Socha2-300x242.jpg 300w, https:\/\/gazetaregionalna.com\/wp-content\/uploads\/2021\/02\/Socha2-521x420.jpg 521w\" data-sizes=\"(max-width: 650px) 100vw, 650px\" src=\"data:image\/svg+xml;base64,PHN2ZyB3aWR0aD0iMSIgaGVpZ2h0PSIxIiB4bWxucz0iaHR0cDovL3d3dy53My5vcmcvMjAwMC9zdmciPjwvc3ZnPg==\" style=\"--smush-placeholder-width: 650px; --smush-placeholder-aspect-ratio: 650\/524;\" \/><\/figure>\n\n\n\n<p>Niestety u Sochy zdiagnozowano zmiany rozrostowe w obr\u0119bie w\u0105troby, sunia potrzebuje spokojnego domu. W\u0142a\u015bciciel musi liczy\u0107 si\u0119 z mo\u017cliwo\u015bci\u0105 nag\u0142ego pogorszenia stanu zdrowia. Obecnie Socha czuje si\u0119 dobrze, wyniki ma prawid\u0142owe. Szuka domu odpowiedzialnego \u2013 jest przeznaczona do adopcji warunkowej. Przed planowan\u0105 adopcj\u0105 konieczny b\u0119dzie kontakt ze schroniskowym lekarzem weterynarii.<\/p>\n\n\n\n<figure class=\"wp-block-image size-large\"><img decoding=\"async\" width=\"650\" height=\"456\" data-src=\"https:\/\/gazetaregionalna.com\/wp-content\/uploads\/2021\/02\/Socha3.jpg\" alt=\"\" class=\"wp-image-34651 lazyload\" data-srcset=\"https:\/\/gazetaregionalna.com\/wp-content\/uploads\/2021\/02\/Socha3.jpg 650w, https:\/\/gazetaregionalna.com\/wp-content\/uploads\/2021\/02\/Socha3-300x210.jpg 300w, https:\/\/gazetaregionalna.com\/wp-content\/uploads\/2021\/02\/Socha3-599x420.jpg 599w, https:\/\/gazetaregionalna.com\/wp-content\/uploads\/2021\/02\/Socha3-100x70.jpg 100w\" data-sizes=\"(max-width: 650px) 100vw, 650px\" src=\"data:image\/svg+xml;base64,PHN2ZyB3aWR0aD0iMSIgaGVpZ2h0PSIxIiB4bWxucz0iaHR0cDovL3d3dy53My5vcmcvMjAwMC9zdmciPjwvc3ZnPg==\" style=\"--smush-placeholder-width: 650px; --smush-placeholder-aspect-ratio: 650\/456;\" \/><\/figure>\n\n\n\n<p>Numer karty:&nbsp;<strong>23\/12,&nbsp; boks:&nbsp;O 6<\/strong><\/p>\n\n\n\n<p><strong>Kontakt w sprawie adopcji: Schronisko dla Bezdomnych Zwierz\u0105t w Cz\u0119stochowie ul. Gilowa 44\/46 tel. 34 361-65-66<\/strong><\/p>\n\n\n\n<p><strong>JASKIER ur. 2019 , nr 57\/20, w schronisku od 23.04.2020r.&nbsp;<\/strong><\/p>\n\n\n\n<figure class=\"wp-block-image size-large\"><img decoding=\"async\" width=\"768\" height=\"1024\" data-src=\"https:\/\/gazetaregionalna.com\/wp-content\/uploads\/2021\/02\/Jaskier1-768x1024.jpg\" alt=\"\" class=\"wp-image-34653 lazyload\" data-srcset=\"https:\/\/gazetaregionalna.com\/wp-content\/uploads\/2021\/02\/Jaskier1-768x1024.jpg 768w, https:\/\/gazetaregionalna.com\/wp-content\/uploads\/2021\/02\/Jaskier1-225x300.jpg 225w, https:\/\/gazetaregionalna.com\/wp-content\/uploads\/2021\/02\/Jaskier1-1152x1536.jpg 1152w, https:\/\/gazetaregionalna.com\/wp-content\/uploads\/2021\/02\/Jaskier1-696x928.jpg 696w, https:\/\/gazetaregionalna.com\/wp-content\/uploads\/2021\/02\/Jaskier1-1068x1424.jpg 1068w, https:\/\/gazetaregionalna.com\/wp-content\/uploads\/2021\/02\/Jaskier1-315x420.jpg 315w, https:\/\/gazetaregionalna.com\/wp-content\/uploads\/2021\/02\/Jaskier1.jpg 1200w\" data-sizes=\"(max-width: 768px) 100vw, 768px\" src=\"data:image\/svg+xml;base64,PHN2ZyB3aWR0aD0iMSIgaGVpZ2h0PSIxIiB4bWxucz0iaHR0cDovL3d3dy53My5vcmcvMjAwMC9zdmciPjwvc3ZnPg==\" style=\"--smush-placeholder-width: 768px; --smush-placeholder-aspect-ratio: 768\/1024;\" \/><\/figure>\n\n\n\n<p><br>Pi\u0119kny, du\u017cy kocur. Jego \u015bliczny pyszczek i pi\u0119kne oczy urzekaj\u0105 od pierwszego spojrzenia. Trafi\u0142 do schroniska w kwietniu. My, wolontariuszki,&nbsp;pozna\u0142y\u015bmy go dopiero na pocz\u0105tku lipca. Jaskier nie lubi zamkni\u0119cia w ma\u0142ym boksie, denerwuje si\u0119 bardzo, odgania inne koty, nie rozumie &#8211; dlaczego tu jest i dlaczego musi godzi\u0107 si\u0119 na obecno\u015b\u0107 nieznanych sobie towarzyszy. <\/p>\n\n\n\n<figure class=\"wp-block-image size-large\"><img decoding=\"async\" width=\"768\" height=\"1024\" data-src=\"https:\/\/gazetaregionalna.com\/wp-content\/uploads\/2021\/02\/Jaskier2-768x1024.jpg\" alt=\"\" class=\"wp-image-34655 lazyload\" data-srcset=\"https:\/\/gazetaregionalna.com\/wp-content\/uploads\/2021\/02\/Jaskier2-768x1024.jpg 768w, https:\/\/gazetaregionalna.com\/wp-content\/uploads\/2021\/02\/Jaskier2-225x300.jpg 225w, https:\/\/gazetaregionalna.com\/wp-content\/uploads\/2021\/02\/Jaskier2-1152x1536.jpg 1152w, https:\/\/gazetaregionalna.com\/wp-content\/uploads\/2021\/02\/Jaskier2-696x928.jpg 696w, https:\/\/gazetaregionalna.com\/wp-content\/uploads\/2021\/02\/Jaskier2-1068x1424.jpg 1068w, https:\/\/gazetaregionalna.com\/wp-content\/uploads\/2021\/02\/Jaskier2-315x420.jpg 315w, https:\/\/gazetaregionalna.com\/wp-content\/uploads\/2021\/02\/Jaskier2.jpg 1200w\" data-sizes=\"(max-width: 768px) 100vw, 768px\" src=\"data:image\/svg+xml;base64,PHN2ZyB3aWR0aD0iMSIgaGVpZ2h0PSIxIiB4bWxucz0iaHR0cDovL3d3dy53My5vcmcvMjAwMC9zdmciPjwvc3ZnPg==\" style=\"--smush-placeholder-width: 768px; --smush-placeholder-aspect-ratio: 768\/1024;\" \/><\/figure>\n\n\n\n<p>Na pewno nie pomaga te\u017c sytuacja zdrowotna jego przedniej \u0142apy &#8211;&nbsp;nawykowe nadwichni\u0119cie w obr\u0119bie stawu ramiennego, kt\u00f3re objawia si\u0119 okresow\u0105 kulawizn\u0105. Zmian w badaniu rentgenowskim nie stwierdzono. Kot wymaga, przy wyst\u0105pieniu kulawizny, ograniczenia ruchu i podawania lek\u00f3w przeciwzapalnych. Na ka\u017cde wasze pytanie, dotycz\u0105ce kocurka odpowie lek. wet. Anna Kwapie\u0144, kt\u00f3ra opiekuje si\u0119 Jaskrem w schronisku.&nbsp;<\/p>\n\n\n\n<p>Zapraszamy r\u00f3zwnie\u017c do kontaktu z wolontariuszkami:&nbsp;500 227 808&nbsp;<a href=\"https:\/\/www.facebook.com\/kotyzeschroniska\/\" target=\"_blank\" rel=\"noopener\">https:\/\/www.facebook.com\/kotyzeschroniska\/<\/a><\/p>\n\n\n\n<p>Robimy wszystko, by zapewni\u0107 mu cho\u0107 odrobin\u0119 ciep\u0142a i spokoju. Ale dobrze wiemy, \u017ce tylko w\u0142asny, m\u0105dry dom b\u0119dzie lekarstwem na ca\u0142e z\u0142o, jakie do tej pory spotka\u0142o pi\u0119knego kocura, o r\u00f3wnie pi\u0119knym imieniu. We w\u0142asnym, kochaj\u0105cym domu schroniskowe zwierz\u0119ta rozkwitaj\u0105, jak kwiaty&#8230;<\/p>\n\n\n\n<figure class=\"wp-block-image size-large\"><img decoding=\"async\" width=\"768\" height=\"1024\" data-src=\"https:\/\/gazetaregionalna.com\/wp-content\/uploads\/2021\/02\/Jaskier3-768x1024.jpg\" alt=\"\" class=\"wp-image-34656 lazyload\" data-srcset=\"https:\/\/gazetaregionalna.com\/wp-content\/uploads\/2021\/02\/Jaskier3-768x1024.jpg 768w, https:\/\/gazetaregionalna.com\/wp-content\/uploads\/2021\/02\/Jaskier3-225x300.jpg 225w, https:\/\/gazetaregionalna.com\/wp-content\/uploads\/2021\/02\/Jaskier3-1152x1536.jpg 1152w, https:\/\/gazetaregionalna.com\/wp-content\/uploads\/2021\/02\/Jaskier3-696x928.jpg 696w, https:\/\/gazetaregionalna.com\/wp-content\/uploads\/2021\/02\/Jaskier3-1068x1424.jpg 1068w, https:\/\/gazetaregionalna.com\/wp-content\/uploads\/2021\/02\/Jaskier3-315x420.jpg 315w, https:\/\/gazetaregionalna.com\/wp-content\/uploads\/2021\/02\/Jaskier3.jpg 1200w\" data-sizes=\"(max-width: 768px) 100vw, 768px\" src=\"data:image\/svg+xml;base64,PHN2ZyB3aWR0aD0iMSIgaGVpZ2h0PSIxIiB4bWxucz0iaHR0cDovL3d3dy53My5vcmcvMjAwMC9zdmciPjwvc3ZnPg==\" style=\"--smush-placeholder-width: 768px; --smush-placeholder-aspect-ratio: 768\/1024;\" \/><\/figure>\n\n\n\n<p><strong>Kontakt w sprawie adopcji: Schronisko Dla Bezdomnych Zwierz\u0105t w Cz\u0119stochowie, ul. Gilowa 44\/46; tel. 34 361 65 66;&nbsp;<\/strong><a href=\"https:\/\/schroniskoczestochowa.pl\/\" target=\"_blank\" rel=\"noopener\"><strong>https:\/\/schroniskoczestochowa.pl\/<\/strong><\/a><\/p>\n\n\n\n<p><br><strong>Nimfa (ur. 2018 )<\/strong><\/p>\n\n\n\n<figure class=\"wp-block-image size-large\"><img decoding=\"async\" width=\"768\" height=\"1024\" data-src=\"https:\/\/gazetaregionalna.com\/wp-content\/uploads\/2021\/02\/Nimfa1-768x1024.jpg\" alt=\"\" class=\"wp-image-34658 lazyload\" data-srcset=\"https:\/\/gazetaregionalna.com\/wp-content\/uploads\/2021\/02\/Nimfa1-768x1024.jpg 768w, https:\/\/gazetaregionalna.com\/wp-content\/uploads\/2021\/02\/Nimfa1-225x300.jpg 225w, https:\/\/gazetaregionalna.com\/wp-content\/uploads\/2021\/02\/Nimfa1-1152x1536.jpg 1152w, https:\/\/gazetaregionalna.com\/wp-content\/uploads\/2021\/02\/Nimfa1-696x928.jpg 696w, https:\/\/gazetaregionalna.com\/wp-content\/uploads\/2021\/02\/Nimfa1-1068x1424.jpg 1068w, https:\/\/gazetaregionalna.com\/wp-content\/uploads\/2021\/02\/Nimfa1-315x420.jpg 315w, https:\/\/gazetaregionalna.com\/wp-content\/uploads\/2021\/02\/Nimfa1.jpg 1200w\" data-sizes=\"(max-width: 768px) 100vw, 768px\" src=\"data:image\/svg+xml;base64,PHN2ZyB3aWR0aD0iMSIgaGVpZ2h0PSIxIiB4bWxucz0iaHR0cDovL3d3dy53My5vcmcvMjAwMC9zdmciPjwvc3ZnPg==\" style=\"--smush-placeholder-width: 768px; --smush-placeholder-aspect-ratio: 768\/1024;\" \/><\/figure>\n\n\n\n<p><strong>T<\/strong>o pi\u0119kna i delikatna kotka. Niestety jest jeszcze dosy\u0107 mocno wystraszona, boi si\u0119 nowych os\u00f3b i sytuacji. B\u0119dzie potrzebowa\u0142a bardzo wyrozumia\u0142ego, odpowiedzialnego i cierpliwego domu, kt\u00f3ry zdob\u0119dzie jej zaufanie i da jej szans\u0119 na nowe \u017cycie.<br>Trafi\u0142a do Schroniska dnia 20.05.2020 r.<\/p>\n\n\n\n<figure class=\"wp-block-image size-large\"><img decoding=\"async\" width=\"768\" height=\"1024\" data-src=\"https:\/\/gazetaregionalna.com\/wp-content\/uploads\/2021\/02\/Nimfa12-768x1024.jpg\" alt=\"\" class=\"wp-image-34659 lazyload\" data-srcset=\"https:\/\/gazetaregionalna.com\/wp-content\/uploads\/2021\/02\/Nimfa12-768x1024.jpg 768w, https:\/\/gazetaregionalna.com\/wp-content\/uploads\/2021\/02\/Nimfa12-225x300.jpg 225w, https:\/\/gazetaregionalna.com\/wp-content\/uploads\/2021\/02\/Nimfa12-1152x1536.jpg 1152w, https:\/\/gazetaregionalna.com\/wp-content\/uploads\/2021\/02\/Nimfa12-696x928.jpg 696w, https:\/\/gazetaregionalna.com\/wp-content\/uploads\/2021\/02\/Nimfa12-1068x1424.jpg 1068w, https:\/\/gazetaregionalna.com\/wp-content\/uploads\/2021\/02\/Nimfa12-315x420.jpg 315w, https:\/\/gazetaregionalna.com\/wp-content\/uploads\/2021\/02\/Nimfa12.jpg 1200w\" data-sizes=\"(max-width: 768px) 100vw, 768px\" src=\"data:image\/svg+xml;base64,PHN2ZyB3aWR0aD0iMSIgaGVpZ2h0PSIxIiB4bWxucz0iaHR0cDovL3d3dy53My5vcmcvMjAwMC9zdmciPjwvc3ZnPg==\" style=\"--smush-placeholder-width: 768px; --smush-placeholder-aspect-ratio: 768\/1024;\" \/><\/figure>\n\n\n\n<p>&nbsp;<strong>nr karty: 68\/20, boks: DK LS 4<\/strong><\/p>\n\n\n\n<p>Kontakt w sprawie adopcji:<\/p>\n\n\n\n<p><strong>Schronisko dla Bezdomnych Zwierz\u0105t w Cz\u0119stochowie ul. Gilowa 44\/46 tel. 34 361-65-66<\/strong><\/p>\n\n\n\n<figure class=\"wp-block-image size-large\"><img decoding=\"async\" width=\"768\" height=\"1024\" data-src=\"https:\/\/gazetaregionalna.com\/wp-content\/uploads\/2021\/02\/Nimfa14-768x1024.jpg\" alt=\"\" class=\"wp-image-34661 lazyload\" data-srcset=\"https:\/\/gazetaregionalna.com\/wp-content\/uploads\/2021\/02\/Nimfa14-768x1024.jpg 768w, https:\/\/gazetaregionalna.com\/wp-content\/uploads\/2021\/02\/Nimfa14-225x300.jpg 225w, https:\/\/gazetaregionalna.com\/wp-content\/uploads\/2021\/02\/Nimfa14-1152x1536.jpg 1152w, https:\/\/gazetaregionalna.com\/wp-content\/uploads\/2021\/02\/Nimfa14-696x928.jpg 696w, https:\/\/gazetaregionalna.com\/wp-content\/uploads\/2021\/02\/Nimfa14-1068x1424.jpg 1068w, https:\/\/gazetaregionalna.com\/wp-content\/uploads\/2021\/02\/Nimfa14-315x420.jpg 315w, https:\/\/gazetaregionalna.com\/wp-content\/uploads\/2021\/02\/Nimfa14.jpg 1200w\" data-sizes=\"(max-width: 768px) 100vw, 768px\" src=\"data:image\/svg+xml;base64,PHN2ZyB3aWR0aD0iMSIgaGVpZ2h0PSIxIiB4bWxucz0iaHR0cDovL3d3dy53My5vcmcvMjAwMC9zdmciPjwvc3ZnPg==\" style=\"--smush-placeholder-width: 768px; --smush-placeholder-aspect-ratio: 768\/1024;\" \/><\/figure>\n","protected":false},"excerpt":{"rendered":"<p>Razem ze Stowarzyszeniem Cz\u0119stochowa dla Zwierz\u0105t oraz Schroniskiem dla Zwierz\u0105t w Cz\u0119stochowie nie ustajemy w wysi\u0142kach, aby znale\u017a\u0107 domy dla cudownych, porzuconych czworonog\u00f3w. Dzisiaj<\/p>\n","protected":false},"author":7,"featured_media":34660,"comment_status":"open","ping_status":"open","sticky":false,"template":"","format":"standard","meta":{"_monsterinsights_skip_tracking":false,"_monsterinsights_sitenote_active":false,"_monsterinsights_sitenote_note":"","_monsterinsights_sitenote_category":0,"_uf_show_specific_survey":0,"_uf_disable_surveys":false,"footnotes":""},"categories":[94,3,2],"tags":[],"class_list":["post-34640","post","type-post","status-publish","format-standard","has-post-thumbnail","hentry","category-polecane","category-czestochowa-informacje","category-wiadomosci"],"_links":{"self":[{"href":"https:\/\/gazetaregionalna.com\/index.php?rest_route=\/wp\/v2\/posts\/34640","targetHints":{"allow":["GET"]}}],"collection":[{"href":"https:\/\/gazetaregionalna.com\/index.php?rest_route=\/wp\/v2\/posts"}],"about":[{"href":"https:\/\/gazetaregionalna.com\/index.php?rest_route=\/wp\/v2\/types\/post"}],"author":[{"embeddable":true,"href":"https:\/\/gazetaregionalna.com\/index.php?rest_route=\/wp\/v2\/users\/7"}],"replies":[{"embeddable":true,"href":"https:\/\/gazetaregionalna.com\/index.php?rest_route=%2Fwp%2Fv2%2Fcomments&post=34640"}],"version-history":[{"count":7,"href":"https:\/\/gazetaregionalna.com\/index.php?rest_route=\/wp\/v2\/posts\/34640\/revisions"}],"predecessor-version":[{"id":34735,"href":"https:\/\/gazetaregionalna.com\/index.php?rest_route=\/wp\/v2\/posts\/34640\/revisions\/34735"}],"wp:featuredmedia":[{"embeddable":true,"href":"https:\/\/gazetaregionalna.com\/index.php?rest_route=\/wp\/v2\/media\/34660"}],"wp:attachment":[{"href":"https:\/\/gazetaregionalna.com\/index.php?rest_route=%2Fwp%2Fv2%2Fmedia&parent=34640"}],"wp:term":[{"taxonomy":"category","embeddable":true,"href":"https:\/\/gazetaregionalna.com\/index.php?rest_route=%2Fwp%2Fv2%2Fcategories&post=34640"},{"taxonomy":"post_tag","embeddable":true,"href":"https:\/\/gazetaregionalna.com\/index.php?rest_route=%2Fwp%2Fv2%2Ftags&post=34640"}],"curies":[{"name":"wp","href":"https:\/\/api.w.org\/{rel}","templated":true}]}}