{"id":34615,"date":"2021-02-24T18:43:00","date_gmt":"2021-02-24T18:43:00","guid":{"rendered":"https:\/\/gazetaregionalna.com\/?p=34615"},"modified":"2021-02-24T18:43:02","modified_gmt":"2021-02-24T18:43:02","slug":"rakow-w-piatek-gra-z-podbeskidziem-trzeba-koniecznie-wygrac","status":"publish","type":"post","link":"https:\/\/gazetaregionalna.com\/?p=34615","title":{"rendered":"Rak\u00f3w w pi\u0105tek gra z Podbeskidziem. Trzeba koniecznie wygra\u0107"},"content":{"rendered":"\n<p>Pi\u0142karze Rakowa po niedzielnej wygranej w Lubinie z Zag\u0142\u0119biem 2:1 w pi\u0105tek b\u0119d\u0105 celowa\u0107 w zwyci\u0119stwo z Podbeskidziem Bielsko-Bia\u0142a.<\/p>\n\n\n\n<p>Cz\u0119stochowianie w miniony weekend prze\u0142amali si\u0119 w Lubinie i pokonali Zag\u0142\u0119bie 2:1. Co prawda gospodarze prowadzili po golu Szysza, ale p\u00f3\u017aniej Ivi Lopez wyr\u00f3wna\u0142 na 1:1, a w ko\u0144c\u00f3wce cz\u0119stochowianie przy pomocy gospodarzy zdobyli bramk\u0119 na 2:1 i wag\u0119 3 punkt\u00f3w.<\/p>\n\n\n\n<p>W pi\u0105tek Rak\u00f3w ma szans\u0119 na drugie zwyci\u0119stwo w 2021 roku, kt\u00f3re jest bardzo potrzebne. Cz\u0119stochowianie podejmuj\u0105 Podbeskidzie Bielsko-Bia\u0142a. Patrz\u0105c na tabel\u0119 to 3. Rak\u00f3w nie powinien mie\u0107 problem\u00f3w z 15. w tabeli Podbeskidziem Bielsko-Bia\u0142a. To tyle w teorii. Rok 2021 jest r\u00f3\u017cny dla Rakowa i Podbeskidzia.<\/p>\n\n\n\n<p>Rak\u00f3w rozpocz\u0105\u0142 2021 rok od trzech pora\u017cek: z Pogoni\u0105 Szczecin, Legi\u0105 Warszawa i niespodziewanie z Lechi\u0105 Gda\u0144sk. Dopiero w czwartym tegorocznym wyst\u0119pie czerwono-niebiescy wygrali w niedziel\u0119 w Lubinie z Zag\u0142\u0119biem i zdobyli wa\u017cne 3 punkty.<\/p>\n\n\n\n<p>Zupe\u0142nie inne nastroje panuj\u0105 w Podbeskidziu. Dru\u017cyna z Bielska-Bia\u0142ej w tym roku jeszcze&#8230; nie przegra\u0142a i dzi\u0119ki skutecznej grze opu\u015bci\u0142a ostatnie miejsce w tabeli. Podbeskidzie ogra\u0142o Legi\u0119 Warszawa, G\u00f3rnika Zabrze, a tak\u017ce zremisowa\u0142o dwa ostatnie mecze z Cracovi\u0105 i Jagielloni\u0105 Bia\u0142ystok.<\/p>\n\n\n\n<p>Kibice Rakowa maj\u0105 nadziej\u0119, \u017ce podopieczni trenera Marka Papszuna wr\u00f3cili ju\u017c na w\u0142a\u015bciwe tory i po pora\u017ckach ze \u015bcis\u0142\u0105 czo\u0142\u00f3wk\u0105 ligi zaczn\u0105 wygrywa\u0107 kolejne mecze i gromadzi\u0107 punkty. Tym bardziej, \u017ce po ostatniej kolejce Rak\u00f3w zmniejszy\u0142 strat\u0119 do lidera. Do prowadz\u0105cej Legii traci ju\u017c tylko 5 punkt\u00f3w, a do drugiej Pogoni tylko 4 \u201eoczka\u201d.<\/p>\n\n\n\n<p>Kibice Rakowa zastanawiaj\u0105 si\u0119 te\u017c, jak ze zdrowiem Vladislavsa Gutkovskisa, kt\u00f3ry w meczu z Zag\u0142\u0119biem dozna\u0142 gro\u017anie wygl\u0105daj\u0105cego urazu?<\/p>\n\n\n\n<p>Pi\u0105tkowy mecz odb\u0119dzie si\u0119 bez udzia\u0142u publiczno\u015bci.<\/p>\n\n\n\n<p>Foto: Gazeta Regionalna\/AK<\/p>\n","protected":false},"excerpt":{"rendered":"<p>Pi\u0142karze Rakowa po niedzielnej wygranej w Lubinie z Zag\u0142\u0119biem 2:1 w pi\u0105tek b\u0119d\u0105 celowa\u0107 w zwyci\u0119stwo z Podbeskidziem Bielsko-Bia\u0142a. Cz\u0119stochowianie w miniony weekend prze\u0142amali<\/p>\n","protected":false},"author":15,"featured_media":33803,"comment_status":"open","ping_status":"open","sticky":false,"template":"","format":"standard","meta":{"_monsterinsights_skip_tracking":false,"_monsterinsights_sitenote_active":false,"_monsterinsights_sitenote_note":"","_monsterinsights_sitenote_category":0,"_uf_show_specific_survey":0,"_uf_disable_surveys":false,"footnotes":""},"categories":[5,6,94],"tags":[],"class_list":["post-34615","post","type-post","status-publish","format-standard","has-post-thumbnail","hentry","category-sport","category-pilka-nozna","category-polecane"],"_links":{"self":[{"href":"https:\/\/gazetaregionalna.com\/index.php?rest_route=\/wp\/v2\/posts\/34615","targetHints":{"allow":["GET"]}}],"collection":[{"href":"https:\/\/gazetaregionalna.com\/index.php?rest_route=\/wp\/v2\/posts"}],"about":[{"href":"https:\/\/gazetaregionalna.com\/index.php?rest_route=\/wp\/v2\/types\/post"}],"author":[{"embeddable":true,"href":"https:\/\/gazetaregionalna.com\/index.php?rest_route=\/wp\/v2\/users\/15"}],"replies":[{"embeddable":true,"href":"https:\/\/gazetaregionalna.com\/index.php?rest_route=%2Fwp%2Fv2%2Fcomments&post=34615"}],"version-history":[{"count":1,"href":"https:\/\/gazetaregionalna.com\/index.php?rest_route=\/wp\/v2\/posts\/34615\/revisions"}],"predecessor-version":[{"id":34616,"href":"https:\/\/gazetaregionalna.com\/index.php?rest_route=\/wp\/v2\/posts\/34615\/revisions\/34616"}],"wp:featuredmedia":[{"embeddable":true,"href":"https:\/\/gazetaregionalna.com\/index.php?rest_route=\/wp\/v2\/media\/33803"}],"wp:attachment":[{"href":"https:\/\/gazetaregionalna.com\/index.php?rest_route=%2Fwp%2Fv2%2Fmedia&parent=34615"}],"wp:term":[{"taxonomy":"category","embeddable":true,"href":"https:\/\/gazetaregionalna.com\/index.php?rest_route=%2Fwp%2Fv2%2Fcategories&post=34615"},{"taxonomy":"post_tag","embeddable":true,"href":"https:\/\/gazetaregionalna.com\/index.php?rest_route=%2Fwp%2Fv2%2Ftags&post=34615"}],"curies":[{"name":"wp","href":"https:\/\/api.w.org\/{rel}","templated":true}]}}