{"id":34613,"date":"2021-02-24T18:03:48","date_gmt":"2021-02-24T18:03:48","guid":{"rendered":"https:\/\/gazetaregionalna.com\/?p=34613"},"modified":"2021-02-24T18:04:45","modified_gmt":"2021-02-24T18:04:45","slug":"juz-w-piatek-zdalna-prezentacja-wlokniarza-bedzie-mozna-zobaczyc-rakow-a-zaraz-po-meczu-prezentacje-zuzlowcow","status":"publish","type":"post","link":"https:\/\/gazetaregionalna.com\/?p=34613","title":{"rendered":"Ju\u017c w pi\u0105tek \u201ezdalna\u201d prezentacja W\u0142\u00f3kniarza. B\u0119dzie mo\u017cna zobaczy\u0107 Rak\u00f3w, a zaraz po meczu prezentacj\u0119 \u017cu\u017clowc\u00f3w&#8230;"},"content":{"rendered":"\n<p>26 lutego odb\u0119dzie si\u0119 prezentacja dru\u017cyny Eltrox W\u0142\u00f3kniarza. Nie b\u0119dzie to jednak tradycyjne spotkanie z kibicami tylko prezentacja \u201ezdalna\u201d\u2026<\/p>\n\n\n\n<p>Sytuacja epidemiczna w kraju sprawi\u0142a, \u017ce imprezy sportowe na obecn\u0105 chwil\u0119 odbywaj\u0105 si\u0119 bez udzia\u0142u publiczno\u015bci. Dlatego prezes Eltrox W\u0142\u00f3kniarza Micha\u0142 \u015awi\u0105cik wymy\u015bli\u0142, \u017ce prezentacja musi si\u0119 odby\u0107, cho\u0107 tym razem w innej formule. Prezentacja b\u0119dzie \u201ezdalna\u201d, a \u015bledzi\u0107 j\u0105 b\u0119dzie mo\u017cna za po\u015brednictwem medi\u00f3w spo\u0142eczno\u015bciowych klubu oraz w telewizji SABMARtv.<\/p>\n\n\n\n<p>Impreza ma rozpocz\u0105\u0107 si\u0119 o godzinie 19:50. Poprowadz\u0105 j\u0105 Tomasz Lorek i Ireneusz Bieleninik. Organizatorzy zaplanowali m.in.: spotkania live chat z wybranymi zawodnikami.<\/p>\n\n\n\n<p>W ostatnich dniach nast\u0105pi\u0142a zmiana godziny i prezentacja rozpocznie si\u0119 z&#8230; op\u00f3\u017anieniem. Dzi\u0119ki temu kibice Rakowa b\u0119d\u0105 mogli od godz. 18 ogl\u0105da\u0107 mecz Rakowa z Podbeskidziem Bielsko-Bia\u0142a, a tu\u017c po nim prze\u0142\u0105czy\u0107 si\u0119 na prezentacj\u0119 \u017cu\u017clowc\u00f3w Eltrox W\u0142\u00f3kniarza.<\/p>\n\n\n\n<p>Foto: Gazeta Regionalna\/AK<\/p>\n","protected":false},"excerpt":{"rendered":"<p>26 lutego odb\u0119dzie si\u0119 prezentacja dru\u017cyny Eltrox W\u0142\u00f3kniarza. Nie b\u0119dzie to jednak tradycyjne spotkanie z kibicami tylko prezentacja \u201ezdalna\u201d\u2026 Sytuacja epidemiczna w kraju sprawi\u0142a,<\/p>\n","protected":false},"author":15,"featured_media":16084,"comment_status":"open","ping_status":"open","sticky":false,"template":"","format":"standard","meta":{"_monsterinsights_skip_tracking":false,"_monsterinsights_sitenote_active":false,"_monsterinsights_sitenote_note":"","_monsterinsights_sitenote_category":0,"_uf_show_specific_survey":0,"_uf_disable_surveys":false,"footnotes":""},"categories":[5,94,7],"tags":[],"class_list":["post-34613","post","type-post","status-publish","format-standard","has-post-thumbnail","hentry","category-sport","category-polecane","category-zuzel"],"_links":{"self":[{"href":"https:\/\/gazetaregionalna.com\/index.php?rest_route=\/wp\/v2\/posts\/34613","targetHints":{"allow":["GET"]}}],"collection":[{"href":"https:\/\/gazetaregionalna.com\/index.php?rest_route=\/wp\/v2\/posts"}],"about":[{"href":"https:\/\/gazetaregionalna.com\/index.php?rest_route=\/wp\/v2\/types\/post"}],"author":[{"embeddable":true,"href":"https:\/\/gazetaregionalna.com\/index.php?rest_route=\/wp\/v2\/users\/15"}],"replies":[{"embeddable":true,"href":"https:\/\/gazetaregionalna.com\/index.php?rest_route=%2Fwp%2Fv2%2Fcomments&post=34613"}],"version-history":[{"count":1,"href":"https:\/\/gazetaregionalna.com\/index.php?rest_route=\/wp\/v2\/posts\/34613\/revisions"}],"predecessor-version":[{"id":34614,"href":"https:\/\/gazetaregionalna.com\/index.php?rest_route=\/wp\/v2\/posts\/34613\/revisions\/34614"}],"wp:featuredmedia":[{"embeddable":true,"href":"https:\/\/gazetaregionalna.com\/index.php?rest_route=\/wp\/v2\/media\/16084"}],"wp:attachment":[{"href":"https:\/\/gazetaregionalna.com\/index.php?rest_route=%2Fwp%2Fv2%2Fmedia&parent=34613"}],"wp:term":[{"taxonomy":"category","embeddable":true,"href":"https:\/\/gazetaregionalna.com\/index.php?rest_route=%2Fwp%2Fv2%2Fcategories&post=34613"},{"taxonomy":"post_tag","embeddable":true,"href":"https:\/\/gazetaregionalna.com\/index.php?rest_route=%2Fwp%2Fv2%2Ftags&post=34613"}],"curies":[{"name":"wp","href":"https:\/\/api.w.org\/{rel}","templated":true}]}}