{"id":34611,"date":"2021-02-24T17:41:12","date_gmt":"2021-02-24T17:41:12","guid":{"rendered":"https:\/\/gazetaregionalna.com\/?p=34611"},"modified":"2021-02-24T17:41:13","modified_gmt":"2021-02-24T17:41:13","slug":"wazne-mecze-siatkarek-i-siatkarzy-azs-u-czestochowa","status":"publish","type":"post","link":"https:\/\/gazetaregionalna.com\/?p=34611","title":{"rendered":"Wa\u017cne mecze siatkarek i siatkarzy AZS-u Cz\u0119stochowa"},"content":{"rendered":"\n<p>Nadchodz\u0105cy weekend b\u0119dzie niezwykle wa\u017cny i trudny dla siatkarek i siatkarzy AZS-u Cz\u0119stochowa.<\/p>\n\n\n\n<p>Siatkarze AZS-u Cz\u0119stochowa (1 liga \u015bl\u0105ska) w sobot\u0119 jad\u0105 do Radlina na mecz z G\u00f3rnikiem. Podopieczni trenera Roberta Szczerbaniuka s\u0105 na 1. miejscu w tabeli i nad 3. G\u00f3rnikiem maj\u0105 6 punkt\u00f3w przewagi. Je\u015bli AZS zagra w optymalnym sk\u0142adzie to powinien cieszy\u0107 si\u0119 z 14 zwyci\u0119stwa w sezonie.<\/p>\n\n\n\n<p>Siatkarki AZS Cz\u0119stochowa, kt\u00f3re s\u0105 liderem 2 ligi \u015bl\u0105skiej, w pi\u0105tek zagraj\u0105 z 3. w tabeli KPKS-em Halemba. AZS po 15 meczach ma na koncie 38 punkt\u00f3w, KPKS w 14 spotkaniach wywalczy\u0142 32 punkty. B\u0119dzie to niezwykle wa\u017cne spotkanie, dlatego cz\u0119stochowianki powinny je wygra\u0107 za 3 punkty, aby utrzyma\u0107 prowadzenie w tabeli i przewag\u0119 nad 2. zespo\u0142em, kt\u00f3rym jest MKS Czechowice Dziedzice.<\/p>\n\n\n\n<p>Pi\u0105tkowy mecz odb\u0119dzie si\u0119 bez udzia\u0142u publiczno\u015bci <\/p>\n\n\n\n<figure class=\"wp-block-image size-large\"><img decoding=\"async\" width=\"1024\" height=\"661\" data-src=\"https:\/\/gazetaregionalna.com\/wp-content\/uploads\/2021\/02\/AZSCzestochowa-Zabrze-1024x661.jpg\" alt=\"\" class=\"wp-image-34335 lazyload\" data-srcset=\"https:\/\/gazetaregionalna.com\/wp-content\/uploads\/2021\/02\/AZSCzestochowa-Zabrze-1024x661.jpg 1024w, https:\/\/gazetaregionalna.com\/wp-content\/uploads\/2021\/02\/AZSCzestochowa-Zabrze-300x194.jpg 300w, https:\/\/gazetaregionalna.com\/wp-content\/uploads\/2021\/02\/AZSCzestochowa-Zabrze-768x495.jpg 768w, https:\/\/gazetaregionalna.com\/wp-content\/uploads\/2021\/02\/AZSCzestochowa-Zabrze-1536x991.jpg 1536w, https:\/\/gazetaregionalna.com\/wp-content\/uploads\/2021\/02\/AZSCzestochowa-Zabrze-2048x1321.jpg 2048w, https:\/\/gazetaregionalna.com\/wp-content\/uploads\/2021\/02\/AZSCzestochowa-Zabrze-696x449.jpg 696w, https:\/\/gazetaregionalna.com\/wp-content\/uploads\/2021\/02\/AZSCzestochowa-Zabrze-1068x689.jpg 1068w, https:\/\/gazetaregionalna.com\/wp-content\/uploads\/2021\/02\/AZSCzestochowa-Zabrze-1920x1239.jpg 1920w, https:\/\/gazetaregionalna.com\/wp-content\/uploads\/2021\/02\/AZSCzestochowa-Zabrze-651x420.jpg 651w, https:\/\/gazetaregionalna.com\/wp-content\/uploads\/2021\/02\/AZSCzestochowa-Zabrze-scaled.jpg 1200w\" data-sizes=\"(max-width: 1024px) 100vw, 1024px\" src=\"data:image\/svg+xml;base64,PHN2ZyB3aWR0aD0iMSIgaGVpZ2h0PSIxIiB4bWxucz0iaHR0cDovL3d3dy53My5vcmcvMjAwMC9zdmciPjwvc3ZnPg==\" style=\"--smush-placeholder-width: 1024px; --smush-placeholder-aspect-ratio: 1024\/661;\" \/><\/figure>\n\n\n\n<p>Foto: Gazeta Regionalna\/AK<\/p>\n","protected":false},"excerpt":{"rendered":"<p>Nadchodz\u0105cy weekend b\u0119dzie niezwykle wa\u017cny i trudny dla siatkarek i siatkarzy AZS-u Cz\u0119stochowa. Siatkarze AZS-u Cz\u0119stochowa (1 liga \u015bl\u0105ska) w sobot\u0119 jad\u0105 do Radlina<\/p>\n","protected":false},"author":15,"featured_media":31590,"comment_status":"open","ping_status":"open","sticky":false,"template":"","format":"standard","meta":{"_monsterinsights_skip_tracking":false,"_monsterinsights_sitenote_active":false,"_monsterinsights_sitenote_note":"","_monsterinsights_sitenote_category":0,"_uf_show_specific_survey":0,"_uf_disable_surveys":false,"footnotes":""},"categories":[5,8],"tags":[],"class_list":["post-34611","post","type-post","status-publish","format-standard","has-post-thumbnail","hentry","category-sport","category-siatkowka"],"_links":{"self":[{"href":"https:\/\/gazetaregionalna.com\/index.php?rest_route=\/wp\/v2\/posts\/34611","targetHints":{"allow":["GET"]}}],"collection":[{"href":"https:\/\/gazetaregionalna.com\/index.php?rest_route=\/wp\/v2\/posts"}],"about":[{"href":"https:\/\/gazetaregionalna.com\/index.php?rest_route=\/wp\/v2\/types\/post"}],"author":[{"embeddable":true,"href":"https:\/\/gazetaregionalna.com\/index.php?rest_route=\/wp\/v2\/users\/15"}],"replies":[{"embeddable":true,"href":"https:\/\/gazetaregionalna.com\/index.php?rest_route=%2Fwp%2Fv2%2Fcomments&post=34611"}],"version-history":[{"count":1,"href":"https:\/\/gazetaregionalna.com\/index.php?rest_route=\/wp\/v2\/posts\/34611\/revisions"}],"predecessor-version":[{"id":34612,"href":"https:\/\/gazetaregionalna.com\/index.php?rest_route=\/wp\/v2\/posts\/34611\/revisions\/34612"}],"wp:featuredmedia":[{"embeddable":true,"href":"https:\/\/gazetaregionalna.com\/index.php?rest_route=\/wp\/v2\/media\/31590"}],"wp:attachment":[{"href":"https:\/\/gazetaregionalna.com\/index.php?rest_route=%2Fwp%2Fv2%2Fmedia&parent=34611"}],"wp:term":[{"taxonomy":"category","embeddable":true,"href":"https:\/\/gazetaregionalna.com\/index.php?rest_route=%2Fwp%2Fv2%2Fcategories&post=34611"},{"taxonomy":"post_tag","embeddable":true,"href":"https:\/\/gazetaregionalna.com\/index.php?rest_route=%2Fwp%2Fv2%2Ftags&post=34611"}],"curies":[{"name":"wp","href":"https:\/\/api.w.org\/{rel}","templated":true}]}}