{"id":346,"date":"2018-09-04T12:48:31","date_gmt":"2018-09-04T12:48:31","guid":{"rendered":"http:\/\/gazetaregionalna.com\/?p=346"},"modified":"2018-09-04T12:48:31","modified_gmt":"2018-09-04T12:48:31","slug":"kolejne-kadencje-dyrektorow","status":"publish","type":"post","link":"https:\/\/gazetaregionalna.com\/?p=346","title":{"rendered":"Kolejne kadencje dyrektor\u00f3w"},"content":{"rendered":"<p align=\"JUSTIFY\">\n<p align=\"JUSTIFY\"><span style=\"font-size: small;\">1 wrze\u015bnia prezydent Cz\u0119stochowy powo\u0142a\u0142 na kolejne kadencje dyrektor\u00f3w Biblioteki Publicznej im. dr. W\u0142adys\u0142awa Biega\u0144skiego i Teatru im. Adama Mickiewicza.<\/span><\/p>\n<p align=\"JUSTIFY\"><span style=\"font-size: small;\">Powo\u0142ania zosta\u0142y nadane bez przeprowadzania konkursu, po uzyskaniu opinii w\u0142a\u015bciwych podmiot\u00f3w oraz opinii Ministra Kultury i Dziedzictwa Narodowego.<\/span><\/p>\n<p align=\"JUSTIFY\"><span style=\"font-size: small;\">Beata Grzanka pozostanie na stanowisku dyrektora biblioteki (zajmowanym od 2012 r.) przez okres trzech kolejnych lat, tj. od 1 wrze\u015bnia 2018 r. do 31 sierpnia 2021 r.<\/span><\/p>\n<p align=\"JUSTIFY\"><span style=\"font-size: small;\">Na taki sam okres \u2013 obejmuj\u0105cy trzy kolejne sezony artystyczne \u2013 powo\u0142any zosta\u0142 Robert Doros\u0142awski, zajmuj\u0105cy stanowisko dyrektora cz\u0119stochowskiego teatru od 2006 r. Jego powo\u0142anie prezydent zapowiedzia\u0142 jeszcze w czerwcu podczas przedstawienia nowej dyrektor artystycznej teatru Magdaleny Piekorz (kt\u00f3ra r\u00f3wnie\u017c rozpocz\u0119\u0142a prac\u0119 wraz z pocz\u0105tkiem wrze\u015bnia).<\/span><\/p>\n<p align=\"JUSTIFY\">\n<p align=\"JUSTIFY\">\n<p align=\"JUSTIFY\"><em>(\u017ar\u00f3d\u0142o:\u00a0www.czestochowa.pl)<\/em><\/p>\n","protected":false},"excerpt":{"rendered":"<p>1 wrze\u015bnia prezydent Cz\u0119stochowy powo\u0142a\u0142 na kolejne kadencje dyrektor\u00f3w Biblioteki Publicznej im. dr. W\u0142adys\u0142awa Biega\u0144skiego i Teatru im. Adama Mickiewicza. Powo\u0142ania zosta\u0142y nadane bez<\/p>\n","protected":false},"author":3,"featured_media":0,"comment_status":"open","ping_status":"closed","sticky":false,"template":"","format":"standard","meta":{"_monsterinsights_skip_tracking":false,"_monsterinsights_sitenote_active":false,"_monsterinsights_sitenote_note":"","_monsterinsights_sitenote_category":0,"_uf_show_specific_survey":0,"_uf_disable_surveys":false,"footnotes":""},"categories":[3,2],"tags":[],"class_list":["post-346","post","type-post","status-publish","format-standard","hentry","category-czestochowa-informacje","category-wiadomosci"],"_links":{"self":[{"href":"https:\/\/gazetaregionalna.com\/index.php?rest_route=\/wp\/v2\/posts\/346","targetHints":{"allow":["GET"]}}],"collection":[{"href":"https:\/\/gazetaregionalna.com\/index.php?rest_route=\/wp\/v2\/posts"}],"about":[{"href":"https:\/\/gazetaregionalna.com\/index.php?rest_route=\/wp\/v2\/types\/post"}],"author":[{"embeddable":true,"href":"https:\/\/gazetaregionalna.com\/index.php?rest_route=\/wp\/v2\/users\/3"}],"replies":[{"embeddable":true,"href":"https:\/\/gazetaregionalna.com\/index.php?rest_route=%2Fwp%2Fv2%2Fcomments&post=346"}],"version-history":[{"count":1,"href":"https:\/\/gazetaregionalna.com\/index.php?rest_route=\/wp\/v2\/posts\/346\/revisions"}],"predecessor-version":[{"id":348,"href":"https:\/\/gazetaregionalna.com\/index.php?rest_route=\/wp\/v2\/posts\/346\/revisions\/348"}],"wp:attachment":[{"href":"https:\/\/gazetaregionalna.com\/index.php?rest_route=%2Fwp%2Fv2%2Fmedia&parent=346"}],"wp:term":[{"taxonomy":"category","embeddable":true,"href":"https:\/\/gazetaregionalna.com\/index.php?rest_route=%2Fwp%2Fv2%2Fcategories&post=346"},{"taxonomy":"post_tag","embeddable":true,"href":"https:\/\/gazetaregionalna.com\/index.php?rest_route=%2Fwp%2Fv2%2Ftags&post=346"}],"curies":[{"name":"wp","href":"https:\/\/api.w.org\/{rel}","templated":true}]}}