{"id":34585,"date":"2021-02-24T09:25:17","date_gmt":"2021-02-24T09:25:17","guid":{"rendered":"https:\/\/gazetaregionalna.com\/?p=34585"},"modified":"2021-02-24T09:25:20","modified_gmt":"2021-02-24T09:25:20","slug":"sprawdz-gdzie-jest-teraz-twoj-przystanek-autobusowy-czestochowskie-mpk-wprowadzilo-zmiany","status":"publish","type":"post","link":"https:\/\/gazetaregionalna.com\/?p=34585","title":{"rendered":"Sprawd\u017a, gdzie jest teraz tw\u00f3j przystanek autobusowy. Cz\u0119stochowskie MPK wprowadzi\u0142o zmiany"},"content":{"rendered":"\n<h2 class=\"wp-block-heading\">Jak informuje MPK, w najbli\u017cszych dniach kilka przystank\u00f3w autobusowych pozostanie zawieszonych lub b\u0119dzie przeniesionych. Zmiany  przewidziano na P\u00f3\u0142nocy, Parkitce oraz Stradomiu.<\/h2>\n\n\n\n<p>Zamieszanie spowodowane jest prowadzonymi tam pracami.<\/p>\n\n\n\n<p>I tak, z uwagi na remonty zatok przystankowych, od dzisiaj (do odwo\u0142ania) nieczynne b\u0119d\u0105 przystanki autobusowe:<\/p>\n\n\n\n<p>&#8211; <strong>PARKITKA-OSIEDLE<\/strong> przy ul. Okulickiego w kierunku Marketu Obi (dla linii nr 10, 28, 29 i 32)<\/p>\n\n\n\n<p>&#8211; <strong>SZKO\u0141A STRA\u017bY PO\u017bARNEJ<\/strong> przy ul. Sabinowskiej w kierunku ronda na Sabinowie i w kier. D\u017abowa (dla linii nr 14, 23, 25, 33, 38 i 69)<\/p>\n\n\n\n<p>R\u00f3wnie\u017c od 24 lutego (do odwo\u0142ania) przystanek <strong>FIELDORFA-NIL<\/strong>A dla linii autobusowych nr 15, 22, 25 i 80, jad\u0105cych w kierunku ulicy Micha\u0142owskiego, zostanie przeniesiony o oko\u0142o 30 metr\u00f3w dalej i b\u0119dzie obs\u0142ugiwany za zatok\u0105 przystankow\u0105. Autobusy za tramwaj jad\u0105ce od strony centrum b\u0119d\u0105 ko\u0144czy\u0142y kursy na przystanku \u201eFIELDORFA-NILA\u201d obowi\u0105zuj\u0105cym dotychczas tylko do wsiadania.<\/p>\n","protected":false},"excerpt":{"rendered":"<p>Jak informuje MPK, w najbli\u017cszych dniach kilka przystank\u00f3w autobusowych pozostanie zawieszonych lub b\u0119dzie przeniesionych. Zmiany przewidziano na P\u00f3\u0142nocy, Parkitce oraz Stradomiu. Zamieszanie spowodowane jest<\/p>\n","protected":false},"author":7,"featured_media":34588,"comment_status":"open","ping_status":"open","sticky":false,"template":"","format":"standard","meta":{"_monsterinsights_skip_tracking":false,"_monsterinsights_sitenote_active":false,"_monsterinsights_sitenote_note":"","_monsterinsights_sitenote_category":0,"_uf_show_specific_survey":0,"_uf_disable_surveys":false,"footnotes":""},"categories":[3,2],"tags":[],"class_list":["post-34585","post","type-post","status-publish","format-standard","has-post-thumbnail","hentry","category-czestochowa-informacje","category-wiadomosci"],"_links":{"self":[{"href":"https:\/\/gazetaregionalna.com\/index.php?rest_route=\/wp\/v2\/posts\/34585","targetHints":{"allow":["GET"]}}],"collection":[{"href":"https:\/\/gazetaregionalna.com\/index.php?rest_route=\/wp\/v2\/posts"}],"about":[{"href":"https:\/\/gazetaregionalna.com\/index.php?rest_route=\/wp\/v2\/types\/post"}],"author":[{"embeddable":true,"href":"https:\/\/gazetaregionalna.com\/index.php?rest_route=\/wp\/v2\/users\/7"}],"replies":[{"embeddable":true,"href":"https:\/\/gazetaregionalna.com\/index.php?rest_route=%2Fwp%2Fv2%2Fcomments&post=34585"}],"version-history":[{"count":2,"href":"https:\/\/gazetaregionalna.com\/index.php?rest_route=\/wp\/v2\/posts\/34585\/revisions"}],"predecessor-version":[{"id":34589,"href":"https:\/\/gazetaregionalna.com\/index.php?rest_route=\/wp\/v2\/posts\/34585\/revisions\/34589"}],"wp:featuredmedia":[{"embeddable":true,"href":"https:\/\/gazetaregionalna.com\/index.php?rest_route=\/wp\/v2\/media\/34588"}],"wp:attachment":[{"href":"https:\/\/gazetaregionalna.com\/index.php?rest_route=%2Fwp%2Fv2%2Fmedia&parent=34585"}],"wp:term":[{"taxonomy":"category","embeddable":true,"href":"https:\/\/gazetaregionalna.com\/index.php?rest_route=%2Fwp%2Fv2%2Fcategories&post=34585"},{"taxonomy":"post_tag","embeddable":true,"href":"https:\/\/gazetaregionalna.com\/index.php?rest_route=%2Fwp%2Fv2%2Ftags&post=34585"}],"curies":[{"name":"wp","href":"https:\/\/api.w.org\/{rel}","templated":true}]}}