{"id":34575,"date":"2021-02-24T09:28:45","date_gmt":"2021-02-24T09:28:45","guid":{"rendered":"https:\/\/gazetaregionalna.com\/?p=34575"},"modified":"2021-02-24T09:39:06","modified_gmt":"2021-02-24T09:39:06","slug":"pomogl-bezdomnemu","status":"publish","type":"post","link":"https:\/\/gazetaregionalna.com\/?p=34575","title":{"rendered":"K\u0142obucki dzielnicowy pom\u00f3g\u0142 bezdomnemu"},"content":{"rendered":"\n<p style=\"font-size:25px\">Dzi\u0119ki zdeterminowanej postawie k\u0142obuckiego dzielnicowego, 36-letni bezdomny m\u0119\u017cczyzna znalaz\u0142 schronienie w o\u015brodku dla os\u00f3b bezdomnych. Dodatkowo dzielnicowy pom\u00f3g\u0142 przy zakupie niezb\u0119dnej odzie\u017cy.<\/p>\n\n\n\n<figure class=\"wp-block-image size-large\"><img decoding=\"async\" width=\"970\" height=\"647\" data-src=\"https:\/\/gazetaregionalna.com\/wp-content\/uploads\/2021\/02\/Pomoc-bezdomnemu-1.jpg\" alt=\"\" class=\"wp-image-34576 lazyload\" data-srcset=\"https:\/\/gazetaregionalna.com\/wp-content\/uploads\/2021\/02\/Pomoc-bezdomnemu-1.jpg 970w, https:\/\/gazetaregionalna.com\/wp-content\/uploads\/2021\/02\/Pomoc-bezdomnemu-1-300x200.jpg 300w, https:\/\/gazetaregionalna.com\/wp-content\/uploads\/2021\/02\/Pomoc-bezdomnemu-1-768x512.jpg 768w, https:\/\/gazetaregionalna.com\/wp-content\/uploads\/2021\/02\/Pomoc-bezdomnemu-1-696x464.jpg 696w, https:\/\/gazetaregionalna.com\/wp-content\/uploads\/2021\/02\/Pomoc-bezdomnemu-1-630x420.jpg 630w\" data-sizes=\"(max-width: 970px) 100vw, 970px\" src=\"data:image\/svg+xml;base64,PHN2ZyB3aWR0aD0iMSIgaGVpZ2h0PSIxIiB4bWxucz0iaHR0cDovL3d3dy53My5vcmcvMjAwMC9zdmciPjwvc3ZnPg==\" style=\"--smush-placeholder-width: 970px; --smush-placeholder-aspect-ratio: 970\/647;\" \/><figcaption>Fot. KPP w K\u0142obucku<\/figcaption><\/figure>\n\n\n\n<p>Gdy na dworze robi si\u0119 coraz zimniej, s\u0142u\u017cby mundurowe wraz z instytucjami samorz\u0105dowymi \u015bwiadcz\u0105cymi us\u0142ugi spo\u0142eczne pomagaj\u0105 osobom bezdomnym przetrwa\u0107 ten trudny czas. Osoby te mog\u0105 skorzysta\u0107 z noclegu w ogrzewalni. Niestety z r\u00f3\u017cnych powod\u00f3w nie wszyscy bezdomni decyduj\u0105 si\u0119 na taki nocleg.<\/p>\n\n\n\n<p>Obecnie na zewn\u0105trz w dzie\u0144 temperatura osi\u0105ga ponad 10 stopni na plusie, ale za to w nocy spada ona znowu poni\u017cej zera. Stwarza to realne zagro\u017cenie dla zdrowia, a nawet \u017cycia os\u00f3b mieszkaj\u0105cych w prowizorycznych sza\u0142asach lub w opuszczonych budynkach, dlatego k\u0142obuccy dzielnicowi ci\u0105gle kontroluj\u0105 takie miejsca, kt\u00f3rych stan techniczny jest bardzo z\u0142y, co grozi cz\u0119sto zawaleniem.<\/p>\n\n\n\n<p>W ubieg\u0142ym tygodniu, podczas jednej z taki kontroli pustostanu w miejscowo\u015bci Wilkowiecko, dzielnicowy &#8211; <strong>m\u0142odszy aspirant Mariusz Ta\u0142aj<\/strong>, odnalaz\u0142 36-letniego bezdomnego. M\u0119\u017cczyzna spa\u0142 w budynku bez drzwi i okien, kt\u00f3ry grozi\u0142 zawaleniem.<\/p>\n\n\n\n<figure class=\"wp-block-image size-large\"><img decoding=\"async\" width=\"970\" height=\"647\" data-src=\"https:\/\/gazetaregionalna.com\/wp-content\/uploads\/2021\/02\/Pomoc-bezdomnemu-3.jpg\" alt=\"\" class=\"wp-image-34578 lazyload\" data-srcset=\"https:\/\/gazetaregionalna.com\/wp-content\/uploads\/2021\/02\/Pomoc-bezdomnemu-3.jpg 970w, https:\/\/gazetaregionalna.com\/wp-content\/uploads\/2021\/02\/Pomoc-bezdomnemu-3-300x200.jpg 300w, https:\/\/gazetaregionalna.com\/wp-content\/uploads\/2021\/02\/Pomoc-bezdomnemu-3-768x512.jpg 768w, https:\/\/gazetaregionalna.com\/wp-content\/uploads\/2021\/02\/Pomoc-bezdomnemu-3-696x464.jpg 696w, https:\/\/gazetaregionalna.com\/wp-content\/uploads\/2021\/02\/Pomoc-bezdomnemu-3-630x420.jpg 630w\" data-sizes=\"(max-width: 970px) 100vw, 970px\" src=\"data:image\/svg+xml;base64,PHN2ZyB3aWR0aD0iMSIgaGVpZ2h0PSIxIiB4bWxucz0iaHR0cDovL3d3dy53My5vcmcvMjAwMC9zdmciPjwvc3ZnPg==\" style=\"--smush-placeholder-width: 970px; --smush-placeholder-aspect-ratio: 970\/647;\" \/><figcaption>Fot. KPP w K\u0142obucku<\/figcaption><\/figure>\n\n\n\n<p>Ze wzgl\u0119du na tragiczne warunki, w jakich znajdowa\u0142 si\u0119 36-latek, dzielnicowy zwr\u00f3ci\u0142 si\u0119 o pomoc do Gminnego O\u015brodka Pomocy Spo\u0142ecznej w Opatowie. M\u0119\u017cczyzna, znajduj\u0105cy si\u0119 pod wp\u0142ywem alkoholu, nie zgodzi\u0142 si\u0119 na przewiezienie go do schroniska dla os\u00f3b bezdomnych.<\/p>\n\n\n\n<p>Dzielnicowy jednak nie odpu\u015bci\u0142 i zabra\u0142 36-latka do Izby Wytrze\u017awie\u0144, poniewa\u017c w nocy temperatura na zewn\u0105trz mia\u0142a spa\u015b\u0107 do poni\u017cej zera. Zdeterminowany dzielnicowy nast\u0119pnego dnia rano jeszcze raz oferowa\u0142 pomoc bezdomnemu, kt\u00f3ry tym razem zgodzi\u0142 si\u0119 j\u0105 przyj\u0105\u0107.<\/p>\n\n\n\n<p>W Gminnym O\u015brodku Pomocy Spo\u0142ecznej m\u0119\u017cczyzna otrzyma\u0142 ciep\u0142y posi\u0142ek od pracownic, a dzi\u0119ki pomocy dzielnicowego otrzyma\u0142 tak\u017ce now\u0105, niezb\u0119dn\u0105 odzie\u017c. Wsp\u00f3lne dzia\u0142ania doprowadzi\u0142y do umieszczenia 36-letniego m\u0119\u017cczyzny w schronisku dla os\u00f3b bezdomnych, gdzie teraz mieszka.<\/p>\n\n\n\n<p>K\u0142obuccy dzielnicowi przypominaj\u0105 oraz apeluj\u0105, \u017ceby nie by\u0107 oboj\u0119tnym i zwraca\u0107 uwag\u0119 na sytuacj\u0119 wszystkich os\u00f3b, kt\u00f3rym mog\u0105 w okresie zimowym zagra\u017ca\u0107 niskie temperatury \u2013 szczeg\u00f3lnie os\u00f3b bezdomnych, starszych i samotnych.&nbsp;&nbsp;<\/p>\n\n\n\n<p>Co wi\u0119cej, jak co roku, od listopada dzia\u0142a specjalna, ca\u0142odobowa infolinia, obejmuj\u0105ca teren ca\u0142ego wojew\u00f3dztwa \u015bl\u0105skiego. \u0141\u0105cz\u0105c si\u0119 bezp\u0142atnie z numerem 987, mo\u017cna uzyska\u0107 informacje dot. wsparcia os\u00f3b bezdomnych na terenie wojew\u00f3dztwa \u015bl\u0105skiego, w zakresie noclegu i wy\u017cywienia. Informacji mo\u017cna tak\u017ce szuka\u0107 na stronie internetowej\u00a0<a rel=\"noreferrer noopener\" href=\"https:\/\/www.katowice.uw.gov.pl\/wydzial\/wydzial-bezpieczenstwa-i-zarzadzania-kryzysowego\/infolinia-dla-bezdomnych\" target=\"_blank\" class=\"rank-math-link\">\u015al\u0105skiego Urz\u0119du Wojew\u00f3dzkiego<\/a>.<\/p>\n\n\n\n<figure class=\"wp-block-gallery columns-3 is-cropped wp-block-gallery-1 is-layout-flex wp-block-gallery-is-layout-flex\"><ul class=\"blocks-gallery-grid\"><li class=\"blocks-gallery-item\"><figure><a href=\"https:\/\/gazetaregionalna.com\/wp-content\/uploads\/2021\/02\/Pomoc-bezdomnemu-2.jpg\"><img decoding=\"async\" width=\"970\" height=\"647\" data-src=\"https:\/\/gazetaregionalna.com\/wp-content\/uploads\/2021\/02\/Pomoc-bezdomnemu-2.jpg\" alt=\"\" data-id=\"34577\" data-full-url=\"https:\/\/gazetaregionalna.com\/wp-content\/uploads\/2021\/02\/Pomoc-bezdomnemu-2.jpg\" data-link=\"https:\/\/gazetaregionalna.com\/?attachment_id=34577\" class=\"wp-image-34577 lazyload\" data-srcset=\"https:\/\/gazetaregionalna.com\/wp-content\/uploads\/2021\/02\/Pomoc-bezdomnemu-2.jpg 970w, https:\/\/gazetaregionalna.com\/wp-content\/uploads\/2021\/02\/Pomoc-bezdomnemu-2-300x200.jpg 300w, https:\/\/gazetaregionalna.com\/wp-content\/uploads\/2021\/02\/Pomoc-bezdomnemu-2-768x512.jpg 768w, https:\/\/gazetaregionalna.com\/wp-content\/uploads\/2021\/02\/Pomoc-bezdomnemu-2-696x464.jpg 696w, https:\/\/gazetaregionalna.com\/wp-content\/uploads\/2021\/02\/Pomoc-bezdomnemu-2-630x420.jpg 630w\" data-sizes=\"(max-width: 970px) 100vw, 970px\" src=\"data:image\/svg+xml;base64,PHN2ZyB3aWR0aD0iMSIgaGVpZ2h0PSIxIiB4bWxucz0iaHR0cDovL3d3dy53My5vcmcvMjAwMC9zdmciPjwvc3ZnPg==\" style=\"--smush-placeholder-width: 970px; --smush-placeholder-aspect-ratio: 970\/647;\" \/><\/a><\/figure><\/li><li class=\"blocks-gallery-item\"><figure><a href=\"https:\/\/gazetaregionalna.com\/wp-content\/uploads\/2021\/02\/Pomoc-bezdomnemu-5.jpg\"><img decoding=\"async\" width=\"970\" height=\"647\" data-src=\"https:\/\/gazetaregionalna.com\/wp-content\/uploads\/2021\/02\/Pomoc-bezdomnemu-5.jpg\" alt=\"\" data-id=\"34580\" data-full-url=\"https:\/\/gazetaregionalna.com\/wp-content\/uploads\/2021\/02\/Pomoc-bezdomnemu-5.jpg\" data-link=\"https:\/\/gazetaregionalna.com\/?attachment_id=34580\" class=\"wp-image-34580 lazyload\" data-srcset=\"https:\/\/gazetaregionalna.com\/wp-content\/uploads\/2021\/02\/Pomoc-bezdomnemu-5.jpg 970w, https:\/\/gazetaregionalna.com\/wp-content\/uploads\/2021\/02\/Pomoc-bezdomnemu-5-300x200.jpg 300w, https:\/\/gazetaregionalna.com\/wp-content\/uploads\/2021\/02\/Pomoc-bezdomnemu-5-768x512.jpg 768w, https:\/\/gazetaregionalna.com\/wp-content\/uploads\/2021\/02\/Pomoc-bezdomnemu-5-696x464.jpg 696w, https:\/\/gazetaregionalna.com\/wp-content\/uploads\/2021\/02\/Pomoc-bezdomnemu-5-630x420.jpg 630w\" data-sizes=\"(max-width: 970px) 100vw, 970px\" src=\"data:image\/svg+xml;base64,PHN2ZyB3aWR0aD0iMSIgaGVpZ2h0PSIxIiB4bWxucz0iaHR0cDovL3d3dy53My5vcmcvMjAwMC9zdmciPjwvc3ZnPg==\" style=\"--smush-placeholder-width: 970px; --smush-placeholder-aspect-ratio: 970\/647;\" \/><\/a><\/figure><\/li><li class=\"blocks-gallery-item\"><figure><a href=\"https:\/\/gazetaregionalna.com\/wp-content\/uploads\/2021\/02\/Pomoc-bezdomnemu-4.jpg\"><img decoding=\"async\" width=\"970\" height=\"647\" data-src=\"https:\/\/gazetaregionalna.com\/wp-content\/uploads\/2021\/02\/Pomoc-bezdomnemu-4.jpg\" alt=\"\" data-id=\"34579\" data-full-url=\"https:\/\/gazetaregionalna.com\/wp-content\/uploads\/2021\/02\/Pomoc-bezdomnemu-4.jpg\" data-link=\"https:\/\/gazetaregionalna.com\/?attachment_id=34579\" class=\"wp-image-34579 lazyload\" data-srcset=\"https:\/\/gazetaregionalna.com\/wp-content\/uploads\/2021\/02\/Pomoc-bezdomnemu-4.jpg 970w, https:\/\/gazetaregionalna.com\/wp-content\/uploads\/2021\/02\/Pomoc-bezdomnemu-4-300x200.jpg 300w, https:\/\/gazetaregionalna.com\/wp-content\/uploads\/2021\/02\/Pomoc-bezdomnemu-4-768x512.jpg 768w, https:\/\/gazetaregionalna.com\/wp-content\/uploads\/2021\/02\/Pomoc-bezdomnemu-4-696x464.jpg 696w, https:\/\/gazetaregionalna.com\/wp-content\/uploads\/2021\/02\/Pomoc-bezdomnemu-4-630x420.jpg 630w\" data-sizes=\"(max-width: 970px) 100vw, 970px\" src=\"data:image\/svg+xml;base64,PHN2ZyB3aWR0aD0iMSIgaGVpZ2h0PSIxIiB4bWxucz0iaHR0cDovL3d3dy53My5vcmcvMjAwMC9zdmciPjwvc3ZnPg==\" style=\"--smush-placeholder-width: 970px; --smush-placeholder-aspect-ratio: 970\/647;\" \/><\/a><\/figure><\/li><li class=\"blocks-gallery-item\"><figure><a href=\"https:\/\/gazetaregionalna.com\/wp-content\/uploads\/2021\/02\/Pomoc-bezdomnemu-6.jpg\"><img decoding=\"async\" width=\"970\" height=\"647\" data-src=\"https:\/\/gazetaregionalna.com\/wp-content\/uploads\/2021\/02\/Pomoc-bezdomnemu-6.jpg\" alt=\"\" data-id=\"34581\" data-full-url=\"https:\/\/gazetaregionalna.com\/wp-content\/uploads\/2021\/02\/Pomoc-bezdomnemu-6.jpg\" data-link=\"https:\/\/gazetaregionalna.com\/?attachment_id=34581\" class=\"wp-image-34581 lazyload\" data-srcset=\"https:\/\/gazetaregionalna.com\/wp-content\/uploads\/2021\/02\/Pomoc-bezdomnemu-6.jpg 970w, https:\/\/gazetaregionalna.com\/wp-content\/uploads\/2021\/02\/Pomoc-bezdomnemu-6-300x200.jpg 300w, https:\/\/gazetaregionalna.com\/wp-content\/uploads\/2021\/02\/Pomoc-bezdomnemu-6-768x512.jpg 768w, https:\/\/gazetaregionalna.com\/wp-content\/uploads\/2021\/02\/Pomoc-bezdomnemu-6-696x464.jpg 696w, https:\/\/gazetaregionalna.com\/wp-content\/uploads\/2021\/02\/Pomoc-bezdomnemu-6-630x420.jpg 630w\" data-sizes=\"(max-width: 970px) 100vw, 970px\" src=\"data:image\/svg+xml;base64,PHN2ZyB3aWR0aD0iMSIgaGVpZ2h0PSIxIiB4bWxucz0iaHR0cDovL3d3dy53My5vcmcvMjAwMC9zdmciPjwvc3ZnPg==\" style=\"--smush-placeholder-width: 970px; --smush-placeholder-aspect-ratio: 970\/647;\" \/><\/a><\/figure><\/li><li class=\"blocks-gallery-item\"><figure><a href=\"https:\/\/gazetaregionalna.com\/wp-content\/uploads\/2021\/02\/Pomoc-bezdomnemu-7.jpg\"><img decoding=\"async\" width=\"970\" height=\"647\" data-src=\"https:\/\/gazetaregionalna.com\/wp-content\/uploads\/2021\/02\/Pomoc-bezdomnemu-7.jpg\" alt=\"\" data-id=\"34582\" data-full-url=\"https:\/\/gazetaregionalna.com\/wp-content\/uploads\/2021\/02\/Pomoc-bezdomnemu-7.jpg\" data-link=\"https:\/\/gazetaregionalna.com\/?attachment_id=34582\" class=\"wp-image-34582 lazyload\" data-srcset=\"https:\/\/gazetaregionalna.com\/wp-content\/uploads\/2021\/02\/Pomoc-bezdomnemu-7.jpg 970w, https:\/\/gazetaregionalna.com\/wp-content\/uploads\/2021\/02\/Pomoc-bezdomnemu-7-300x200.jpg 300w, https:\/\/gazetaregionalna.com\/wp-content\/uploads\/2021\/02\/Pomoc-bezdomnemu-7-768x512.jpg 768w, https:\/\/gazetaregionalna.com\/wp-content\/uploads\/2021\/02\/Pomoc-bezdomnemu-7-696x464.jpg 696w, https:\/\/gazetaregionalna.com\/wp-content\/uploads\/2021\/02\/Pomoc-bezdomnemu-7-630x420.jpg 630w\" data-sizes=\"(max-width: 970px) 100vw, 970px\" src=\"data:image\/svg+xml;base64,PHN2ZyB3aWR0aD0iMSIgaGVpZ2h0PSIxIiB4bWxucz0iaHR0cDovL3d3dy53My5vcmcvMjAwMC9zdmciPjwvc3ZnPg==\" style=\"--smush-placeholder-width: 970px; --smush-placeholder-aspect-ratio: 970\/647;\" \/><\/a><\/figure><\/li><li class=\"blocks-gallery-item\"><figure><a href=\"https:\/\/gazetaregionalna.com\/wp-content\/uploads\/2021\/02\/Pomoc-bezdomnemu-9.jpg\"><img decoding=\"async\" width=\"970\" height=\"647\" data-src=\"https:\/\/gazetaregionalna.com\/wp-content\/uploads\/2021\/02\/Pomoc-bezdomnemu-9.jpg\" alt=\"\" data-id=\"34584\" data-full-url=\"https:\/\/gazetaregionalna.com\/wp-content\/uploads\/2021\/02\/Pomoc-bezdomnemu-9.jpg\" data-link=\"https:\/\/gazetaregionalna.com\/?attachment_id=34584\" class=\"wp-image-34584 lazyload\" data-srcset=\"https:\/\/gazetaregionalna.com\/wp-content\/uploads\/2021\/02\/Pomoc-bezdomnemu-9.jpg 970w, https:\/\/gazetaregionalna.com\/wp-content\/uploads\/2021\/02\/Pomoc-bezdomnemu-9-300x200.jpg 300w, https:\/\/gazetaregionalna.com\/wp-content\/uploads\/2021\/02\/Pomoc-bezdomnemu-9-768x512.jpg 768w, https:\/\/gazetaregionalna.com\/wp-content\/uploads\/2021\/02\/Pomoc-bezdomnemu-9-696x464.jpg 696w, https:\/\/gazetaregionalna.com\/wp-content\/uploads\/2021\/02\/Pomoc-bezdomnemu-9-630x420.jpg 630w\" data-sizes=\"(max-width: 970px) 100vw, 970px\" src=\"data:image\/svg+xml;base64,PHN2ZyB3aWR0aD0iMSIgaGVpZ2h0PSIxIiB4bWxucz0iaHR0cDovL3d3dy53My5vcmcvMjAwMC9zdmciPjwvc3ZnPg==\" style=\"--smush-placeholder-width: 970px; --smush-placeholder-aspect-ratio: 970\/647;\" \/><\/a><\/figure><\/li><\/ul><figcaption class=\"blocks-gallery-caption\"><em>Fot. KPP w K\u0142obucku<\/em><\/figcaption><\/figure>\n","protected":false},"excerpt":{"rendered":"<p>Dzi\u0119ki zdeterminowanej postawie k\u0142obuckiego dzielnicowego, 36-letni bezdomny m\u0119\u017cczyzna znalaz\u0142 schronienie w o\u015brodku dla os\u00f3b bezdomnych. Dodatkowo dzielnicowy pom\u00f3g\u0142 przy zakupie niezb\u0119dnej odzie\u017cy. Gdy na<\/p>\n","protected":false},"author":12,"featured_media":34583,"comment_status":"open","ping_status":"open","sticky":false,"template":"","format":"standard","meta":{"_monsterinsights_skip_tracking":false,"_monsterinsights_sitenote_active":false,"_monsterinsights_sitenote_note":"","_monsterinsights_sitenote_category":0,"_uf_show_specific_survey":0,"_uf_disable_surveys":false,"footnotes":""},"categories":[44,27,94,2],"tags":[1518],"class_list":["post-34575","post","type-post","status-publish","format-standard","has-post-thumbnail","hentry","category-bezpieczenstwo","category-klobuck-informacje","category-polecane","category-wiadomosci","tag-klobuccy-dzielnicowi"],"_links":{"self":[{"href":"https:\/\/gazetaregionalna.com\/index.php?rest_route=\/wp\/v2\/posts\/34575","targetHints":{"allow":["GET"]}}],"collection":[{"href":"https:\/\/gazetaregionalna.com\/index.php?rest_route=\/wp\/v2\/posts"}],"about":[{"href":"https:\/\/gazetaregionalna.com\/index.php?rest_route=\/wp\/v2\/types\/post"}],"author":[{"embeddable":true,"href":"https:\/\/gazetaregionalna.com\/index.php?rest_route=\/wp\/v2\/users\/12"}],"replies":[{"embeddable":true,"href":"https:\/\/gazetaregionalna.com\/index.php?rest_route=%2Fwp%2Fv2%2Fcomments&post=34575"}],"version-history":[{"count":1,"href":"https:\/\/gazetaregionalna.com\/index.php?rest_route=\/wp\/v2\/posts\/34575\/revisions"}],"predecessor-version":[{"id":34590,"href":"https:\/\/gazetaregionalna.com\/index.php?rest_route=\/wp\/v2\/posts\/34575\/revisions\/34590"}],"wp:featuredmedia":[{"embeddable":true,"href":"https:\/\/gazetaregionalna.com\/index.php?rest_route=\/wp\/v2\/media\/34583"}],"wp:attachment":[{"href":"https:\/\/gazetaregionalna.com\/index.php?rest_route=%2Fwp%2Fv2%2Fmedia&parent=34575"}],"wp:term":[{"taxonomy":"category","embeddable":true,"href":"https:\/\/gazetaregionalna.com\/index.php?rest_route=%2Fwp%2Fv2%2Fcategories&post=34575"},{"taxonomy":"post_tag","embeddable":true,"href":"https:\/\/gazetaregionalna.com\/index.php?rest_route=%2Fwp%2Fv2%2Ftags&post=34575"}],"curies":[{"name":"wp","href":"https:\/\/api.w.org\/{rel}","templated":true}]}}