{"id":34543,"date":"2021-02-24T08:11:23","date_gmt":"2021-02-24T08:11:23","guid":{"rendered":"https:\/\/gazetaregionalna.com\/?p=34543"},"modified":"2021-02-24T09:40:16","modified_gmt":"2021-02-24T09:40:16","slug":"nowy-sprzet","status":"publish","type":"post","link":"https:\/\/gazetaregionalna.com\/?p=34543","title":{"rendered":"Stra\u017cacy z OSP K\u0142obuck i OSP \u0141obodno otrzymali nowy sprz\u0119t"},"content":{"rendered":"\n<p style=\"font-size:25px\">Stra\u017cacy z OSP K\u0142obuck i OSP \u0141obodno otrzymali nowy sprz\u0119t ratowniczy, kt\u00f3ry zosta\u0142 zakupiony dzi\u0119ki dofinansowaniu z Wojew\u00f3dzkiego Funduszu Ochrony \u015arodowiska i Gospodarki Wodnej w Katowicach.<\/p>\n\n\n\n<figure class=\"wp-block-image size-large\"><img decoding=\"async\" width=\"800\" height=\"534\" data-src=\"https:\/\/gazetaregionalna.com\/wp-content\/uploads\/2021\/02\/nowy-sprzet-dla-OSP-8.jpg\" alt=\"\" class=\"wp-image-34551 lazyload\" data-srcset=\"https:\/\/gazetaregionalna.com\/wp-content\/uploads\/2021\/02\/nowy-sprzet-dla-OSP-8.jpg 800w, https:\/\/gazetaregionalna.com\/wp-content\/uploads\/2021\/02\/nowy-sprzet-dla-OSP-8-300x200.jpg 300w, https:\/\/gazetaregionalna.com\/wp-content\/uploads\/2021\/02\/nowy-sprzet-dla-OSP-8-768x513.jpg 768w, https:\/\/gazetaregionalna.com\/wp-content\/uploads\/2021\/02\/nowy-sprzet-dla-OSP-8-696x465.jpg 696w, https:\/\/gazetaregionalna.com\/wp-content\/uploads\/2021\/02\/nowy-sprzet-dla-OSP-8-629x420.jpg 629w\" data-sizes=\"(max-width: 800px) 100vw, 800px\" src=\"data:image\/svg+xml;base64,PHN2ZyB3aWR0aD0iMSIgaGVpZ2h0PSIxIiB4bWxucz0iaHR0cDovL3d3dy53My5vcmcvMjAwMC9zdmciPjwvc3ZnPg==\" style=\"--smush-placeholder-width: 800px; --smush-placeholder-aspect-ratio: 800\/534;\" \/><figcaption>Fot. UG w K\u0142obucku<\/figcaption><\/figure>\n\n\n\n<p>Nowy sprz\u0119t ratowniczy dla jednostek Ochotniczych Stra\u017cy Po\u017carnej z terenu gminy K\u0142obuck zosta\u0142 zakupiony z dofinansowania Wojew\u00f3dzkiego Funduszu Ochrony \u015arodowiska i Gospodarki Wodnej w Katowicach w ramach \u201eOg\u00f3lnopolskiego programu finansowania s\u0142u\u017cb ratowniczych Cz\u0119\u015b\u0107 2) Dofinansowanie zakupu sprz\u0119tu i wyposa\u017cenia jednostek Ochotniczych Stra\u017cy Po\u017carnych\u201d.<\/p>\n\n\n\n<p>Do zakupu przyczyni\u0142y si\u0119 tak\u017ce \u015brodki finansowe przekazane przez Gmin\u0119 K\u0142obuck, dofinansowanie Komendanta G\u0142\u00f3wnego Pa\u0144stwowej Stra\u017cy Po\u017carnej i Ministerstwa Spraw Wewn\u0119trznych i Administracji oraz \u015brodki w\u0142asne.<\/p>\n\n\n\n<p>Zakupione zosta\u0142y:<\/p>\n\n\n\n<ul class=\"wp-block-list\"><li>\u015brodki ochrony osobistej (ubrania specjalne, he\u0142my, r\u0119kawice, buty);<\/li><li>armatura po\u017carnicza (w\u0119\u017ce, pr\u0105downice, wytwornica piany, kurtyna wodna, smok ssawny);<\/li><li>pozosta\u0142y sprz\u0119t i wyposa\u017cenie: radiotelefon, latarki, zabezpieczenia na kierownic\u0119 (stosowane w ratownictwie drogowym), pilarka ratownicza do ci\u0119cia materia\u0142\u00f3w wielowarstwowych, bosaki dielektryczne.<\/li><\/ul>\n\n\n\n<figure class=\"wp-block-image size-large\"><img decoding=\"async\" width=\"800\" height=\"534\" data-src=\"https:\/\/gazetaregionalna.com\/wp-content\/uploads\/2021\/02\/nowy-sprzet-dla-OSP-7.jpg\" alt=\"\" class=\"wp-image-34550 lazyload\" data-srcset=\"https:\/\/gazetaregionalna.com\/wp-content\/uploads\/2021\/02\/nowy-sprzet-dla-OSP-7.jpg 800w, https:\/\/gazetaregionalna.com\/wp-content\/uploads\/2021\/02\/nowy-sprzet-dla-OSP-7-300x200.jpg 300w, https:\/\/gazetaregionalna.com\/wp-content\/uploads\/2021\/02\/nowy-sprzet-dla-OSP-7-768x513.jpg 768w, https:\/\/gazetaregionalna.com\/wp-content\/uploads\/2021\/02\/nowy-sprzet-dla-OSP-7-696x465.jpg 696w, https:\/\/gazetaregionalna.com\/wp-content\/uploads\/2021\/02\/nowy-sprzet-dla-OSP-7-629x420.jpg 629w\" data-sizes=\"(max-width: 800px) 100vw, 800px\" src=\"data:image\/svg+xml;base64,PHN2ZyB3aWR0aD0iMSIgaGVpZ2h0PSIxIiB4bWxucz0iaHR0cDovL3d3dy53My5vcmcvMjAwMC9zdmciPjwvc3ZnPg==\" style=\"--smush-placeholder-width: 800px; --smush-placeholder-aspect-ratio: 800\/534;\" \/><figcaption><em>Fot. UG w K\u0142obucku<\/em><\/figcaption><\/figure>\n\n\n\n<p>Przekazanie sprz\u0119tu ratowniczego dla jednostek OSP K\u0142obuck i OSP \u0141obodno odby\u0142o si\u0119 23 lutego 2021 roku w budynku Urz\u0119du Miejskiego w K\u0142obucku, a ca\u0142kowity koszt uzyskanej dotacji wyni\u00f3s\u0142 prawie 50 000 z\u0142otych.<\/p>\n\n\n\n<p>W przekazaniu udzia\u0142 wzi\u0119li Burmistrz K\u0142obucka Jerzy Zakrzewski, Komendant Powiatowy Pa\u0144stwowej Stra\u017cy Po\u017carnej w K\u0142obucku st. kpt. Karol Wers, Komendant Gminny Zwi\u0105zku Ochotniczych Stra\u017cy Po\u017carnych w K\u0142obucku Tomasz Cajler, Prezes OSP K\u0142obuck Krzysztof Kotkowski, Prezes OSP \u0141obodno Przemys\u0142aw Zawada oraz Naczelnik OSP \u0141obodno Jacek Szczypi\u00f3r.<\/p>\n\n\n\n<p>Dzi\u0119ki zakupionemu sprz\u0119towi na pewno poprawi si\u0119 skuteczno\u015b\u0107 dzia\u0142ania jednostek OSP, a co za tym idzie bezpiecze\u0144stwo mieszka\u0144c\u00f3w oraz samych stra\u017cak\u00f3w bior\u0105cych udzia\u0142 w akcjach ratowniczych.<\/p>\n\n\n\n<figure class=\"wp-block-gallery columns-3 is-cropped wp-block-gallery-1 is-layout-flex wp-block-gallery-is-layout-flex\"><ul class=\"blocks-gallery-grid\"><li class=\"blocks-gallery-item\"><figure><img decoding=\"async\" width=\"800\" height=\"534\" data-src=\"https:\/\/gazetaregionalna.com\/wp-content\/uploads\/2021\/02\/nowy-sprzet-dla-OSP-16.jpg\" alt=\"\" data-id=\"34559\" data-full-url=\"https:\/\/gazetaregionalna.com\/wp-content\/uploads\/2021\/02\/nowy-sprzet-dla-OSP-16.jpg\" data-link=\"https:\/\/gazetaregionalna.com\/?attachment_id=34559\" class=\"wp-image-34559 lazyload\" data-srcset=\"https:\/\/gazetaregionalna.com\/wp-content\/uploads\/2021\/02\/nowy-sprzet-dla-OSP-16.jpg 800w, https:\/\/gazetaregionalna.com\/wp-content\/uploads\/2021\/02\/nowy-sprzet-dla-OSP-16-300x200.jpg 300w, https:\/\/gazetaregionalna.com\/wp-content\/uploads\/2021\/02\/nowy-sprzet-dla-OSP-16-768x513.jpg 768w, https:\/\/gazetaregionalna.com\/wp-content\/uploads\/2021\/02\/nowy-sprzet-dla-OSP-16-696x465.jpg 696w, https:\/\/gazetaregionalna.com\/wp-content\/uploads\/2021\/02\/nowy-sprzet-dla-OSP-16-629x420.jpg 629w\" data-sizes=\"(max-width: 800px) 100vw, 800px\" src=\"data:image\/svg+xml;base64,PHN2ZyB3aWR0aD0iMSIgaGVpZ2h0PSIxIiB4bWxucz0iaHR0cDovL3d3dy53My5vcmcvMjAwMC9zdmciPjwvc3ZnPg==\" style=\"--smush-placeholder-width: 800px; --smush-placeholder-aspect-ratio: 800\/534;\" \/><\/figure><\/li><li class=\"blocks-gallery-item\"><figure><img decoding=\"async\" width=\"800\" height=\"534\" data-src=\"https:\/\/gazetaregionalna.com\/wp-content\/uploads\/2021\/02\/nowy-sprzet-dla-OSP-14.jpg\" alt=\"\" data-id=\"34557\" data-full-url=\"https:\/\/gazetaregionalna.com\/wp-content\/uploads\/2021\/02\/nowy-sprzet-dla-OSP-14.jpg\" data-link=\"https:\/\/gazetaregionalna.com\/?attachment_id=34557\" class=\"wp-image-34557 lazyload\" data-srcset=\"https:\/\/gazetaregionalna.com\/wp-content\/uploads\/2021\/02\/nowy-sprzet-dla-OSP-14.jpg 800w, https:\/\/gazetaregionalna.com\/wp-content\/uploads\/2021\/02\/nowy-sprzet-dla-OSP-14-300x200.jpg 300w, https:\/\/gazetaregionalna.com\/wp-content\/uploads\/2021\/02\/nowy-sprzet-dla-OSP-14-768x513.jpg 768w, https:\/\/gazetaregionalna.com\/wp-content\/uploads\/2021\/02\/nowy-sprzet-dla-OSP-14-696x465.jpg 696w, https:\/\/gazetaregionalna.com\/wp-content\/uploads\/2021\/02\/nowy-sprzet-dla-OSP-14-629x420.jpg 629w\" data-sizes=\"(max-width: 800px) 100vw, 800px\" src=\"data:image\/svg+xml;base64,PHN2ZyB3aWR0aD0iMSIgaGVpZ2h0PSIxIiB4bWxucz0iaHR0cDovL3d3dy53My5vcmcvMjAwMC9zdmciPjwvc3ZnPg==\" style=\"--smush-placeholder-width: 800px; --smush-placeholder-aspect-ratio: 800\/534;\" \/><\/figure><\/li><li class=\"blocks-gallery-item\"><figure><img decoding=\"async\" width=\"800\" height=\"534\" data-src=\"https:\/\/gazetaregionalna.com\/wp-content\/uploads\/2021\/02\/nowy-sprzet-dla-OSP-13.jpg\" alt=\"\" data-id=\"34556\" data-full-url=\"https:\/\/gazetaregionalna.com\/wp-content\/uploads\/2021\/02\/nowy-sprzet-dla-OSP-13.jpg\" data-link=\"https:\/\/gazetaregionalna.com\/?attachment_id=34556\" class=\"wp-image-34556 lazyload\" data-srcset=\"https:\/\/gazetaregionalna.com\/wp-content\/uploads\/2021\/02\/nowy-sprzet-dla-OSP-13.jpg 800w, https:\/\/gazetaregionalna.com\/wp-content\/uploads\/2021\/02\/nowy-sprzet-dla-OSP-13-300x200.jpg 300w, https:\/\/gazetaregionalna.com\/wp-content\/uploads\/2021\/02\/nowy-sprzet-dla-OSP-13-768x513.jpg 768w, https:\/\/gazetaregionalna.com\/wp-content\/uploads\/2021\/02\/nowy-sprzet-dla-OSP-13-696x465.jpg 696w, https:\/\/gazetaregionalna.com\/wp-content\/uploads\/2021\/02\/nowy-sprzet-dla-OSP-13-629x420.jpg 629w\" data-sizes=\"(max-width: 800px) 100vw, 800px\" src=\"data:image\/svg+xml;base64,PHN2ZyB3aWR0aD0iMSIgaGVpZ2h0PSIxIiB4bWxucz0iaHR0cDovL3d3dy53My5vcmcvMjAwMC9zdmciPjwvc3ZnPg==\" style=\"--smush-placeholder-width: 800px; --smush-placeholder-aspect-ratio: 800\/534;\" \/><\/figure><\/li><li class=\"blocks-gallery-item\"><figure><img decoding=\"async\" width=\"800\" height=\"534\" data-src=\"https:\/\/gazetaregionalna.com\/wp-content\/uploads\/2021\/02\/nowy-sprzet-dla-OSP-12.jpg\" alt=\"\" data-id=\"34555\" data-full-url=\"https:\/\/gazetaregionalna.com\/wp-content\/uploads\/2021\/02\/nowy-sprzet-dla-OSP-12.jpg\" data-link=\"https:\/\/gazetaregionalna.com\/?attachment_id=34555\" class=\"wp-image-34555 lazyload\" data-srcset=\"https:\/\/gazetaregionalna.com\/wp-content\/uploads\/2021\/02\/nowy-sprzet-dla-OSP-12.jpg 800w, https:\/\/gazetaregionalna.com\/wp-content\/uploads\/2021\/02\/nowy-sprzet-dla-OSP-12-300x200.jpg 300w, https:\/\/gazetaregionalna.com\/wp-content\/uploads\/2021\/02\/nowy-sprzet-dla-OSP-12-768x513.jpg 768w, https:\/\/gazetaregionalna.com\/wp-content\/uploads\/2021\/02\/nowy-sprzet-dla-OSP-12-696x465.jpg 696w, https:\/\/gazetaregionalna.com\/wp-content\/uploads\/2021\/02\/nowy-sprzet-dla-OSP-12-629x420.jpg 629w\" data-sizes=\"(max-width: 800px) 100vw, 800px\" src=\"data:image\/svg+xml;base64,PHN2ZyB3aWR0aD0iMSIgaGVpZ2h0PSIxIiB4bWxucz0iaHR0cDovL3d3dy53My5vcmcvMjAwMC9zdmciPjwvc3ZnPg==\" style=\"--smush-placeholder-width: 800px; --smush-placeholder-aspect-ratio: 800\/534;\" \/><\/figure><\/li><li class=\"blocks-gallery-item\"><figure><img decoding=\"async\" width=\"800\" height=\"534\" data-src=\"https:\/\/gazetaregionalna.com\/wp-content\/uploads\/2021\/02\/nowy-sprzet-dla-OSP-10.jpg\" alt=\"\" data-id=\"34553\" data-full-url=\"https:\/\/gazetaregionalna.com\/wp-content\/uploads\/2021\/02\/nowy-sprzet-dla-OSP-10.jpg\" data-link=\"https:\/\/gazetaregionalna.com\/?attachment_id=34553\" class=\"wp-image-34553 lazyload\" data-srcset=\"https:\/\/gazetaregionalna.com\/wp-content\/uploads\/2021\/02\/nowy-sprzet-dla-OSP-10.jpg 800w, https:\/\/gazetaregionalna.com\/wp-content\/uploads\/2021\/02\/nowy-sprzet-dla-OSP-10-300x200.jpg 300w, https:\/\/gazetaregionalna.com\/wp-content\/uploads\/2021\/02\/nowy-sprzet-dla-OSP-10-768x513.jpg 768w, https:\/\/gazetaregionalna.com\/wp-content\/uploads\/2021\/02\/nowy-sprzet-dla-OSP-10-696x465.jpg 696w, https:\/\/gazetaregionalna.com\/wp-content\/uploads\/2021\/02\/nowy-sprzet-dla-OSP-10-629x420.jpg 629w\" data-sizes=\"(max-width: 800px) 100vw, 800px\" src=\"data:image\/svg+xml;base64,PHN2ZyB3aWR0aD0iMSIgaGVpZ2h0PSIxIiB4bWxucz0iaHR0cDovL3d3dy53My5vcmcvMjAwMC9zdmciPjwvc3ZnPg==\" style=\"--smush-placeholder-width: 800px; --smush-placeholder-aspect-ratio: 800\/534;\" \/><\/figure><\/li><li class=\"blocks-gallery-item\"><figure><img decoding=\"async\" width=\"800\" height=\"534\" data-src=\"https:\/\/gazetaregionalna.com\/wp-content\/uploads\/2021\/02\/nowy-sprzet-dla-OSP-9.jpg\" alt=\"\" data-id=\"34552\" data-full-url=\"https:\/\/gazetaregionalna.com\/wp-content\/uploads\/2021\/02\/nowy-sprzet-dla-OSP-9.jpg\" data-link=\"https:\/\/gazetaregionalna.com\/?attachment_id=34552\" class=\"wp-image-34552 lazyload\" data-srcset=\"https:\/\/gazetaregionalna.com\/wp-content\/uploads\/2021\/02\/nowy-sprzet-dla-OSP-9.jpg 800w, https:\/\/gazetaregionalna.com\/wp-content\/uploads\/2021\/02\/nowy-sprzet-dla-OSP-9-300x200.jpg 300w, https:\/\/gazetaregionalna.com\/wp-content\/uploads\/2021\/02\/nowy-sprzet-dla-OSP-9-768x513.jpg 768w, https:\/\/gazetaregionalna.com\/wp-content\/uploads\/2021\/02\/nowy-sprzet-dla-OSP-9-696x465.jpg 696w, https:\/\/gazetaregionalna.com\/wp-content\/uploads\/2021\/02\/nowy-sprzet-dla-OSP-9-629x420.jpg 629w\" data-sizes=\"(max-width: 800px) 100vw, 800px\" src=\"data:image\/svg+xml;base64,PHN2ZyB3aWR0aD0iMSIgaGVpZ2h0PSIxIiB4bWxucz0iaHR0cDovL3d3dy53My5vcmcvMjAwMC9zdmciPjwvc3ZnPg==\" style=\"--smush-placeholder-width: 800px; --smush-placeholder-aspect-ratio: 800\/534;\" \/><\/figure><\/li><li class=\"blocks-gallery-item\"><figure><img decoding=\"async\" width=\"800\" height=\"534\" data-src=\"https:\/\/gazetaregionalna.com\/wp-content\/uploads\/2021\/02\/nowy-sprzet-dla-OSP-6.jpg\" alt=\"\" data-id=\"34549\" data-full-url=\"https:\/\/gazetaregionalna.com\/wp-content\/uploads\/2021\/02\/nowy-sprzet-dla-OSP-6.jpg\" data-link=\"https:\/\/gazetaregionalna.com\/?attachment_id=34549\" class=\"wp-image-34549 lazyload\" data-srcset=\"https:\/\/gazetaregionalna.com\/wp-content\/uploads\/2021\/02\/nowy-sprzet-dla-OSP-6.jpg 800w, https:\/\/gazetaregionalna.com\/wp-content\/uploads\/2021\/02\/nowy-sprzet-dla-OSP-6-300x200.jpg 300w, https:\/\/gazetaregionalna.com\/wp-content\/uploads\/2021\/02\/nowy-sprzet-dla-OSP-6-768x513.jpg 768w, https:\/\/gazetaregionalna.com\/wp-content\/uploads\/2021\/02\/nowy-sprzet-dla-OSP-6-696x465.jpg 696w, https:\/\/gazetaregionalna.com\/wp-content\/uploads\/2021\/02\/nowy-sprzet-dla-OSP-6-629x420.jpg 629w\" data-sizes=\"(max-width: 800px) 100vw, 800px\" src=\"data:image\/svg+xml;base64,PHN2ZyB3aWR0aD0iMSIgaGVpZ2h0PSIxIiB4bWxucz0iaHR0cDovL3d3dy53My5vcmcvMjAwMC9zdmciPjwvc3ZnPg==\" style=\"--smush-placeholder-width: 800px; --smush-placeholder-aspect-ratio: 800\/534;\" \/><\/figure><\/li><li class=\"blocks-gallery-item\"><figure><img decoding=\"async\" width=\"401\" height=\"600\" data-src=\"https:\/\/gazetaregionalna.com\/wp-content\/uploads\/2021\/02\/nowy-sprzet-dla-OSP-5.jpg\" alt=\"\" data-id=\"34548\" data-full-url=\"https:\/\/gazetaregionalna.com\/wp-content\/uploads\/2021\/02\/nowy-sprzet-dla-OSP-5.jpg\" data-link=\"https:\/\/gazetaregionalna.com\/?attachment_id=34548\" class=\"wp-image-34548 lazyload\" data-srcset=\"https:\/\/gazetaregionalna.com\/wp-content\/uploads\/2021\/02\/nowy-sprzet-dla-OSP-5.jpg 401w, https:\/\/gazetaregionalna.com\/wp-content\/uploads\/2021\/02\/nowy-sprzet-dla-OSP-5-201x300.jpg 201w, https:\/\/gazetaregionalna.com\/wp-content\/uploads\/2021\/02\/nowy-sprzet-dla-OSP-5-281x420.jpg 281w\" data-sizes=\"(max-width: 401px) 100vw, 401px\" src=\"data:image\/svg+xml;base64,PHN2ZyB3aWR0aD0iMSIgaGVpZ2h0PSIxIiB4bWxucz0iaHR0cDovL3d3dy53My5vcmcvMjAwMC9zdmciPjwvc3ZnPg==\" style=\"--smush-placeholder-width: 401px; --smush-placeholder-aspect-ratio: 401\/600;\" \/><\/figure><\/li><li class=\"blocks-gallery-item\"><figure><img decoding=\"async\" width=\"800\" height=\"561\" data-src=\"https:\/\/gazetaregionalna.com\/wp-content\/uploads\/2021\/02\/nowy-sprzet-dla-OSP-3.jpg\" alt=\"\" data-id=\"34546\" data-full-url=\"https:\/\/gazetaregionalna.com\/wp-content\/uploads\/2021\/02\/nowy-sprzet-dla-OSP-3.jpg\" data-link=\"https:\/\/gazetaregionalna.com\/?attachment_id=34546\" class=\"wp-image-34546 lazyload\" data-srcset=\"https:\/\/gazetaregionalna.com\/wp-content\/uploads\/2021\/02\/nowy-sprzet-dla-OSP-3.jpg 800w, https:\/\/gazetaregionalna.com\/wp-content\/uploads\/2021\/02\/nowy-sprzet-dla-OSP-3-300x210.jpg 300w, https:\/\/gazetaregionalna.com\/wp-content\/uploads\/2021\/02\/nowy-sprzet-dla-OSP-3-768x539.jpg 768w, https:\/\/gazetaregionalna.com\/wp-content\/uploads\/2021\/02\/nowy-sprzet-dla-OSP-3-696x488.jpg 696w, https:\/\/gazetaregionalna.com\/wp-content\/uploads\/2021\/02\/nowy-sprzet-dla-OSP-3-599x420.jpg 599w, https:\/\/gazetaregionalna.com\/wp-content\/uploads\/2021\/02\/nowy-sprzet-dla-OSP-3-100x70.jpg 100w\" data-sizes=\"(max-width: 800px) 100vw, 800px\" src=\"data:image\/svg+xml;base64,PHN2ZyB3aWR0aD0iMSIgaGVpZ2h0PSIxIiB4bWxucz0iaHR0cDovL3d3dy53My5vcmcvMjAwMC9zdmciPjwvc3ZnPg==\" style=\"--smush-placeholder-width: 800px; --smush-placeholder-aspect-ratio: 800\/561;\" \/><\/figure><\/li><li class=\"blocks-gallery-item\"><figure><img decoding=\"async\" width=\"800\" height=\"579\" data-src=\"https:\/\/gazetaregionalna.com\/wp-content\/uploads\/2021\/02\/nowy-sprzet-dla-OSP-15.jpg\" alt=\"\" data-id=\"34558\" data-full-url=\"https:\/\/gazetaregionalna.com\/wp-content\/uploads\/2021\/02\/nowy-sprzet-dla-OSP-15.jpg\" data-link=\"https:\/\/gazetaregionalna.com\/?attachment_id=34558\" class=\"wp-image-34558 lazyload\" data-srcset=\"https:\/\/gazetaregionalna.com\/wp-content\/uploads\/2021\/02\/nowy-sprzet-dla-OSP-15.jpg 800w, https:\/\/gazetaregionalna.com\/wp-content\/uploads\/2021\/02\/nowy-sprzet-dla-OSP-15-300x217.jpg 300w, https:\/\/gazetaregionalna.com\/wp-content\/uploads\/2021\/02\/nowy-sprzet-dla-OSP-15-768x556.jpg 768w, https:\/\/gazetaregionalna.com\/wp-content\/uploads\/2021\/02\/nowy-sprzet-dla-OSP-15-696x504.jpg 696w, https:\/\/gazetaregionalna.com\/wp-content\/uploads\/2021\/02\/nowy-sprzet-dla-OSP-15-580x420.jpg 580w, https:\/\/gazetaregionalna.com\/wp-content\/uploads\/2021\/02\/nowy-sprzet-dla-OSP-15-324x235.jpg 324w\" data-sizes=\"(max-width: 800px) 100vw, 800px\" src=\"data:image\/svg+xml;base64,PHN2ZyB3aWR0aD0iMSIgaGVpZ2h0PSIxIiB4bWxucz0iaHR0cDovL3d3dy53My5vcmcvMjAwMC9zdmciPjwvc3ZnPg==\" style=\"--smush-placeholder-width: 800px; --smush-placeholder-aspect-ratio: 800\/579;\" \/><\/figure><\/li><li class=\"blocks-gallery-item\"><figure><img decoding=\"async\" width=\"800\" height=\"550\" data-src=\"https:\/\/gazetaregionalna.com\/wp-content\/uploads\/2021\/02\/nowy-sprzet-dla-OSP-2.jpg\" alt=\"\" data-id=\"34545\" data-full-url=\"https:\/\/gazetaregionalna.com\/wp-content\/uploads\/2021\/02\/nowy-sprzet-dla-OSP-2.jpg\" data-link=\"https:\/\/gazetaregionalna.com\/?attachment_id=34545\" class=\"wp-image-34545 lazyload\" data-srcset=\"https:\/\/gazetaregionalna.com\/wp-content\/uploads\/2021\/02\/nowy-sprzet-dla-OSP-2.jpg 800w, https:\/\/gazetaregionalna.com\/wp-content\/uploads\/2021\/02\/nowy-sprzet-dla-OSP-2-300x206.jpg 300w, https:\/\/gazetaregionalna.com\/wp-content\/uploads\/2021\/02\/nowy-sprzet-dla-OSP-2-768x528.jpg 768w, https:\/\/gazetaregionalna.com\/wp-content\/uploads\/2021\/02\/nowy-sprzet-dla-OSP-2-218x150.jpg 218w, https:\/\/gazetaregionalna.com\/wp-content\/uploads\/2021\/02\/nowy-sprzet-dla-OSP-2-696x479.jpg 696w, https:\/\/gazetaregionalna.com\/wp-content\/uploads\/2021\/02\/nowy-sprzet-dla-OSP-2-611x420.jpg 611w, https:\/\/gazetaregionalna.com\/wp-content\/uploads\/2021\/02\/nowy-sprzet-dla-OSP-2-100x70.jpg 100w\" data-sizes=\"(max-width: 800px) 100vw, 800px\" src=\"data:image\/svg+xml;base64,PHN2ZyB3aWR0aD0iMSIgaGVpZ2h0PSIxIiB4bWxucz0iaHR0cDovL3d3dy53My5vcmcvMjAwMC9zdmciPjwvc3ZnPg==\" style=\"--smush-placeholder-width: 800px; --smush-placeholder-aspect-ratio: 800\/550;\" \/><\/figure><\/li><li class=\"blocks-gallery-item\"><figure><img decoding=\"async\" width=\"800\" height=\"568\" data-src=\"https:\/\/gazetaregionalna.com\/wp-content\/uploads\/2021\/02\/nowy-sprzet-dla-OSP-1.jpg\" alt=\"\" data-id=\"34544\" data-full-url=\"https:\/\/gazetaregionalna.com\/wp-content\/uploads\/2021\/02\/nowy-sprzet-dla-OSP-1.jpg\" data-link=\"https:\/\/gazetaregionalna.com\/?attachment_id=34544\" class=\"wp-image-34544 lazyload\" data-srcset=\"https:\/\/gazetaregionalna.com\/wp-content\/uploads\/2021\/02\/nowy-sprzet-dla-OSP-1.jpg 800w, https:\/\/gazetaregionalna.com\/wp-content\/uploads\/2021\/02\/nowy-sprzet-dla-OSP-1-300x213.jpg 300w, https:\/\/gazetaregionalna.com\/wp-content\/uploads\/2021\/02\/nowy-sprzet-dla-OSP-1-768x545.jpg 768w, https:\/\/gazetaregionalna.com\/wp-content\/uploads\/2021\/02\/nowy-sprzet-dla-OSP-1-696x494.jpg 696w, https:\/\/gazetaregionalna.com\/wp-content\/uploads\/2021\/02\/nowy-sprzet-dla-OSP-1-592x420.jpg 592w, https:\/\/gazetaregionalna.com\/wp-content\/uploads\/2021\/02\/nowy-sprzet-dla-OSP-1-100x70.jpg 100w\" data-sizes=\"(max-width: 800px) 100vw, 800px\" src=\"data:image\/svg+xml;base64,PHN2ZyB3aWR0aD0iMSIgaGVpZ2h0PSIxIiB4bWxucz0iaHR0cDovL3d3dy53My5vcmcvMjAwMC9zdmciPjwvc3ZnPg==\" style=\"--smush-placeholder-width: 800px; --smush-placeholder-aspect-ratio: 800\/568;\" \/><\/figure><\/li><li class=\"blocks-gallery-item\"><figure><img decoding=\"async\" width=\"800\" height=\"567\" data-src=\"https:\/\/gazetaregionalna.com\/wp-content\/uploads\/2021\/02\/nowy-sprzet-dla-OSP-17.jpg\" alt=\"\" data-id=\"34560\" data-full-url=\"https:\/\/gazetaregionalna.com\/wp-content\/uploads\/2021\/02\/nowy-sprzet-dla-OSP-17.jpg\" data-link=\"https:\/\/gazetaregionalna.com\/?attachment_id=34560\" class=\"wp-image-34560 lazyload\" data-srcset=\"https:\/\/gazetaregionalna.com\/wp-content\/uploads\/2021\/02\/nowy-sprzet-dla-OSP-17.jpg 800w, https:\/\/gazetaregionalna.com\/wp-content\/uploads\/2021\/02\/nowy-sprzet-dla-OSP-17-300x213.jpg 300w, https:\/\/gazetaregionalna.com\/wp-content\/uploads\/2021\/02\/nowy-sprzet-dla-OSP-17-768x544.jpg 768w, https:\/\/gazetaregionalna.com\/wp-content\/uploads\/2021\/02\/nowy-sprzet-dla-OSP-17-696x493.jpg 696w, https:\/\/gazetaregionalna.com\/wp-content\/uploads\/2021\/02\/nowy-sprzet-dla-OSP-17-593x420.jpg 593w, https:\/\/gazetaregionalna.com\/wp-content\/uploads\/2021\/02\/nowy-sprzet-dla-OSP-17-100x70.jpg 100w\" data-sizes=\"(max-width: 800px) 100vw, 800px\" src=\"data:image\/svg+xml;base64,PHN2ZyB3aWR0aD0iMSIgaGVpZ2h0PSIxIiB4bWxucz0iaHR0cDovL3d3dy53My5vcmcvMjAwMC9zdmciPjwvc3ZnPg==\" style=\"--smush-placeholder-width: 800px; --smush-placeholder-aspect-ratio: 800\/567;\" \/><\/figure><\/li><li class=\"blocks-gallery-item\"><figure><img decoding=\"async\" width=\"800\" height=\"571\" data-src=\"https:\/\/gazetaregionalna.com\/wp-content\/uploads\/2021\/02\/nowy-sprzet-dla-OSP-4.jpg\" alt=\"\" data-id=\"34547\" data-full-url=\"https:\/\/gazetaregionalna.com\/wp-content\/uploads\/2021\/02\/nowy-sprzet-dla-OSP-4.jpg\" data-link=\"https:\/\/gazetaregionalna.com\/?attachment_id=34547\" class=\"wp-image-34547 lazyload\" data-srcset=\"https:\/\/gazetaregionalna.com\/wp-content\/uploads\/2021\/02\/nowy-sprzet-dla-OSP-4.jpg 800w, https:\/\/gazetaregionalna.com\/wp-content\/uploads\/2021\/02\/nowy-sprzet-dla-OSP-4-300x214.jpg 300w, https:\/\/gazetaregionalna.com\/wp-content\/uploads\/2021\/02\/nowy-sprzet-dla-OSP-4-768x548.jpg 768w, https:\/\/gazetaregionalna.com\/wp-content\/uploads\/2021\/02\/nowy-sprzet-dla-OSP-4-696x497.jpg 696w, https:\/\/gazetaregionalna.com\/wp-content\/uploads\/2021\/02\/nowy-sprzet-dla-OSP-4-588x420.jpg 588w, https:\/\/gazetaregionalna.com\/wp-content\/uploads\/2021\/02\/nowy-sprzet-dla-OSP-4-100x70.jpg 100w\" data-sizes=\"(max-width: 800px) 100vw, 800px\" src=\"data:image\/svg+xml;base64,PHN2ZyB3aWR0aD0iMSIgaGVpZ2h0PSIxIiB4bWxucz0iaHR0cDovL3d3dy53My5vcmcvMjAwMC9zdmciPjwvc3ZnPg==\" style=\"--smush-placeholder-width: 800px; --smush-placeholder-aspect-ratio: 800\/571;\" \/><\/figure><\/li><\/ul><figcaption class=\"blocks-gallery-caption\"><em>Fot. UG w K\u0142obucku<\/em><\/figcaption><\/figure>\n","protected":false},"excerpt":{"rendered":"<p>Stra\u017cacy z OSP K\u0142obuck i OSP \u0141obodno otrzymali nowy sprz\u0119t ratowniczy, kt\u00f3ry zosta\u0142 zakupiony dzi\u0119ki dofinansowaniu z Wojew\u00f3dzkiego Funduszu Ochrony \u015arodowiska i Gospodarki Wodnej<\/p>\n","protected":false},"author":12,"featured_media":34554,"comment_status":"open","ping_status":"open","sticky":false,"template":"","format":"standard","meta":{"_monsterinsights_skip_tracking":false,"_monsterinsights_sitenote_active":false,"_monsterinsights_sitenote_note":"","_monsterinsights_sitenote_category":0,"_uf_show_specific_survey":0,"_uf_disable_surveys":false,"footnotes":""},"categories":[94,27,4,2],"tags":[1516,1517],"class_list":["post-34543","post","type-post","status-publish","format-standard","has-post-thumbnail","hentry","category-polecane","category-klobuck-informacje","category-region","category-wiadomosci","tag-osp-klobuck","tag-osp-lobodno"],"_links":{"self":[{"href":"https:\/\/gazetaregionalna.com\/index.php?rest_route=\/wp\/v2\/posts\/34543","targetHints":{"allow":["GET"]}}],"collection":[{"href":"https:\/\/gazetaregionalna.com\/index.php?rest_route=\/wp\/v2\/posts"}],"about":[{"href":"https:\/\/gazetaregionalna.com\/index.php?rest_route=\/wp\/v2\/types\/post"}],"author":[{"embeddable":true,"href":"https:\/\/gazetaregionalna.com\/index.php?rest_route=\/wp\/v2\/users\/12"}],"replies":[{"embeddable":true,"href":"https:\/\/gazetaregionalna.com\/index.php?rest_route=%2Fwp%2Fv2%2Fcomments&post=34543"}],"version-history":[{"count":1,"href":"https:\/\/gazetaregionalna.com\/index.php?rest_route=\/wp\/v2\/posts\/34543\/revisions"}],"predecessor-version":[{"id":34561,"href":"https:\/\/gazetaregionalna.com\/index.php?rest_route=\/wp\/v2\/posts\/34543\/revisions\/34561"}],"wp:featuredmedia":[{"embeddable":true,"href":"https:\/\/gazetaregionalna.com\/index.php?rest_route=\/wp\/v2\/media\/34554"}],"wp:attachment":[{"href":"https:\/\/gazetaregionalna.com\/index.php?rest_route=%2Fwp%2Fv2%2Fmedia&parent=34543"}],"wp:term":[{"taxonomy":"category","embeddable":true,"href":"https:\/\/gazetaregionalna.com\/index.php?rest_route=%2Fwp%2Fv2%2Fcategories&post=34543"},{"taxonomy":"post_tag","embeddable":true,"href":"https:\/\/gazetaregionalna.com\/index.php?rest_route=%2Fwp%2Fv2%2Ftags&post=34543"}],"curies":[{"name":"wp","href":"https:\/\/api.w.org\/{rel}","templated":true}]}}