{"id":34447,"date":"2021-02-22T14:46:30","date_gmt":"2021-02-22T14:46:30","guid":{"rendered":"https:\/\/gazetaregionalna.com\/?p=34447"},"modified":"2021-02-25T14:02:10","modified_gmt":"2021-02-25T14:02:10","slug":"nasz-dom-nasza-szansa","status":"publish","type":"post","link":"https:\/\/gazetaregionalna.com\/?p=34447","title":{"rendered":"\u201eNasz dom \u2013 nasz\u0105 szans\u0105\u201d &#8211; Dzienny Dom Pomocy Spo\u0142ecznej w Blachowni"},"content":{"rendered":"\n<p style=\"font-size:25px\">W Blachowni powstanie Dzienny Dom Pomocy Spo\u0142ecznej. Z obiektu b\u0119d\u0105 korzysta\u0107 seniorzy z terenu gminy, kt\u00f3rzy potrzebuj\u0105 wsparcia i doradztwa.<\/p>\n\n\n\n<figure class=\"wp-block-image size-large\"><img decoding=\"async\" width=\"799\" height=\"600\" data-src=\"https:\/\/gazetaregionalna.com\/wp-content\/uploads\/2021\/02\/nasz-dom-6.jpg\" alt=\"\" class=\"wp-image-34452 lazyload\" data-srcset=\"https:\/\/gazetaregionalna.com\/wp-content\/uploads\/2021\/02\/nasz-dom-6.jpg 799w, https:\/\/gazetaregionalna.com\/wp-content\/uploads\/2021\/02\/nasz-dom-6-300x225.jpg 300w, https:\/\/gazetaregionalna.com\/wp-content\/uploads\/2021\/02\/nasz-dom-6-768x577.jpg 768w, https:\/\/gazetaregionalna.com\/wp-content\/uploads\/2021\/02\/nasz-dom-6-696x523.jpg 696w, https:\/\/gazetaregionalna.com\/wp-content\/uploads\/2021\/02\/nasz-dom-6-559x420.jpg 559w, https:\/\/gazetaregionalna.com\/wp-content\/uploads\/2021\/02\/nasz-dom-6-80x60.jpg 80w, https:\/\/gazetaregionalna.com\/wp-content\/uploads\/2021\/02\/nasz-dom-6-265x198.jpg 265w\" data-sizes=\"(max-width: 799px) 100vw, 799px\" src=\"data:image\/svg+xml;base64,PHN2ZyB3aWR0aD0iMSIgaGVpZ2h0PSIxIiB4bWxucz0iaHR0cDovL3d3dy53My5vcmcvMjAwMC9zdmciPjwvc3ZnPg==\" style=\"--smush-placeholder-width: 799px; --smush-placeholder-aspect-ratio: 799\/600;\" \/><figcaption>Fot.UG w Blachowni<\/figcaption><\/figure>\n\n\n\n<p>17 lutego 2021 roku burmistrz Blachowni Sylwia Szyma\u0144ska podpisa\u0142a porozumienie partnerskie z Polskim Stowarzyszeniem na rzecz Os\u00f3b z Niepe\u0142nosprawno\u015bci\u0105 Intelektualn\u0105 Ko\u0142o w Cz\u0119stochowie w sprawie uruchomienia Dziennego Domu Pomocy Spo\u0142ecznej w Blachowni.<\/p>\n\n\n\n<p>Plac\u00f3wka powstanie w ramach projektu <strong>\u201eNasz dom \u2013 nasz\u0105 szans\u0105\u201d<\/strong> i b\u0119dzie kosztowa\u0107 ponad 1 mln z\u0142. Na ten cel przeznaczone zostanie I pi\u0119tro&nbsp;o powierzchni ponad 330 metr\u00f3w&nbsp;wyremontowanego budynku przy ul. Sienkiewicza 15.<\/p>\n\n\n\n<p>Przedsi\u0119wzi\u0119cie wsp\u00f3\u0142finansowane zostanie ze \u015brodk\u00f3w Unii Europejskiej w ramach Europejskiego Funduszu Spo\u0142ecznego w ramach Regionalnego Programu Wojew\u00f3dztwa \u015al\u0105skiego na lata 2014-2020, Osi priorytetowej IX. W\u0142\u0105czenie spo\u0142eczne, Dzia\u0142anie 9.2. Dost\u0119pne i efektywne us\u0142ugi spo\u0142eczne i zdrowotne Poddzia\u0142anie 9.2.5. Rozw\u00f3j us\u0142ug spo\u0142ecznych.<\/p>\n\n\n\n<p>G\u0142\u00f3wnym za\u0142o\u017ceniem projektu jest utworzenie miejsca dla senior\u00f3w z terenu gminy Blachownia, kt\u00f3rzy potrzebuj\u0105 wsparcia i doradztwa. W ramach projektu planowane s\u0105:<\/p>\n\n\n\n<ul class=\"wp-block-list\"><li>zaj\u0119cia z koordynacji psychicznej i fizycznej;<\/li><li>doradztwo prawne;<\/li><li>pomoc psychologiczna;<\/li><li>wycieczki i spotkania okoliczno\u015bciowe.<\/li><\/ul>\n\n\n\n<figure class=\"wp-block-image size-large\"><img decoding=\"async\" width=\"800\" height=\"600\" data-src=\"https:\/\/gazetaregionalna.com\/wp-content\/uploads\/2021\/02\/nasz-dom-4.jpg\" alt=\"\" class=\"wp-image-34450 lazyload\" data-srcset=\"https:\/\/gazetaregionalna.com\/wp-content\/uploads\/2021\/02\/nasz-dom-4.jpg 800w, https:\/\/gazetaregionalna.com\/wp-content\/uploads\/2021\/02\/nasz-dom-4-300x225.jpg 300w, https:\/\/gazetaregionalna.com\/wp-content\/uploads\/2021\/02\/nasz-dom-4-768x576.jpg 768w, https:\/\/gazetaregionalna.com\/wp-content\/uploads\/2021\/02\/nasz-dom-4-696x522.jpg 696w, https:\/\/gazetaregionalna.com\/wp-content\/uploads\/2021\/02\/nasz-dom-4-560x420.jpg 560w, https:\/\/gazetaregionalna.com\/wp-content\/uploads\/2021\/02\/nasz-dom-4-80x60.jpg 80w, https:\/\/gazetaregionalna.com\/wp-content\/uploads\/2021\/02\/nasz-dom-4-265x198.jpg 265w\" data-sizes=\"(max-width: 800px) 100vw, 800px\" src=\"data:image\/svg+xml;base64,PHN2ZyB3aWR0aD0iMSIgaGVpZ2h0PSIxIiB4bWxucz0iaHR0cDovL3d3dy53My5vcmcvMjAwMC9zdmciPjwvc3ZnPg==\" style=\"--smush-placeholder-width: 800px; --smush-placeholder-aspect-ratio: 800\/600;\" \/><figcaption>Fot. UG w Blachowni<\/figcaption><\/figure>\n\n\n\n<p>&#8211; <em>\u201e<\/em><em>Wychodz\u0105c naprzeciw oczekiwaniom mieszka\u0144c\u00f3w, g\u0142\u00f3wnie tych starszych, postanowili\u015bmy w centrum miasta utworzy\u0107 bezpieczn\u0105&nbsp;i przede wszystkim komfortow\u0105 stref\u0119&nbsp;dla senior\u00f3w. Dzienny Dom Pomocy Spo\u0142ecznej b\u0119dzie w pe\u0142ni wyposa\u017cony i dostosowany do potrzeb os\u00f3b starszych. Nie zabraknie w nim sali relaksu, sali kinowej, miejsca do rehabilitacji i \u0107wicze\u0144,&nbsp;a tak\u017ce jadalni, kuchni i rekreacyjnego tarasu z widokiem na zalew. Wyremontowany&nbsp;budynek Pra\u017cynki jest obiektem spe\u0142niaj\u0105cym wszystkie oczekiwania, znajduje si\u0119 w s\u0105siedztwie w\u0119z\u0142a przesiadkowego, co u\u0142atwia dotarcie mieszka\u0144com z ka\u017cdej cz\u0119\u015bci gminy.&nbsp;Opr\u00f3cz zaj\u0119\u0107 stacjonarnych w projekcie uj\u0119to r\u00f3wnie\u017c wycieczki turystyczne oraz kulturalne.&nbsp;W projekt zaanga\u017cowanych b\u0119dzie wielu specjalist\u00f3w &#8211; rehabilitant\u00f3w, psycholog\u00f3w oraz opiekun\u00f3w.&nbsp;Warto podkre\u015bli\u0107, \u017ce program&nbsp;zak\u0142ada pe\u0142ne wy\u017cywienie dla uczestnik\u00f3w&nbsp;projektu.&nbsp;Dzienny Dom Pomocy funkcjonowa\u0107 ma od poniedzia\u0142ku do pi\u0105tku od godziny 8 do 16. Wraz z&nbsp;liderem projektu \u2013 Stowarzyszeniem&nbsp;na rzecz Os\u00f3b z Niepe\u0142nosprawno\u015bci\u0105 Intelektualn\u0105&nbsp;liczymy na to, \u017ce seniorzy odnajd\u0105 w tym miejscu drugi, czasem nawet lepszy dom<\/em><em>\u201d &#8211;&nbsp;<\/em>m\u00f3wi Burmistrz Sylwia Szyma\u0144ska.<\/p>\n\n\n\n<p>Wkr\u00f3tce zacznie si\u0119 rekrutacja 24 os\u00f3b, kt\u00f3re zostan\u0105 wsparte w tym projekcie. Preferowanymi&nbsp;uczestnikami projektu b\u0119d\u0105:<\/p>\n\n\n\n<ul class=\"wp-block-list\"><li>osoby lub rodzin zagro\u017cone ub\u00f3stwem, lub wykluczeniem spo\u0142ecznym do\u015bwiadczaj\u0105cych wielokrotnego wykluczenia spo\u0142ecznego, rozumianego jako wykluczenie z powodu wi\u0119cej ni\u017c jednej z przes\u0142anek podanej przy definicji os\u00f3b lub rodzin zagro\u017conych ub\u00f3stwem i wykluczeniem;<\/li><li>osoby o znacznym lub umiarkowanym stopniu niepe\u0142nosprawno\u015bci;<\/li><li>osoby lub rodziny korzystaj\u0105cych z PO P\u017b, pod warunkiem \u017ce zakres wsparcia dla tych os\u00f3b lub rodzin nie b\u0119dzie powiela\u0142 dzia\u0142a\u0144, kt\u00f3re dana osoba lub rodzina otrzyma\u0142a, lub otrzymuje z PO P\u017b w ramach dzia\u0142a\u0144 towarzysz\u0105cych, o kt\u00f3rych mowa w POP\u017b;<\/li><li>osoby samotne.<\/li><\/ul>\n\n\n\n<p>Dzienny Dom Pomocy Spo\u0142ecznej rozpocznie swoj\u0105 dzia\u0142alno\u015b\u0107 <strong>od 1 kwietnia 2021 roku<\/strong>.<\/p>\n\n\n\n<figure class=\"wp-block-gallery columns-3 is-cropped wp-block-gallery-1 is-layout-flex wp-block-gallery-is-layout-flex\"><ul class=\"blocks-gallery-grid\"><li class=\"blocks-gallery-item\"><figure><a href=\"https:\/\/gazetaregionalna.com\/wp-content\/uploads\/2021\/02\/nasz-dom-7.jpg\"><img decoding=\"async\" width=\"431\" height=\"600\" data-src=\"https:\/\/gazetaregionalna.com\/wp-content\/uploads\/2021\/02\/nasz-dom-7.jpg\" alt=\"\" data-id=\"34453\" data-full-url=\"https:\/\/gazetaregionalna.com\/wp-content\/uploads\/2021\/02\/nasz-dom-7.jpg\" data-link=\"https:\/\/gazetaregionalna.com\/?attachment_id=34453\" class=\"wp-image-34453 lazyload\" data-srcset=\"https:\/\/gazetaregionalna.com\/wp-content\/uploads\/2021\/02\/nasz-dom-7.jpg 431w, https:\/\/gazetaregionalna.com\/wp-content\/uploads\/2021\/02\/nasz-dom-7-216x300.jpg 216w, https:\/\/gazetaregionalna.com\/wp-content\/uploads\/2021\/02\/nasz-dom-7-302x420.jpg 302w\" data-sizes=\"(max-width: 431px) 100vw, 431px\" src=\"data:image\/svg+xml;base64,PHN2ZyB3aWR0aD0iMSIgaGVpZ2h0PSIxIiB4bWxucz0iaHR0cDovL3d3dy53My5vcmcvMjAwMC9zdmciPjwvc3ZnPg==\" style=\"--smush-placeholder-width: 431px; --smush-placeholder-aspect-ratio: 431\/600;\" \/><\/a><\/figure><\/li><li class=\"blocks-gallery-item\"><figure><a href=\"https:\/\/gazetaregionalna.com\/wp-content\/uploads\/2021\/02\/nasz-dom-5.jpg\"><img decoding=\"async\" width=\"800\" height=\"600\" data-src=\"https:\/\/gazetaregionalna.com\/wp-content\/uploads\/2021\/02\/nasz-dom-5.jpg\" alt=\"\" data-id=\"34451\" data-full-url=\"https:\/\/gazetaregionalna.com\/wp-content\/uploads\/2021\/02\/nasz-dom-5.jpg\" data-link=\"https:\/\/gazetaregionalna.com\/?attachment_id=34451\" class=\"wp-image-34451 lazyload\" data-srcset=\"https:\/\/gazetaregionalna.com\/wp-content\/uploads\/2021\/02\/nasz-dom-5.jpg 800w, https:\/\/gazetaregionalna.com\/wp-content\/uploads\/2021\/02\/nasz-dom-5-300x225.jpg 300w, https:\/\/gazetaregionalna.com\/wp-content\/uploads\/2021\/02\/nasz-dom-5-768x576.jpg 768w, https:\/\/gazetaregionalna.com\/wp-content\/uploads\/2021\/02\/nasz-dom-5-696x522.jpg 696w, https:\/\/gazetaregionalna.com\/wp-content\/uploads\/2021\/02\/nasz-dom-5-560x420.jpg 560w, https:\/\/gazetaregionalna.com\/wp-content\/uploads\/2021\/02\/nasz-dom-5-80x60.jpg 80w, https:\/\/gazetaregionalna.com\/wp-content\/uploads\/2021\/02\/nasz-dom-5-265x198.jpg 265w\" data-sizes=\"(max-width: 800px) 100vw, 800px\" src=\"data:image\/svg+xml;base64,PHN2ZyB3aWR0aD0iMSIgaGVpZ2h0PSIxIiB4bWxucz0iaHR0cDovL3d3dy53My5vcmcvMjAwMC9zdmciPjwvc3ZnPg==\" style=\"--smush-placeholder-width: 800px; --smush-placeholder-aspect-ratio: 800\/600;\" \/><\/a><\/figure><\/li><li class=\"blocks-gallery-item\"><figure><a href=\"https:\/\/gazetaregionalna.com\/wp-content\/uploads\/2021\/02\/nasz-dom-3.jpg\"><img decoding=\"async\" width=\"800\" height=\"600\" data-src=\"https:\/\/gazetaregionalna.com\/wp-content\/uploads\/2021\/02\/nasz-dom-3.jpg\" alt=\"\" data-id=\"34449\" data-full-url=\"https:\/\/gazetaregionalna.com\/wp-content\/uploads\/2021\/02\/nasz-dom-3.jpg\" data-link=\"https:\/\/gazetaregionalna.com\/?attachment_id=34449\" class=\"wp-image-34449 lazyload\" data-srcset=\"https:\/\/gazetaregionalna.com\/wp-content\/uploads\/2021\/02\/nasz-dom-3.jpg 800w, https:\/\/gazetaregionalna.com\/wp-content\/uploads\/2021\/02\/nasz-dom-3-300x225.jpg 300w, https:\/\/gazetaregionalna.com\/wp-content\/uploads\/2021\/02\/nasz-dom-3-768x576.jpg 768w, https:\/\/gazetaregionalna.com\/wp-content\/uploads\/2021\/02\/nasz-dom-3-696x522.jpg 696w, https:\/\/gazetaregionalna.com\/wp-content\/uploads\/2021\/02\/nasz-dom-3-560x420.jpg 560w, https:\/\/gazetaregionalna.com\/wp-content\/uploads\/2021\/02\/nasz-dom-3-80x60.jpg 80w, https:\/\/gazetaregionalna.com\/wp-content\/uploads\/2021\/02\/nasz-dom-3-265x198.jpg 265w\" data-sizes=\"(max-width: 800px) 100vw, 800px\" src=\"data:image\/svg+xml;base64,PHN2ZyB3aWR0aD0iMSIgaGVpZ2h0PSIxIiB4bWxucz0iaHR0cDovL3d3dy53My5vcmcvMjAwMC9zdmciPjwvc3ZnPg==\" style=\"--smush-placeholder-width: 800px; --smush-placeholder-aspect-ratio: 800\/600;\" \/><\/a><\/figure><\/li><li class=\"blocks-gallery-item\"><figure><a href=\"https:\/\/gazetaregionalna.com\/wp-content\/uploads\/2021\/02\/nasz-dom-2.jpg\"><img decoding=\"async\" width=\"800\" height=\"600\" data-src=\"https:\/\/gazetaregionalna.com\/wp-content\/uploads\/2021\/02\/nasz-dom-2.jpg\" alt=\"\" data-id=\"34448\" data-full-url=\"https:\/\/gazetaregionalna.com\/wp-content\/uploads\/2021\/02\/nasz-dom-2.jpg\" data-link=\"https:\/\/gazetaregionalna.com\/?attachment_id=34448\" class=\"wp-image-34448 lazyload\" data-srcset=\"https:\/\/gazetaregionalna.com\/wp-content\/uploads\/2021\/02\/nasz-dom-2.jpg 800w, https:\/\/gazetaregionalna.com\/wp-content\/uploads\/2021\/02\/nasz-dom-2-300x225.jpg 300w, https:\/\/gazetaregionalna.com\/wp-content\/uploads\/2021\/02\/nasz-dom-2-768x576.jpg 768w, https:\/\/gazetaregionalna.com\/wp-content\/uploads\/2021\/02\/nasz-dom-2-696x522.jpg 696w, https:\/\/gazetaregionalna.com\/wp-content\/uploads\/2021\/02\/nasz-dom-2-560x420.jpg 560w, https:\/\/gazetaregionalna.com\/wp-content\/uploads\/2021\/02\/nasz-dom-2-80x60.jpg 80w, https:\/\/gazetaregionalna.com\/wp-content\/uploads\/2021\/02\/nasz-dom-2-265x198.jpg 265w\" data-sizes=\"(max-width: 800px) 100vw, 800px\" src=\"data:image\/svg+xml;base64,PHN2ZyB3aWR0aD0iMSIgaGVpZ2h0PSIxIiB4bWxucz0iaHR0cDovL3d3dy53My5vcmcvMjAwMC9zdmciPjwvc3ZnPg==\" style=\"--smush-placeholder-width: 800px; --smush-placeholder-aspect-ratio: 800\/600;\" \/><\/a><\/figure><\/li><\/ul><figcaption class=\"blocks-gallery-caption\">Fot. UG w Blachowni<\/figcaption><\/figure>\n","protected":false},"excerpt":{"rendered":"<p>W Blachowni powstanie Dzienny Dom Pomocy Spo\u0142ecznej. Z obiektu b\u0119d\u0105 korzysta\u0107 seniorzy z terenu gminy, kt\u00f3rzy potrzebuj\u0105 wsparcia i doradztwa. 17 lutego 2021 roku<\/p>\n","protected":false},"author":12,"featured_media":34455,"comment_status":"open","ping_status":"open","sticky":false,"template":"","format":"standard","meta":{"_monsterinsights_skip_tracking":false,"_monsterinsights_sitenote_active":false,"_monsterinsights_sitenote_note":"","_monsterinsights_sitenote_category":0,"_uf_show_specific_survey":0,"_uf_disable_surveys":false,"footnotes":""},"categories":[94,4,2],"tags":[1505,1506],"class_list":["post-34447","post","type-post","status-publish","format-standard","has-post-thumbnail","hentry","category-polecane","category-region","category-wiadomosci","tag-dzienny-dom-pomocy-spolecznej","tag-nasz-dom-nasza-szansa"],"_links":{"self":[{"href":"https:\/\/gazetaregionalna.com\/index.php?rest_route=\/wp\/v2\/posts\/34447","targetHints":{"allow":["GET"]}}],"collection":[{"href":"https:\/\/gazetaregionalna.com\/index.php?rest_route=\/wp\/v2\/posts"}],"about":[{"href":"https:\/\/gazetaregionalna.com\/index.php?rest_route=\/wp\/v2\/types\/post"}],"author":[{"embeddable":true,"href":"https:\/\/gazetaregionalna.com\/index.php?rest_route=\/wp\/v2\/users\/12"}],"replies":[{"embeddable":true,"href":"https:\/\/gazetaregionalna.com\/index.php?rest_route=%2Fwp%2Fv2%2Fcomments&post=34447"}],"version-history":[{"count":2,"href":"https:\/\/gazetaregionalna.com\/index.php?rest_route=\/wp\/v2\/posts\/34447\/revisions"}],"predecessor-version":[{"id":34717,"href":"https:\/\/gazetaregionalna.com\/index.php?rest_route=\/wp\/v2\/posts\/34447\/revisions\/34717"}],"wp:featuredmedia":[{"embeddable":true,"href":"https:\/\/gazetaregionalna.com\/index.php?rest_route=\/wp\/v2\/media\/34455"}],"wp:attachment":[{"href":"https:\/\/gazetaregionalna.com\/index.php?rest_route=%2Fwp%2Fv2%2Fmedia&parent=34447"}],"wp:term":[{"taxonomy":"category","embeddable":true,"href":"https:\/\/gazetaregionalna.com\/index.php?rest_route=%2Fwp%2Fv2%2Fcategories&post=34447"},{"taxonomy":"post_tag","embeddable":true,"href":"https:\/\/gazetaregionalna.com\/index.php?rest_route=%2Fwp%2Fv2%2Ftags&post=34447"}],"curies":[{"name":"wp","href":"https:\/\/api.w.org\/{rel}","templated":true}]}}