{"id":34443,"date":"2021-02-22T13:00:07","date_gmt":"2021-02-22T13:00:07","guid":{"rendered":"https:\/\/gazetaregionalna.com\/?p=34443"},"modified":"2021-02-22T13:00:09","modified_gmt":"2021-02-22T13:00:09","slug":"zostaw-swoj-1-procent-w-czestochowie-zacheca-miasto","status":"publish","type":"post","link":"https:\/\/gazetaregionalna.com\/?p=34443","title":{"rendered":"Zostaw sw\u00f3j 1 procent w Cz\u0119stochowie \u2013 zach\u0119ca miasto"},"content":{"rendered":"\n<h2 class=\"wp-block-heading\">Rozpocz\u0105\u0142 si\u0119 ju\u017c okres rozliczania podatku za 2020 rok. Jak zawsze wype\u0142niaj\u0105c PIT ka\u017cdy z nas mo\u017ce przeznaczy\u0107 1% na rzecz Organizacji Po\u017cytku Publicznego.<\/h2>\n\n\n\n<p>W\u0142adze miasta ponownie ruszy\u0142y z akcj\u0105 pod has\u0142em: \u201eZostaw 1% w Cz\u0119stochowie\u201d. Samorz\u0105d zach\u0119ca, aby wybieraj\u0105 organizacj\u0119, kt\u00f3rej chcemy przekaza\u0107 pieni\u0105dze, decydowa\u0107 si\u0119 na t\u0119, kt\u00f3ra dzia\u0142a w Cz\u0119stochowie i na rzecz cz\u0119stochowian.<\/p>\n\n\n\n<p>Jak przekonuje samorz\u0105d, tym samym pomagamy w sfinansowaniu wa\u017cnych dzia\u0142a\u0144 na rzecz os\u00f3b starszych, chorych czy te\u017c dzieci mieszkaj\u0105cych w naszym mie\u015bcie.<\/p>\n\n\n\n<p><strong>Kto mo\u017ce przekaza\u0107 1%?<\/strong><\/p>\n\n\n\n<ul class=\"wp-block-list\"><li>podatnicy podatku dochodowego od os\u00f3b fizycznych (w tym m.in. podatnicy uzyskuj\u0105cy dochody z odp\u0142atnego zbycia papier\u00f3w warto\u015bciowych)<\/li><li>podatnicy opodatkowani rycza\u0142tem od przychod\u00f3w ewidencjonowanych<\/li><li>podatnicy prowadz\u0105cy jednoosobow\u0105 dzia\u0142alno\u015b\u0107 gospodarcz\u0105 i korzystaj\u0105cy z liniowej, 19-procentowej stawki podatku<\/li><li>1% mog\u0105 przekaza\u0107 r\u00f3wnie\u017c emeryci, pod warunkiem jednak, \u017ce samodzielnie wype\u0142ni\u0105 PIT-37 i zrezygnuj\u0105 z pomocy ZUS w tym zakresie<\/li><\/ul>\n\n\n\n<p>Podobna zasada dotyczy os\u00f3b, kt\u00f3re s\u0105 rozliczane przez pracodawc\u0119.<\/p>\n\n\n\n<p><strong>Wykaz organizacji po\u017cytku publicznego uprawnionych do otrzymania 1 % podatku dochodowego od os\u00f3b fizycznych za rok 2020 znajduje si\u0119 <\/strong><strong>na stronie<\/strong><\/p>\n\n\n\n<p><a href=\"http:\/\/ngo.czestochowa.pl\/page\/file.php?id=9402\" target=\"_blank\" rel=\"noopener\">http:\/\/ngo.czestochowa.pl\/page\/file.php?id=9402<\/a><\/p>\n","protected":false},"excerpt":{"rendered":"<p>Rozpocz\u0105\u0142 si\u0119 ju\u017c okres rozliczania podatku za 2020 rok. Jak zawsze wype\u0142niaj\u0105c PIT ka\u017cdy z nas mo\u017ce przeznaczy\u0107 1% na rzecz Organizacji Po\u017cytku Publicznego.<\/p>\n","protected":false},"author":7,"featured_media":34446,"comment_status":"open","ping_status":"open","sticky":false,"template":"","format":"standard","meta":{"_monsterinsights_skip_tracking":false,"_monsterinsights_sitenote_active":false,"_monsterinsights_sitenote_note":"","_monsterinsights_sitenote_category":0,"_uf_show_specific_survey":0,"_uf_disable_surveys":false,"footnotes":""},"categories":[94,3,2],"tags":[],"class_list":["post-34443","post","type-post","status-publish","format-standard","has-post-thumbnail","hentry","category-polecane","category-czestochowa-informacje","category-wiadomosci"],"_links":{"self":[{"href":"https:\/\/gazetaregionalna.com\/index.php?rest_route=\/wp\/v2\/posts\/34443","targetHints":{"allow":["GET"]}}],"collection":[{"href":"https:\/\/gazetaregionalna.com\/index.php?rest_route=\/wp\/v2\/posts"}],"about":[{"href":"https:\/\/gazetaregionalna.com\/index.php?rest_route=\/wp\/v2\/types\/post"}],"author":[{"embeddable":true,"href":"https:\/\/gazetaregionalna.com\/index.php?rest_route=\/wp\/v2\/users\/7"}],"replies":[{"embeddable":true,"href":"https:\/\/gazetaregionalna.com\/index.php?rest_route=%2Fwp%2Fv2%2Fcomments&post=34443"}],"version-history":[{"count":2,"href":"https:\/\/gazetaregionalna.com\/index.php?rest_route=\/wp\/v2\/posts\/34443\/revisions"}],"predecessor-version":[{"id":34445,"href":"https:\/\/gazetaregionalna.com\/index.php?rest_route=\/wp\/v2\/posts\/34443\/revisions\/34445"}],"wp:featuredmedia":[{"embeddable":true,"href":"https:\/\/gazetaregionalna.com\/index.php?rest_route=\/wp\/v2\/media\/34446"}],"wp:attachment":[{"href":"https:\/\/gazetaregionalna.com\/index.php?rest_route=%2Fwp%2Fv2%2Fmedia&parent=34443"}],"wp:term":[{"taxonomy":"category","embeddable":true,"href":"https:\/\/gazetaregionalna.com\/index.php?rest_route=%2Fwp%2Fv2%2Fcategories&post=34443"},{"taxonomy":"post_tag","embeddable":true,"href":"https:\/\/gazetaregionalna.com\/index.php?rest_route=%2Fwp%2Fv2%2Ftags&post=34443"}],"curies":[{"name":"wp","href":"https:\/\/api.w.org\/{rel}","templated":true}]}}