{"id":34377,"date":"2021-02-21T06:29:52","date_gmt":"2021-02-21T06:29:52","guid":{"rendered":"https:\/\/gazetaregionalna.com\/?p=34377"},"modified":"2021-02-21T06:29:54","modified_gmt":"2021-02-21T06:29:54","slug":"czestochowska-policja-przechwycila-nielegalne-papierosy","status":"publish","type":"post","link":"https:\/\/gazetaregionalna.com\/?p=34377","title":{"rendered":"Cz\u0119stochowska policja przechwyci\u0142a nielegalne papierosy"},"content":{"rendered":"\n<h3 class=\"wp-block-heading\"><strong>Blisko 54 tysi\u0105ce papier\u00f3w oraz 7 kilogram\u00f3w tytoniu bez polskich znak\u00f3w akcyzy ujawni\u0142a cz\u0119stochowska policja. <\/strong><\/h3>\n\n\n\n<figure class=\"wp-block-image size-large\"><img decoding=\"async\" width=\"970\" height=\"709\" data-src=\"https:\/\/gazetaregionalna.com\/wp-content\/uploads\/2021\/02\/42-646421.jpg\" alt=\"\" class=\"wp-image-34381 lazyload\" data-srcset=\"https:\/\/gazetaregionalna.com\/wp-content\/uploads\/2021\/02\/42-646421.jpg 970w, https:\/\/gazetaregionalna.com\/wp-content\/uploads\/2021\/02\/42-646421-300x219.jpg 300w, https:\/\/gazetaregionalna.com\/wp-content\/uploads\/2021\/02\/42-646421-768x561.jpg 768w, https:\/\/gazetaregionalna.com\/wp-content\/uploads\/2021\/02\/42-646421-696x509.jpg 696w, https:\/\/gazetaregionalna.com\/wp-content\/uploads\/2021\/02\/42-646421-575x420.jpg 575w\" data-sizes=\"(max-width: 970px) 100vw, 970px\" src=\"data:image\/svg+xml;base64,PHN2ZyB3aWR0aD0iMSIgaGVpZ2h0PSIxIiB4bWxucz0iaHR0cDovL3d3dy53My5vcmcvMjAwMC9zdmciPjwvc3ZnPg==\" style=\"--smush-placeholder-width: 970px; --smush-placeholder-aspect-ratio: 970\/709;\" \/><\/figure>\n\n\n\n<p>Gdyby towar ten trafi\u0142 do sprzeda\u017cy, strata Skarbu Pa\u0144stwa z powodu braku op\u0142at za akcyz\u0119 i VAT mog\u0142aby wynie\u015b\u0107 ponad 71 tysi\u0119cy z\u0142otych.<\/p>\n\n\n\n<p>Spraw\u0119 wykryli funkcjonariusze zajmuj\u0105cy si\u0119 zwalczaniem przest\u0119pczo\u015bci gospodarczej. Zatrzymali oni 33-latka, kt\u00f3ry \u0142\u0105cznie posiada\u0142 prawie 54 tysi\u0105ce sztuk papieros\u00f3w oraz 7 kilogram\u00f3w tytoniu do palenia bez polskich znak\u00f3w skarbowych akcyzy.<\/p>\n\n\n\n<p>Mieszka\u0144cowi Cz\u0119stochowy grozi wysoka grzywna i do trzech lat wi\u0119zienia.<\/p>\n","protected":false},"excerpt":{"rendered":"<p>Blisko 54 tysi\u0105ce papier\u00f3w oraz 7 kilogram\u00f3w tytoniu bez polskich znak\u00f3w akcyzy ujawni\u0142a cz\u0119stochowska policja. Gdyby towar ten trafi\u0142 do sprzeda\u017cy, strata Skarbu Pa\u0144stwa<\/p>\n","protected":false},"author":7,"featured_media":34382,"comment_status":"open","ping_status":"open","sticky":false,"template":"","format":"standard","meta":{"_monsterinsights_skip_tracking":false,"_monsterinsights_sitenote_active":false,"_monsterinsights_sitenote_note":"","_monsterinsights_sitenote_category":0,"_uf_show_specific_survey":0,"_uf_disable_surveys":false,"footnotes":""},"categories":[3,2],"tags":[],"class_list":["post-34377","post","type-post","status-publish","format-standard","has-post-thumbnail","hentry","category-czestochowa-informacje","category-wiadomosci"],"_links":{"self":[{"href":"https:\/\/gazetaregionalna.com\/index.php?rest_route=\/wp\/v2\/posts\/34377","targetHints":{"allow":["GET"]}}],"collection":[{"href":"https:\/\/gazetaregionalna.com\/index.php?rest_route=\/wp\/v2\/posts"}],"about":[{"href":"https:\/\/gazetaregionalna.com\/index.php?rest_route=\/wp\/v2\/types\/post"}],"author":[{"embeddable":true,"href":"https:\/\/gazetaregionalna.com\/index.php?rest_route=\/wp\/v2\/users\/7"}],"replies":[{"embeddable":true,"href":"https:\/\/gazetaregionalna.com\/index.php?rest_route=%2Fwp%2Fv2%2Fcomments&post=34377"}],"version-history":[{"count":3,"href":"https:\/\/gazetaregionalna.com\/index.php?rest_route=\/wp\/v2\/posts\/34377\/revisions"}],"predecessor-version":[{"id":34383,"href":"https:\/\/gazetaregionalna.com\/index.php?rest_route=\/wp\/v2\/posts\/34377\/revisions\/34383"}],"wp:featuredmedia":[{"embeddable":true,"href":"https:\/\/gazetaregionalna.com\/index.php?rest_route=\/wp\/v2\/media\/34382"}],"wp:attachment":[{"href":"https:\/\/gazetaregionalna.com\/index.php?rest_route=%2Fwp%2Fv2%2Fmedia&parent=34377"}],"wp:term":[{"taxonomy":"category","embeddable":true,"href":"https:\/\/gazetaregionalna.com\/index.php?rest_route=%2Fwp%2Fv2%2Fcategories&post=34377"},{"taxonomy":"post_tag","embeddable":true,"href":"https:\/\/gazetaregionalna.com\/index.php?rest_route=%2Fwp%2Fv2%2Ftags&post=34377"}],"curies":[{"name":"wp","href":"https:\/\/api.w.org\/{rel}","templated":true}]}}