{"id":34370,"date":"2021-02-21T10:00:00","date_gmt":"2021-02-21T10:00:00","guid":{"rendered":"https:\/\/gazetaregionalna.com\/?p=34370"},"modified":"2021-02-21T00:54:14","modified_gmt":"2021-02-21T00:54:14","slug":"przerwa-w-dostawie-pradu-109","status":"publish","type":"post","link":"https:\/\/gazetaregionalna.com\/?p=34370","title":{"rendered":"UWAGA! Przerwa w dostawie pr\u0105du w powiecie radomszcza\u0144skim! PGE informuje"},"content":{"rendered":"\n<p style=\"font-size:25px\">Dystrybutor pr\u0105du PGE planuje przerw\u0119 w dostawie energii na najbli\u017csze 5 dni w powiecie radomszcza\u0144skim.<\/p>\n\n\n\n<p>Brak w dostawie energii nast\u0105pi w gminie:<\/p>\n\n\n\n<p><strong>Radomsko 26 luty 2020<\/strong> <strong>roku<\/strong> na ulicy:<\/p>\n\n\n\n<ul class=\"wp-block-list\"><li>ul. Brze\u017anicka 20-22 od godziny <strong>&nbsp;8:00 <\/strong>do <strong>15:00<\/strong>.<\/li><\/ul>\n\n\n\n<p><strong>Kodr\u0105b<\/strong> <strong>23 luty <\/strong><strong>2020<\/strong> <strong>roku<\/strong> na ulicy:<\/p>\n\n\n\n<ul class=\"wp-block-list\"><li>ul. Nowa 1-5, ul. Ogrodowa 3-13 oraz dz. 164\/8, 164\/9, ul. Parkowa 1-4, ul. Piotrkowska 1-4a oraz dz. 95, ul. Spokojna 1-28, ul. Sp\u00f3\u0142dzielcza 1-12 oraz dz. 1122, ul. Wincentego Witosa, ul. Wolno\u015bci 8, ul. Zachodnia 1-4 oraz dz. 155\/5, 155\/8, Moczyd\u0142a 1-16, Olszowiec 3, 5, ul. Armii Krajowej 18 oraz dz. 210\/10, ul. G\u00f3rna 4-28 oraz dz. 801\/1, ul. Jadwigi Klekowskiej 3-10, ul. Kwiatowa 2-12a, ul. Le\u015bna, ul. Niepodleg\u0142o\u015bci 1-27 (Piekarnia, Hydrofornia) oraz dzia\u0142ki od godziny <strong>8:00 <\/strong>do <strong>14:00.<\/strong><\/li><\/ul>\n\n\n\n<p>Dostawca pr\u0105du przeprasza za utrudnienia.<\/p>\n","protected":false},"excerpt":{"rendered":"<p>Dystrybutor pr\u0105du PGE planuje przerw\u0119 w dostawie energii na najbli\u017csze 5 dni w powiecie radomszcza\u0144skim. Brak w dostawie energii nast\u0105pi w gminie: Radomsko 26<\/p>\n","protected":false},"author":12,"featured_media":33292,"comment_status":"open","ping_status":"open","sticky":false,"template":"","format":"standard","meta":{"_monsterinsights_skip_tracking":false,"_monsterinsights_sitenote_active":false,"_monsterinsights_sitenote_note":"","_monsterinsights_sitenote_category":0,"_uf_show_specific_survey":0,"_uf_disable_surveys":false,"footnotes":""},"categories":[2,28],"tags":[728,941,630],"class_list":["post-34370","post","type-post","status-publish","format-standard","has-post-thumbnail","hentry","category-wiadomosci","category-radomsko","tag-brak-pradu","tag-pge-energia","tag-powiat-radomszczanski"],"_links":{"self":[{"href":"https:\/\/gazetaregionalna.com\/index.php?rest_route=\/wp\/v2\/posts\/34370","targetHints":{"allow":["GET"]}}],"collection":[{"href":"https:\/\/gazetaregionalna.com\/index.php?rest_route=\/wp\/v2\/posts"}],"about":[{"href":"https:\/\/gazetaregionalna.com\/index.php?rest_route=\/wp\/v2\/types\/post"}],"author":[{"embeddable":true,"href":"https:\/\/gazetaregionalna.com\/index.php?rest_route=\/wp\/v2\/users\/12"}],"replies":[{"embeddable":true,"href":"https:\/\/gazetaregionalna.com\/index.php?rest_route=%2Fwp%2Fv2%2Fcomments&post=34370"}],"version-history":[{"count":1,"href":"https:\/\/gazetaregionalna.com\/index.php?rest_route=\/wp\/v2\/posts\/34370\/revisions"}],"predecessor-version":[{"id":34371,"href":"https:\/\/gazetaregionalna.com\/index.php?rest_route=\/wp\/v2\/posts\/34370\/revisions\/34371"}],"wp:featuredmedia":[{"embeddable":true,"href":"https:\/\/gazetaregionalna.com\/index.php?rest_route=\/wp\/v2\/media\/33292"}],"wp:attachment":[{"href":"https:\/\/gazetaregionalna.com\/index.php?rest_route=%2Fwp%2Fv2%2Fmedia&parent=34370"}],"wp:term":[{"taxonomy":"category","embeddable":true,"href":"https:\/\/gazetaregionalna.com\/index.php?rest_route=%2Fwp%2Fv2%2Fcategories&post=34370"},{"taxonomy":"post_tag","embeddable":true,"href":"https:\/\/gazetaregionalna.com\/index.php?rest_route=%2Fwp%2Fv2%2Ftags&post=34370"}],"curies":[{"name":"wp","href":"https:\/\/api.w.org\/{rel}","templated":true}]}}