{"id":34352,"date":"2021-02-20T07:44:59","date_gmt":"2021-02-20T07:44:59","guid":{"rendered":"https:\/\/gazetaregionalna.com\/?p=34352"},"modified":"2021-02-20T07:45:00","modified_gmt":"2021-02-20T07:45:00","slug":"w-lublincu-jest-jeszcze-szansa-na-dofinansowanie-do-kolektorow-slonecznych-i-ogniw-fotowoltaicznych","status":"publish","type":"post","link":"https:\/\/gazetaregionalna.com\/?p=34352","title":{"rendered":"W Lubli\u0144cu jest jeszcze szansa na dofinansowanie do kolektor\u00f3w s\u0142onecznych i ogniw fotowoltaicznych"},"content":{"rendered":"\n<h2 class=\"wp-block-heading\">Miasto og\u0142osi\u0142o uzupe\u0142niaj\u0105cy nab\u00f3r ch\u0119tnych do udzia\u0142u w programie \u201eS\u0142oneczny Lubliniec\u201d. W ramach projektu mo\u017cna otrzyma\u0107 bardzo atrakcyjne dofinansowanie ze \u015brodk\u00f3w unijnych do kolektor\u00f3w s\u0142onecznych i ogniw fotowoltaicznych. Warto si\u0119 pospieszy\u0107, bo wnioski mo\u017cna sk\u0142ada\u0107 jedynie do 26 lutego.<\/h2>\n\n\n\n<p>&#8211;<em>Tak kr\u00f3tki termin naboru wynika z konieczno\u015bci podpisania umowy z beneficjentami oraz z Marsza\u0142kiem Wojew\u00f3dztwa \u015al\u0105skiego <\/em>\u2013 t\u0142umaczy lubliniecki samorz\u0105d.- <em>Na dzie\u0144 dzisiejszy nie jeste\u015bmy w stanie poda\u0107 ostatecznej kwoty dofinansowania, poniewa\u017c nie wiemy, ile tak naprawd\u0119 zg\u0142osi si\u0119 do programu mieszka\u0144c\u00f3w, a ca\u0142a pula dofinansowania ma zosta\u0107 przekazana uczestnikom projektu. <\/em><\/p>\n\n\n\n<p>Miasto poinformowa\u0142o, \u017ce negocjuje mo\u017cliwo\u015b\u0107 podniesienia dofinansowania ka\u017cdemu uczestnikowi projektu o kolejne kilkana\u015bcie procent. Na ten moment w umowach przygotowanych dla mieszka\u0144c\u00f3w gminy z pierwszego naboru, widnieje warto\u015b\u0107 dofinansowania powy\u017cej 50% koszt\u00f3w urz\u0105dze\u0144 wraz z monta\u017cem.<\/p>\n\n\n\n<p>&#8211;<em>Je\u017celi otrzymamy zgod\u0119 Marsza\u0142ka, to zwi\u0119kszymy nie tylko dofinansowanie, ale tak\u017ce liczb\u0119 uczestnik\u00f3w projektu, poniewa\u017c wszystko wskazuje na to, \u017ce ca\u0142kowity koszt realizacji zadania b\u0119dzie ni\u017cszy ni\u017c zak\u0142adali\u015bmy og\u0142aszaj\u0105c przetarg. W\u00f3wczas wszystkie umowy zostan\u0105 aneksowane. <\/em>&#8211; napisano w komunikacie Urz\u0119du Miejskiego w Lubli\u0144cu. <\/p>\n\n\n\n<p>Jak wynika z analizy samorz\u0105du, liczba uczestnik\u00f3w projektu si\u0119 zmienia. W po\u0142owie lutego na 288 zg\u0142oszonych do programu beneficjent\u00f3w, 52 z\u0142o\u017cy\u0142o swoj\u0105 rezygnacj\u0119. Miasto spodziewa si\u0119, \u017ce liczba ta w najbli\u017cszych dniach si\u0119 zwi\u0119kszy, dlatego te\u017c postanowi\u0142o jak najszybciej og\u0142osi\u0107 dodatkowy nab\u00f3r. Zdaniem urz\u0119du powody rezygnacji s\u0105 r\u00f3\u017cne. Cz\u0119sto jest to pogorszenie si\u0119 sytuacji materialnej z uwagi pandemi\u0119 oraz skorzystanie przez mieszka\u0144c\u00f3w gminy z rz\u0105dowego programu \u201eM\u00f3j Pr\u0105d\u201d i \u201eCzyste Powietrze\u201d.<\/p>\n\n\n\n<p>Dodatkowe informacje na temat dodatkowego naboru mo\u017cna uzyska\u0107 na stronie <a rel=\"noreferrer noopener\" href=\"https:\/\/l.facebook.com\/l.php?u=http%3A%2F%2Fwww.lubliniec.eu%2F%3Ffbclid%3DIwAR0uNTksVctL2tjhDUxzJsy74_gtsWNw7-r4PRAoVcL1jI35ZrQkTUnQgVA&amp;h=AT2tAKQ1XCSwuChGkHCIePAEuKaBHjzYl34ik-ns1MimUwhHh6eLcAyUsIMsNCzh9e1vReG6eOtaDyDf4FRHzfy0aEFD-cgKsJyHz2jjuRR44_gf2eR3Tpwjl13TPLA6bIuLDw&amp;__tn__=-UK-R&amp;c[0]=AT1FeG4aTH3qzyxeyUkHKmhSinicQAYRQO0oxQ5kwb-Lj_dzeM5UrTVXovusQ0hHfS45E_KHtjfoOLPPR1bnAb4RhP0KQPuMXmYWFOYp6fj-ypzcz0v9fv8E7bzgsZHtMzem9ys5KbUsjCGJetldZjW4xGYOj0dwOkQKuNs-uAyhEPcfoRW56lb6Ey4\" target=\"_blank\">www.lubliniec.eu<\/a>, w zak\u0142adce aktualno\u015bci oraz fundusze UE\/S\u0142oneczny Lubliniec, a tak\u017ce wysy\u0142aj\u0105c zapytania na adres e-mail: sloneczny@lubliniec.pl, b\u0105d\u017a telefonicznie pod nr. (034) 353-01-00 wew. 148. W sprawach technicznych informacji udziela tak\u017ce Sekretarz Miasta J\u00f3zef Korpak pod nr tel. (34) 353-01-11 wew. 110.<\/p>\n\n\n\n<p>Wi\u0119cej informacji na stronie<\/p>\n\n\n\n<p><a href=\"https:\/\/lubliniec.eu\/index.php\/4200-nabor-uzupelniajacy-do-programu-sloneczny-lubliniec.html?fbclid=IwAR2-Ol9EzrGf11xy87OyzUOK-ObLG3RFQDKtRblJfOgRsVFNSf-PIagz1EE\" target=\"_blank\" rel=\"noopener\">https:\/\/lubliniec.eu\/index.php\/4200-nabor-uzupelniajacy-do-programu-sloneczny-lubliniec.html?fbclid=IwAR2-Ol9EzrGf11xy87OyzUOK-ObLG3RFQDKtRblJfOgRsVFNSf-PIagz1EE<\/a><\/p>\n","protected":false},"excerpt":{"rendered":"<p>Miasto og\u0142osi\u0142o uzupe\u0142niaj\u0105cy nab\u00f3r ch\u0119tnych do udzia\u0142u w programie \u201eS\u0142oneczny Lubliniec\u201d. W ramach projektu mo\u017cna otrzyma\u0107 bardzo atrakcyjne dofinansowanie ze \u015brodk\u00f3w unijnych do kolektor\u00f3w<\/p>\n","protected":false},"author":7,"featured_media":31605,"comment_status":"open","ping_status":"open","sticky":false,"template":"","format":"standard","meta":{"_monsterinsights_skip_tracking":false,"_monsterinsights_sitenote_active":false,"_monsterinsights_sitenote_note":"","_monsterinsights_sitenote_category":0,"_uf_show_specific_survey":0,"_uf_disable_surveys":false,"footnotes":""},"categories":[94,29,25,2],"tags":[],"class_list":["post-34352","post","type-post","status-publish","format-standard","has-post-thumbnail","hentry","category-polecane","category-ekologia","category-lubliniec","category-wiadomosci"],"_links":{"self":[{"href":"https:\/\/gazetaregionalna.com\/index.php?rest_route=\/wp\/v2\/posts\/34352","targetHints":{"allow":["GET"]}}],"collection":[{"href":"https:\/\/gazetaregionalna.com\/index.php?rest_route=\/wp\/v2\/posts"}],"about":[{"href":"https:\/\/gazetaregionalna.com\/index.php?rest_route=\/wp\/v2\/types\/post"}],"author":[{"embeddable":true,"href":"https:\/\/gazetaregionalna.com\/index.php?rest_route=\/wp\/v2\/users\/7"}],"replies":[{"embeddable":true,"href":"https:\/\/gazetaregionalna.com\/index.php?rest_route=%2Fwp%2Fv2%2Fcomments&post=34352"}],"version-history":[{"count":4,"href":"https:\/\/gazetaregionalna.com\/index.php?rest_route=\/wp\/v2\/posts\/34352\/revisions"}],"predecessor-version":[{"id":34356,"href":"https:\/\/gazetaregionalna.com\/index.php?rest_route=\/wp\/v2\/posts\/34352\/revisions\/34356"}],"wp:featuredmedia":[{"embeddable":true,"href":"https:\/\/gazetaregionalna.com\/index.php?rest_route=\/wp\/v2\/media\/31605"}],"wp:attachment":[{"href":"https:\/\/gazetaregionalna.com\/index.php?rest_route=%2Fwp%2Fv2%2Fmedia&parent=34352"}],"wp:term":[{"taxonomy":"category","embeddable":true,"href":"https:\/\/gazetaregionalna.com\/index.php?rest_route=%2Fwp%2Fv2%2Fcategories&post=34352"},{"taxonomy":"post_tag","embeddable":true,"href":"https:\/\/gazetaregionalna.com\/index.php?rest_route=%2Fwp%2Fv2%2Ftags&post=34352"}],"curies":[{"name":"wp","href":"https:\/\/api.w.org\/{rel}","templated":true}]}}