{"id":33899,"date":"2021-02-14T16:15:33","date_gmt":"2021-02-14T16:15:33","guid":{"rendered":"https:\/\/gazetaregionalna.com\/?p=33899"},"modified":"2021-02-14T16:15:35","modified_gmt":"2021-02-14T16:15:35","slug":"wspolna-pasja","status":"publish","type":"post","link":"https:\/\/gazetaregionalna.com\/?p=33899","title":{"rendered":"Wsp\u00f3lna pasja \u0142\u0105czy ludzi na ca\u0142e \u017cycie. Przekonuje o tym cz\u0119stochowska policja"},"content":{"rendered":"\n<p><strong>Cz\u0119stochowska policja przekonuje, \u017ce wsp\u00f3lna pasja i patrzenie w tym samym kierunku \u0142\u0105cz\u0105 ludzi. Poni\u017cej podajemy przyk\u0142ady policyjnych ma\u0142\u017ce\u0144stwa.<\/strong><\/p>\n\n\n\n<p>T\u0119 jedyn\u0105 po\u0142\u00f3wk\u0119 na ca\u0142e \u017cycie mo\u017cna spotka\u0107 tak naprawd\u0119 wsz\u0119dzie. Jednym z takich miejsc jest np. policja. Wsp\u00f3lna pasja stania na stra\u017cy prawa oraz pomagania innym po\u0142\u0105czy\u0142a ze sob\u0105 nie jednych funkcjonariuszy. Poni\u017cej podajemy przyk\u0142ady policyjnych ma\u0142\u017ce\u0144stw:<\/p>\n\n\n\n<ul class=\"wp-block-list\"><li>M\u0142odszy aspirant <strong>Kinga Le\u015bniak<\/strong> z wydzia\u0142u kryminalnego i aspirant sztabowy <strong>Mariusz Le\u015bniak<\/strong> z zespo\u0142u wykrocze\u0144:<\/li><\/ul>\n\n\n\n<figure class=\"wp-block-image size-large\"><img decoding=\"async\" width=\"970\" height=\"642\" data-src=\"https:\/\/gazetaregionalna.com\/wp-content\/uploads\/2021\/02\/policyjne-malzenstwa-1.jpg\" alt=\"\" class=\"wp-image-33900 lazyload\" data-srcset=\"https:\/\/gazetaregionalna.com\/wp-content\/uploads\/2021\/02\/policyjne-malzenstwa-1.jpg 970w, https:\/\/gazetaregionalna.com\/wp-content\/uploads\/2021\/02\/policyjne-malzenstwa-1-300x199.jpg 300w, https:\/\/gazetaregionalna.com\/wp-content\/uploads\/2021\/02\/policyjne-malzenstwa-1-768x508.jpg 768w, https:\/\/gazetaregionalna.com\/wp-content\/uploads\/2021\/02\/policyjne-malzenstwa-1-696x461.jpg 696w, https:\/\/gazetaregionalna.com\/wp-content\/uploads\/2021\/02\/policyjne-malzenstwa-1-635x420.jpg 635w\" data-sizes=\"(max-width: 970px) 100vw, 970px\" src=\"data:image\/svg+xml;base64,PHN2ZyB3aWR0aD0iMSIgaGVpZ2h0PSIxIiB4bWxucz0iaHR0cDovL3d3dy53My5vcmcvMjAwMC9zdmciPjwvc3ZnPg==\" style=\"--smush-placeholder-width: 970px; --smush-placeholder-aspect-ratio: 970\/642;\" \/><figcaption>Fot. KMP w Cz\u0119stochowie<\/figcaption><\/figure>\n\n\n\n<p>Na pocz\u0105tku byli kolegami z pracy. Po roku \u201epodchod\u00f3w\u201d asp. szt. Mariusz zaprosi\u0142 m\u0142. asp. King\u0119 na randk\u0119, kt\u00f3ra okaza\u0142a si\u0119 strza\u0142em w dziesi\u0105tk\u0119. Od 10 lat s\u0105 szcz\u0119\u015bliwym ma\u0142\u017ce\u0144stwem.<\/p>\n\n\n\n<figure class=\"wp-block-image size-large\"><img decoding=\"async\" width=\"970\" height=\"643\" data-src=\"https:\/\/gazetaregionalna.com\/wp-content\/uploads\/2021\/02\/policyjne-malzenstwa-2.jpg\" alt=\"\" class=\"wp-image-33901 lazyload\" data-srcset=\"https:\/\/gazetaregionalna.com\/wp-content\/uploads\/2021\/02\/policyjne-malzenstwa-2.jpg 970w, https:\/\/gazetaregionalna.com\/wp-content\/uploads\/2021\/02\/policyjne-malzenstwa-2-300x199.jpg 300w, https:\/\/gazetaregionalna.com\/wp-content\/uploads\/2021\/02\/policyjne-malzenstwa-2-768x509.jpg 768w, https:\/\/gazetaregionalna.com\/wp-content\/uploads\/2021\/02\/policyjne-malzenstwa-2-696x461.jpg 696w, https:\/\/gazetaregionalna.com\/wp-content\/uploads\/2021\/02\/policyjne-malzenstwa-2-634x420.jpg 634w\" data-sizes=\"(max-width: 970px) 100vw, 970px\" src=\"data:image\/svg+xml;base64,PHN2ZyB3aWR0aD0iMSIgaGVpZ2h0PSIxIiB4bWxucz0iaHR0cDovL3d3dy53My5vcmcvMjAwMC9zdmciPjwvc3ZnPg==\" style=\"--smush-placeholder-width: 970px; --smush-placeholder-aspect-ratio: 970\/643;\" \/><figcaption>Fot. KMP w Cz\u0119stochowie<\/figcaption><\/figure>\n\n\n\n<ul class=\"wp-block-list\"><li>Aspirant <strong>Joanna Malik<\/strong> z wydzia\u0142u kryminalnego i aspirant <strong>Bart\u0142omiej Malik <\/strong>z wydzia\u0142u ruchu drogowego:<\/li><\/ul>\n\n\n\n<figure class=\"wp-block-image size-large\"><img decoding=\"async\" width=\"970\" height=\"719\" data-src=\"https:\/\/gazetaregionalna.com\/wp-content\/uploads\/2021\/02\/policyjne-malzenstwa-3.jpg\" alt=\"\" class=\"wp-image-33902 lazyload\" data-srcset=\"https:\/\/gazetaregionalna.com\/wp-content\/uploads\/2021\/02\/policyjne-malzenstwa-3.jpg 970w, https:\/\/gazetaregionalna.com\/wp-content\/uploads\/2021\/02\/policyjne-malzenstwa-3-300x222.jpg 300w, https:\/\/gazetaregionalna.com\/wp-content\/uploads\/2021\/02\/policyjne-malzenstwa-3-768x569.jpg 768w, https:\/\/gazetaregionalna.com\/wp-content\/uploads\/2021\/02\/policyjne-malzenstwa-3-485x360.jpg 485w, https:\/\/gazetaregionalna.com\/wp-content\/uploads\/2021\/02\/policyjne-malzenstwa-3-696x516.jpg 696w, https:\/\/gazetaregionalna.com\/wp-content\/uploads\/2021\/02\/policyjne-malzenstwa-3-567x420.jpg 567w, https:\/\/gazetaregionalna.com\/wp-content\/uploads\/2021\/02\/policyjne-malzenstwa-3-80x60.jpg 80w\" data-sizes=\"(max-width: 970px) 100vw, 970px\" src=\"data:image\/svg+xml;base64,PHN2ZyB3aWR0aD0iMSIgaGVpZ2h0PSIxIiB4bWxucz0iaHR0cDovL3d3dy53My5vcmcvMjAwMC9zdmciPjwvc3ZnPg==\" style=\"--smush-placeholder-width: 970px; --smush-placeholder-aspect-ratio: 970\/719;\" \/><figcaption>Fot. KMP w Cz\u0119stochowie<\/figcaption><\/figure>\n\n\n\n<p>Ich mi\u0142o\u015b\u0107 zacz\u0119\u0142a si\u0119 od pierwszego wejrzenia na szkoleniu podstawowym w Katowicach w 2008 roku. Bartek pokocha\u0142 \u201eRud\u0105\u201d za jej ognisty temperament, a rok p\u00f3\u017aniej wzi\u0119li \u015blub. Ma\u0142\u017ce\u0144stwem s\u0105 ju\u017c od 12 lat i nadal b\u0119d\u0105c obok siebie, emanuj\u0105 szcz\u0119\u015bciem i rado\u015bci\u0105.<\/p>\n\n\n\n<figure class=\"wp-block-image size-large\"><img decoding=\"async\" width=\"970\" height=\"642\" data-src=\"https:\/\/gazetaregionalna.com\/wp-content\/uploads\/2021\/02\/policyjne-malzenstwa-4.jpg\" alt=\"\" class=\"wp-image-33903 lazyload\" data-srcset=\"https:\/\/gazetaregionalna.com\/wp-content\/uploads\/2021\/02\/policyjne-malzenstwa-4.jpg 970w, https:\/\/gazetaregionalna.com\/wp-content\/uploads\/2021\/02\/policyjne-malzenstwa-4-300x199.jpg 300w, https:\/\/gazetaregionalna.com\/wp-content\/uploads\/2021\/02\/policyjne-malzenstwa-4-768x508.jpg 768w, https:\/\/gazetaregionalna.com\/wp-content\/uploads\/2021\/02\/policyjne-malzenstwa-4-696x461.jpg 696w, https:\/\/gazetaregionalna.com\/wp-content\/uploads\/2021\/02\/policyjne-malzenstwa-4-635x420.jpg 635w\" data-sizes=\"(max-width: 970px) 100vw, 970px\" src=\"data:image\/svg+xml;base64,PHN2ZyB3aWR0aD0iMSIgaGVpZ2h0PSIxIiB4bWxucz0iaHR0cDovL3d3dy53My5vcmcvMjAwMC9zdmciPjwvc3ZnPg==\" style=\"--smush-placeholder-width: 970px; --smush-placeholder-aspect-ratio: 970\/642;\" \/><figcaption><em>Fot. KMP w Cz\u0119stochowie<\/em><\/figcaption><\/figure>\n\n\n\n<ul class=\"wp-block-list\"><li>M\u0142odszy aspirant <strong>Ewelina Or\u0142owska dzielnicowa <\/strong>isier\u017cant <strong>Jaros\u0142aw Or\u0142owski<\/strong> z ogniwa patrolowo-interwencyjnego:<\/li><\/ul>\n\n\n\n<figure class=\"wp-block-image size-large\"><img decoding=\"async\" width=\"845\" height=\"1024\" data-src=\"https:\/\/gazetaregionalna.com\/wp-content\/uploads\/2021\/02\/policyjne-malzenstwa-5-845x1024.jpg\" alt=\"\" class=\"wp-image-33904 lazyload\" data-srcset=\"https:\/\/gazetaregionalna.com\/wp-content\/uploads\/2021\/02\/policyjne-malzenstwa-5-845x1024.jpg 845w, https:\/\/gazetaregionalna.com\/wp-content\/uploads\/2021\/02\/policyjne-malzenstwa-5-248x300.jpg 248w, https:\/\/gazetaregionalna.com\/wp-content\/uploads\/2021\/02\/policyjne-malzenstwa-5-768x930.jpg 768w, https:\/\/gazetaregionalna.com\/wp-content\/uploads\/2021\/02\/policyjne-malzenstwa-5-696x843.jpg 696w, https:\/\/gazetaregionalna.com\/wp-content\/uploads\/2021\/02\/policyjne-malzenstwa-5-347x420.jpg 347w, https:\/\/gazetaregionalna.com\/wp-content\/uploads\/2021\/02\/policyjne-malzenstwa-5.jpg 970w\" data-sizes=\"(max-width: 845px) 100vw, 845px\" src=\"data:image\/svg+xml;base64,PHN2ZyB3aWR0aD0iMSIgaGVpZ2h0PSIxIiB4bWxucz0iaHR0cDovL3d3dy53My5vcmcvMjAwMC9zdmciPjwvc3ZnPg==\" style=\"--smush-placeholder-width: 845px; --smush-placeholder-aspect-ratio: 845\/1024;\" \/><figcaption><em>Fot. KMP w Cz\u0119stochowie<\/em><\/figcaption><\/figure>\n\n\n\n<p>Rok czasu Jarek zabiega\u0142 o uwag\u0119 Eweliny, po to by stali si\u0119 w ko\u0144cu nieroz\u0142\u0105czni. Od 7 lat s\u0105 szcz\u0119\u015bliwym ma\u0142\u017ce\u0144stwem i, mimo \u017ce Ewelina jest starsza stopniem, w ma\u0142\u017ce\u0144stwie id\u0105 na kompromis i wsp\u00f3lnie podejmuj\u0105 decyzj\u0119 dotycz\u0105ce ich rodziny.<\/p>\n\n\n\n<figure class=\"wp-block-image size-large\"><img decoding=\"async\" width=\"970\" height=\"649\" data-src=\"https:\/\/gazetaregionalna.com\/wp-content\/uploads\/2021\/02\/policyjne-malzenstwa-6.jpg\" alt=\"\" class=\"wp-image-33905 lazyload\" data-srcset=\"https:\/\/gazetaregionalna.com\/wp-content\/uploads\/2021\/02\/policyjne-malzenstwa-6.jpg 970w, https:\/\/gazetaregionalna.com\/wp-content\/uploads\/2021\/02\/policyjne-malzenstwa-6-300x201.jpg 300w, https:\/\/gazetaregionalna.com\/wp-content\/uploads\/2021\/02\/policyjne-malzenstwa-6-768x514.jpg 768w, https:\/\/gazetaregionalna.com\/wp-content\/uploads\/2021\/02\/policyjne-malzenstwa-6-696x466.jpg 696w, https:\/\/gazetaregionalna.com\/wp-content\/uploads\/2021\/02\/policyjne-malzenstwa-6-628x420.jpg 628w\" data-sizes=\"(max-width: 970px) 100vw, 970px\" src=\"data:image\/svg+xml;base64,PHN2ZyB3aWR0aD0iMSIgaGVpZ2h0PSIxIiB4bWxucz0iaHR0cDovL3d3dy53My5vcmcvMjAwMC9zdmciPjwvc3ZnPg==\" style=\"--smush-placeholder-width: 970px; --smush-placeholder-aspect-ratio: 970\/649;\" \/><figcaption><em>Fot. KMP w Cz\u0119stochowie<\/em><\/figcaption><\/figure>\n\n\n\n<p>Sumuj\u0105c, mo\u017cna \u015bmia\u0142o powiedzie\u0107, \u017ce s\u0142u\u017c\u0105c w policji, mo\u017cna si\u0119 <strong>ZAKOCHA\u0106<\/strong>!<\/p>\n","protected":false},"excerpt":{"rendered":"<p>Cz\u0119stochowska policja przekonuje, \u017ce wsp\u00f3lna pasja i patrzenie w tym samym kierunku \u0142\u0105cz\u0105 ludzi. Poni\u017cej podajemy przyk\u0142ady policyjnych ma\u0142\u017ce\u0144stwa. T\u0119 jedyn\u0105 po\u0142\u00f3wk\u0119 na ca\u0142e<\/p>\n","protected":false},"author":12,"featured_media":33906,"comment_status":"open","ping_status":"open","sticky":false,"template":"","format":"standard","meta":{"_monsterinsights_skip_tracking":false,"_monsterinsights_sitenote_active":false,"_monsterinsights_sitenote_note":"","_monsterinsights_sitenote_category":0,"_uf_show_specific_survey":0,"_uf_disable_surveys":false,"footnotes":""},"categories":[94,3,2],"tags":[],"class_list":["post-33899","post","type-post","status-publish","format-standard","has-post-thumbnail","hentry","category-polecane","category-czestochowa-informacje","category-wiadomosci"],"_links":{"self":[{"href":"https:\/\/gazetaregionalna.com\/index.php?rest_route=\/wp\/v2\/posts\/33899","targetHints":{"allow":["GET"]}}],"collection":[{"href":"https:\/\/gazetaregionalna.com\/index.php?rest_route=\/wp\/v2\/posts"}],"about":[{"href":"https:\/\/gazetaregionalna.com\/index.php?rest_route=\/wp\/v2\/types\/post"}],"author":[{"embeddable":true,"href":"https:\/\/gazetaregionalna.com\/index.php?rest_route=\/wp\/v2\/users\/12"}],"replies":[{"embeddable":true,"href":"https:\/\/gazetaregionalna.com\/index.php?rest_route=%2Fwp%2Fv2%2Fcomments&post=33899"}],"version-history":[{"count":1,"href":"https:\/\/gazetaregionalna.com\/index.php?rest_route=\/wp\/v2\/posts\/33899\/revisions"}],"predecessor-version":[{"id":33907,"href":"https:\/\/gazetaregionalna.com\/index.php?rest_route=\/wp\/v2\/posts\/33899\/revisions\/33907"}],"wp:featuredmedia":[{"embeddable":true,"href":"https:\/\/gazetaregionalna.com\/index.php?rest_route=\/wp\/v2\/media\/33906"}],"wp:attachment":[{"href":"https:\/\/gazetaregionalna.com\/index.php?rest_route=%2Fwp%2Fv2%2Fmedia&parent=33899"}],"wp:term":[{"taxonomy":"category","embeddable":true,"href":"https:\/\/gazetaregionalna.com\/index.php?rest_route=%2Fwp%2Fv2%2Fcategories&post=33899"},{"taxonomy":"post_tag","embeddable":true,"href":"https:\/\/gazetaregionalna.com\/index.php?rest_route=%2Fwp%2Fv2%2Ftags&post=33899"}],"curies":[{"name":"wp","href":"https:\/\/api.w.org\/{rel}","templated":true}]}}