{"id":33599,"date":"2021-02-11T08:30:14","date_gmt":"2021-02-11T08:30:14","guid":{"rendered":"https:\/\/gazetaregionalna.com\/?p=33599"},"modified":"2021-02-11T09:08:06","modified_gmt":"2021-02-11T09:08:06","slug":"wszyscy-moze-napisac-pamietnik-z-czasow-zarazy-archiwum-panstwowe-w-czestochowie-zbiera-materialy-dokumentujace-pandemie-covid-19","status":"publish","type":"post","link":"https:\/\/gazetaregionalna.com\/?p=33599","title":{"rendered":"Napiszmy pami\u0119tnik \u201ez czas\u00f3w zarazy\u201d. Archiwum Pa\u0144stwowe w Cz\u0119stochowie zbiera materia\u0142y dokumentuj\u0105ce pandemi\u0119 COVID-19"},"content":{"rendered":"\n<h2 class=\"wp-block-heading\">Kiedy wiosn\u0105 ubieg\u0142ego roku dowiedzieli\u015bmy si\u0119, czym jest COVID-19 i jak bardzo zmieni nasze \u017cycie, archiwa pa\u0144stwowe w ca\u0142ej Polsce przyst\u0105pi\u0142y do gromadzenia pami\u0105tek z czas\u00f3w epidemii.<\/h2>\n\n\n\n<figure class=\"wp-block-image size-large\"><img decoding=\"async\" width=\"1024\" height=\"576\" data-src=\"https:\/\/gazetaregionalna.com\/wp-content\/uploads\/2021\/02\/pand1-1024x576.jpg\" alt=\"\" class=\"wp-image-33604 lazyload\" data-srcset=\"https:\/\/gazetaregionalna.com\/wp-content\/uploads\/2021\/02\/pand1-1024x576.jpg 1024w, https:\/\/gazetaregionalna.com\/wp-content\/uploads\/2021\/02\/pand1-300x169.jpg 300w, https:\/\/gazetaregionalna.com\/wp-content\/uploads\/2021\/02\/pand1-768x432.jpg 768w, https:\/\/gazetaregionalna.com\/wp-content\/uploads\/2021\/02\/pand1-696x392.jpg 696w, https:\/\/gazetaregionalna.com\/wp-content\/uploads\/2021\/02\/pand1-1068x601.jpg 1068w, https:\/\/gazetaregionalna.com\/wp-content\/uploads\/2021\/02\/pand1-747x420.jpg 747w, https:\/\/gazetaregionalna.com\/wp-content\/uploads\/2021\/02\/pand1.jpg 1200w\" data-sizes=\"(max-width: 1024px) 100vw, 1024px\" src=\"data:image\/svg+xml;base64,PHN2ZyB3aWR0aD0iMSIgaGVpZ2h0PSIxIiB4bWxucz0iaHR0cDovL3d3dy53My5vcmcvMjAwMC9zdmciPjwvc3ZnPg==\" style=\"--smush-placeholder-width: 1024px; --smush-placeholder-aspect-ratio: 1024\/576;\" \/><\/figure>\n\n\n\n<p> Archiwi\u015bci uznali, \u017ce te niecodzienne wydarzenia zwi\u0105zane z pandemi\u0105 warto udokumentowa\u0107, aby przysz\u0142e pokolenia dowiedzia\u0142y si\u0119, jak wygl\u0105da\u0142o nasze \u017cycie \u201ew czasach zarazy\u201d. W ca\u0142ym kraju, we wszystkich archiwach utworzono specjalne dzia\u0142y pod has\u0142em: <em>\u201eArchiwum Pandemii A.D. 2020\u2033.<\/em> Do akcji zbierania pami\u0105tek z czas\u00f3w koronawirusa przyst\u0105pi\u0142o r\u00f3wnie\u017c Archiwum Pa\u0144stwowe w Cz\u0119stochowie. Og\u0142osi\u0142o ono, \u017ce zbiera wszelkie dokumenty, zdj\u0119cia i inne archiwalia pokazuj\u0105ce nasze codzienne \u017cycie w dobie COVID-19.<\/p>\n\n\n\n<p>&#8211; <em>Cz\u0119stochowianie i mieszka\u0144cy naszego regionu bardzo ciep\u0142o przyj\u0119li t\u0119 nasz\u0105 pro\u015bb\u0119 \u2013 <\/em>opowiada Ewa Dubaj odpowiedzialna w cz\u0119stochowskim archiwum za \u201edzia\u0142 covidowy\u201d<em>. &#8211; Dostali\u015bmy mn\u00f3stwo pami\u0105tek, g\u0142\u00f3wnie zdj\u0119\u0107. Najwi\u0119cej mamy fotografii z pierwszych tygodni pandemii, gdy wystraszeni epidemi\u0105 wiele tygodni siedzieli\u015bmy zamkni\u0119ci w domach. To niesamowite zdj\u0119cia prezentuj\u0105ce wymar\u0142e ulice, puste miasto bez zwyk\u0142ego ruchu ulicznego.<\/em><\/p>\n\n\n\n<p><em>Do archiwum trafi\u0142o r\u00f3wnie\u017c sporo film\u00f3w nagranych na przyk\u0142ad przy u\u017cyciu dron\u00f3w. One r\u00f3wnie\u017c pokazuj\u0105, jak niesamowicie wygl\u0105da\u0142a Cz\u0119stochowa w czasie wiosennego lockdownu.<\/em><\/p>\n\n\n\n<p>Jak opowiada Ewa Dubaj, do cz\u0119stochowskiego archiwum przekazano r\u00f3wnie\u017c pami\u0105tki z regionu. W\u015br\u00f3d nich jest na przyk\u0142ad film, tak\u017ce nagrany z drona, kt\u00f3ry pokazuje, jak w kwietniowy, ciep\u0142y weekend ubieg\u0142ego roku pusty by\u0142 Olsztyn i zamkowe wzg\u00f3rze, zwykle pe\u0142ne turyst\u00f3w.<\/p>\n\n\n\n<p>&#8211; <em>Mamy informacj\u0119, \u017ce ciekawe nagrania z monitoringu przeka\u017ce nam tak\u017ce Urz\u0105d Miejski w  Ole\u015bnie i Stra\u017c Miejska w Cz\u0119stochowie \u2013<\/em> opowiada pracownica cz\u0119stochowskiego archiwum<em>. &#8211; Najwi\u0119cej, jak do tej pory zgromadzili\u015bmy zdj\u0119\u0107 i film\u00f3w, ale trafi\u0142y do nas r\u00f3wnie\u017c papierowe og\u0142oszenia dotycz\u0105ce na przyk\u0142ad sprzeda\u017cy maseczek ochronnych. Mamy tak\u0105 informacj\u0119, \u017ce trafi\u0105 do nas tak\u017ce same maseczki z logo firm i samorz\u0105d\u00f3w.<\/em> <\/p>\n\n\n\n<p>Akcja Archiwum Pa\u0144stwowego w Cz\u0119stochowie ca\u0142y czas trwa, bo ca\u0142y czas, niestety, \u017cyjemy w czasach pandemii. Z tego wzgl\u0119du materia\u0142\u00f3w gromadzonych w archiwum przybywa. W ostatnich tygodniach przekazano tam mi\u0119dzy innymi liczne zdj\u0119cia z ulicznych protest\u00f3w. Te protestuj\u0105ce w maseczkach cz\u0119stochowianki, to tak\u017ce znak czas\u00f3w.<\/p>\n\n\n\n<p>&#8211; <em>Docelowo chcemy udost\u0119pni\u0107 wszystkie zbiory z czas\u00f3w epidemii online \u2013 <\/em>informuje Ewa Dubaj<em>. &#8211; Wymaga to jednak czasu. Mamy mn\u00f3stwo materia\u0142\u00f3w elektronicznych, kt\u00f3re wymagaj\u0105 wi\u0119cej pracy zwi\u0105zanej z ich opisem, ewidencj\u0105 i opracowaniem ni\u017c klasyczne dokumenty w formie papierowej. Ca\u0142y czas liczymy na kolejne pami\u0105tki przekazane przez mieszka\u0144c\u00f3w miasta i regionu. \u017byjemy w historycznych czasach, o kt\u00f3rych b\u0119d\u0105 si\u0119 uczy\u0107 przysz\u0142e pokolenia. Niech maj\u0105 jak najlepsz\u0105 wiedz\u0119 na ten temat.<\/em><\/p>\n\n\n\n<p><br>Kto chce pom\u00f3c Archiwum Pa\u0144stwowemu w Cz\u0119stochowie zape\u0142ni\u0107 zbi\u00f3r po\u015bwi\u0119cony pandemii, mo\u017ce skontaktowa\u0107 si\u0119 z instytucj\u0105 telefonicznie, dzwoni\u0105c pod numer telefonu: 34 363 89 31 lub wysy\u0142aj\u0105c mejla na adres:archiwumpandemii@czestochowa.ap.gov.pl.<\/p>\n","protected":false},"excerpt":{"rendered":"<p>Kiedy wiosn\u0105 ubieg\u0142ego roku dowiedzieli\u015bmy si\u0119, czym jest COVID-19 i jak bardzo zmieni nasze \u017cycie, archiwa pa\u0144stwowe w ca\u0142ej Polsce przyst\u0105pi\u0142y do gromadzenia pami\u0105tek<\/p>\n","protected":false},"author":7,"featured_media":33607,"comment_status":"open","ping_status":"open","sticky":false,"template":"","format":"standard","meta":{"_monsterinsights_skip_tracking":false,"_monsterinsights_sitenote_active":false,"_monsterinsights_sitenote_note":"","_monsterinsights_sitenote_category":0,"_uf_show_specific_survey":0,"_uf_disable_surveys":false,"footnotes":""},"categories":[94,3,2],"tags":[],"class_list":["post-33599","post","type-post","status-publish","format-standard","has-post-thumbnail","hentry","category-polecane","category-czestochowa-informacje","category-wiadomosci"],"_links":{"self":[{"href":"https:\/\/gazetaregionalna.com\/index.php?rest_route=\/wp\/v2\/posts\/33599","targetHints":{"allow":["GET"]}}],"collection":[{"href":"https:\/\/gazetaregionalna.com\/index.php?rest_route=\/wp\/v2\/posts"}],"about":[{"href":"https:\/\/gazetaregionalna.com\/index.php?rest_route=\/wp\/v2\/types\/post"}],"author":[{"embeddable":true,"href":"https:\/\/gazetaregionalna.com\/index.php?rest_route=\/wp\/v2\/users\/7"}],"replies":[{"embeddable":true,"href":"https:\/\/gazetaregionalna.com\/index.php?rest_route=%2Fwp%2Fv2%2Fcomments&post=33599"}],"version-history":[{"count":9,"href":"https:\/\/gazetaregionalna.com\/index.php?rest_route=\/wp\/v2\/posts\/33599\/revisions"}],"predecessor-version":[{"id":33618,"href":"https:\/\/gazetaregionalna.com\/index.php?rest_route=\/wp\/v2\/posts\/33599\/revisions\/33618"}],"wp:featuredmedia":[{"embeddable":true,"href":"https:\/\/gazetaregionalna.com\/index.php?rest_route=\/wp\/v2\/media\/33607"}],"wp:attachment":[{"href":"https:\/\/gazetaregionalna.com\/index.php?rest_route=%2Fwp%2Fv2%2Fmedia&parent=33599"}],"wp:term":[{"taxonomy":"category","embeddable":true,"href":"https:\/\/gazetaregionalna.com\/index.php?rest_route=%2Fwp%2Fv2%2Fcategories&post=33599"},{"taxonomy":"post_tag","embeddable":true,"href":"https:\/\/gazetaregionalna.com\/index.php?rest_route=%2Fwp%2Fv2%2Ftags&post=33599"}],"curies":[{"name":"wp","href":"https:\/\/api.w.org\/{rel}","templated":true}]}}