{"id":33595,"date":"2021-02-10T21:26:13","date_gmt":"2021-02-10T21:26:13","guid":{"rendered":"https:\/\/gazetaregionalna.com\/?p=33595"},"modified":"2021-02-10T21:26:14","modified_gmt":"2021-02-10T21:26:14","slug":"rakow-pokonal-gornika-zabrze-i-awansowal-do-cwiercfinalu-pp","status":"publish","type":"post","link":"https:\/\/gazetaregionalna.com\/?p=33595","title":{"rendered":"Rak\u00f3w pokona\u0142 G\u00f3rnika Zabrze i awansowa\u0142 do \u0107wier\u0107fina\u0142u PP"},"content":{"rendered":"\n<p>Pi\u0142karze Rakowa Cz\u0119stochowa odnie\u015bli pierwsze zwyci\u0119stwo w 2021 roku. W \u015brod\u0119 pokonali w 1\/8 Pucharu Polski G\u00f3rnika Zabrze 4:2 i awansowali do \u0107wier\u0107fina\u0142u tych rozgrywek. To dobry znak przed sobotnim meczem z Lechi\u0105 Gda\u0144sk. <\/p>\n\n\n\n<p>Pi\u0142karze Rakowa rozegrali dobr\u0105 pierwsz\u0105 po\u0142ow\u0119 i zepchn\u0119li go\u015bci pod bramk\u0119. Rak\u00f3w ju\u017c w 3. minucie po golu Vladislavsa Gutkovskisa wyszed\u0142 na prowadzenie. \u201eGutek\u201d wykorzysta\u0142 podanie z lewej strony boiska i uderzeniem z \u201epierwszej pi\u0142ki\u201d z oko\u0142o czterech metr\u00f3w trafi\u0142 do bramki G\u00f3rnika. W 14. minucie by\u0142o ju\u017c 2:0. Gola z rzutu wolnego z&#8230; pi\u0119ciu metr\u00f3w zdoby\u0142 Ivi Lopez.<\/p>\n\n\n\n<p>O ile pierwsza po\u0142owa nale\u017ca\u0142a do Rakowa to po zmianie stron dominowa\u0142 G\u00f3rnik, kt\u00f3ry po dw\u00f3ch golach Jesusa Jimeneza (drugi z rzutu karnego) doprowadzi\u0142 do remisu 2:2. I mecz rozpocz\u0105\u0142 si\u0119 od nowa.<\/p>\n\n\n\n<p>Ko\u0144c\u00f3wka nale\u017ca\u0142a ponownie do Rakowa. W 87. minucie Rak\u00f3w po golu Ivi Lopeza z rzutu karnego ponownie wyszed\u0142 na prowadzenie. Dla Ivi Lopeza by\u0142 to drugi gol w meczu. Wynik meczu w doliczonym czasie gry ustali\u0142 Jaros\u0142aw Jach. <\/p>\n\n\n\n<p>Rak\u00f3w po zwyci\u0119stwie z G\u00f3rnikiem 4:2 awansowa\u0142 do 1\/4 Pucharu Polski.<\/p>\n\n\n\n<p><strong>Rak\u00f3w Cz\u0119stochowa \u2013 G\u00f3rnik Zabrze 4:2 (2:0)<\/strong><\/p>\n\n\n\n<p><strong>Bramki:<\/strong> 1:0 Gutkovskis (3.), 2:0 Ivi Lipez (14.), 2:1 Jesus Jimenez (55.), 2:2 Jesus Jimenez (72.), 3:2 Ivi Lopez (87.), 4:2 Jach (90.)<\/p>\n\n\n\n<p><strong>Rak\u00f3w:<\/strong> Pindroch \u2013 Pi\u0105tkowski, Jach, Miko\u0142ajewski, Tudor, Sapa\u0142a, Kun, Schwarz, Szel\u0105gowski (70. Tijanic), Ivi Lopez (90. Papanikolau), Gutkovskis (90. D\u0142ugosz).<\/p>\n\n\n\n<p>Foto: Gazeta Regionalna <\/p>\n","protected":false},"excerpt":{"rendered":"<p>Pi\u0142karze Rakowa Cz\u0119stochowa odnie\u015bli pierwsze zwyci\u0119stwo w 2021 roku. W \u015brod\u0119 pokonali w 1\/8 Pucharu Polski G\u00f3rnika Zabrze 4:2 i awansowali do \u0107wier\u0107fina\u0142u tych<\/p>\n","protected":false},"author":15,"featured_media":29004,"comment_status":"open","ping_status":"open","sticky":false,"template":"","format":"standard","meta":{"_monsterinsights_skip_tracking":false,"_monsterinsights_sitenote_active":false,"_monsterinsights_sitenote_note":"","_monsterinsights_sitenote_category":0,"_uf_show_specific_survey":0,"_uf_disable_surveys":false,"footnotes":""},"categories":[5,6],"tags":[],"class_list":["post-33595","post","type-post","status-publish","format-standard","has-post-thumbnail","hentry","category-sport","category-pilka-nozna"],"_links":{"self":[{"href":"https:\/\/gazetaregionalna.com\/index.php?rest_route=\/wp\/v2\/posts\/33595","targetHints":{"allow":["GET"]}}],"collection":[{"href":"https:\/\/gazetaregionalna.com\/index.php?rest_route=\/wp\/v2\/posts"}],"about":[{"href":"https:\/\/gazetaregionalna.com\/index.php?rest_route=\/wp\/v2\/types\/post"}],"author":[{"embeddable":true,"href":"https:\/\/gazetaregionalna.com\/index.php?rest_route=\/wp\/v2\/users\/15"}],"replies":[{"embeddable":true,"href":"https:\/\/gazetaregionalna.com\/index.php?rest_route=%2Fwp%2Fv2%2Fcomments&post=33595"}],"version-history":[{"count":1,"href":"https:\/\/gazetaregionalna.com\/index.php?rest_route=\/wp\/v2\/posts\/33595\/revisions"}],"predecessor-version":[{"id":33596,"href":"https:\/\/gazetaregionalna.com\/index.php?rest_route=\/wp\/v2\/posts\/33595\/revisions\/33596"}],"wp:featuredmedia":[{"embeddable":true,"href":"https:\/\/gazetaregionalna.com\/index.php?rest_route=\/wp\/v2\/media\/29004"}],"wp:attachment":[{"href":"https:\/\/gazetaregionalna.com\/index.php?rest_route=%2Fwp%2Fv2%2Fmedia&parent=33595"}],"wp:term":[{"taxonomy":"category","embeddable":true,"href":"https:\/\/gazetaregionalna.com\/index.php?rest_route=%2Fwp%2Fv2%2Fcategories&post=33595"},{"taxonomy":"post_tag","embeddable":true,"href":"https:\/\/gazetaregionalna.com\/index.php?rest_route=%2Fwp%2Fv2%2Ftags&post=33595"}],"curies":[{"name":"wp","href":"https:\/\/api.w.org\/{rel}","templated":true}]}}