{"id":33281,"date":"2021-02-07T13:38:34","date_gmt":"2021-02-07T13:38:34","guid":{"rendered":"https:\/\/gazetaregionalna.com\/?p=33281"},"modified":"2021-02-07T13:38:35","modified_gmt":"2021-02-07T13:38:35","slug":"przerwa-w-dostawie-pradu-96","status":"publish","type":"post","link":"https:\/\/gazetaregionalna.com\/?p=33281","title":{"rendered":"UWAGA! Przerwa w dostawie pr\u0105du w powiecie cz\u0119stochowskim!"},"content":{"rendered":"\n<p><strong>Dystrybutor pr\u0105du planuje przerw\u0119 w dostawie energii na najbli\u017csze 5 dni w powiecie cz\u0119stochowskim.<\/strong><\/p>\n\n\n\n<p>Brak w dostawie energii nast\u0105pi w gminie:<\/p>\n\n\n\n<p><strong>Cz\u0119stochowa<\/strong> <strong>09 luty 2021<\/strong> <strong>roku <\/strong>na ulicy:<\/p>\n\n\n\n<ul class=\"wp-block-list\"><li>ul. Podchor\u0105\u017cych od nr 12\/14 do nr 32\/34 i od nr 40 do nr 66 ul. Podchor\u0105\u017cych od nr 13 do nr 73 ul. Oficerska od nr 78 do nr 84 oraz nr 81 ul. Sabinowska nr 142 od godziny <strong>8:00<\/strong> do <strong>17:00<\/strong>.<\/li><\/ul>\n\n\n\n<p><strong>Cz\u0119stochowa<\/strong> <strong>11 luty 2021<\/strong> <strong>roku <\/strong>na ulicy:<\/p>\n\n\n\n<ul class=\"wp-block-list\"><li>Brzeziny Ma\u0142e, dzia\u0142ka nr 16\/10 od godziny <strong>8:30<\/strong> do <strong>15:30<\/strong>.<\/li><\/ul>\n\n\n\n<p><strong>K\u0142omnice<\/strong> <strong>10 luty 2021<\/strong> <strong>roku<\/strong> na ulicy:<\/p>\n\n\n\n<ul class=\"wp-block-list\"><li>Karczewice, ul. Cz\u0119stochowska od 8 do 26 i od 9 do 31 od godziny <strong>7:30<\/strong> do <strong>15:30<\/strong>.<\/li><\/ul>\n\n\n\n<p><strong>K\u0142omnice<\/strong> <strong>11 luty 2021<\/strong> <strong>roku<\/strong> na ulicy:<\/p>\n\n\n\n<ul class=\"wp-block-list\"><li>Karczewice, ul. Cz\u0119stochowska od 8 do 26 i od 9 do 31 od godziny <strong>7:30<\/strong> do <strong>16:30<\/strong>.<\/li><\/ul>\n\n\n\n<p><strong>K\u0142omnice<\/strong> <strong>12 luty 2021<\/strong> <strong>roku<\/strong> na ulicy:<\/p>\n\n\n\n<ul class=\"wp-block-list\"><li>Karczewice, ul Wolno\u015bci od 11 do 47 i od 24 do 56 od godziny <strong>8:00<\/strong> do <strong>10:00<\/strong>.<\/li><\/ul>\n\n\n\n<p><strong>Lel\u00f3w<\/strong> <strong>11 luty 2021 roku<\/strong> na ulicy:<\/p>\n\n\n\n<ul class=\"wp-block-list\"><li>Podlesie, ul. Ko\u015bcielna od 5 do 62, Blok 183 od godziny <strong>8:00<\/strong> do <strong>13:00<\/strong>.<\/li><\/ul>\n\n\n\n<p>Dostawca pr\u0105du przeprasza za utrudnienia.<\/p>\n","protected":false},"excerpt":{"rendered":"<p>Dystrybutor pr\u0105du planuje przerw\u0119 w dostawie energii na najbli\u017csze 5 dni w powiecie cz\u0119stochowskim. Brak w dostawie energii nast\u0105pi w gminie: Cz\u0119stochowa 09 luty<\/p>\n","protected":false},"author":12,"featured_media":0,"comment_status":"open","ping_status":"open","sticky":false,"template":"","format":"standard","meta":{"_monsterinsights_skip_tracking":false,"_monsterinsights_sitenote_active":false,"_monsterinsights_sitenote_note":"","_monsterinsights_sitenote_category":0,"_uf_show_specific_survey":0,"_uf_disable_surveys":false,"footnotes":""},"categories":[94,3,2],"tags":[728,874],"class_list":["post-33281","post","type-post","status-publish","format-standard","hentry","category-polecane","category-czestochowa-informacje","category-wiadomosci","tag-brak-pradu","tag-powiat-czestochowski"],"_links":{"self":[{"href":"https:\/\/gazetaregionalna.com\/index.php?rest_route=\/wp\/v2\/posts\/33281","targetHints":{"allow":["GET"]}}],"collection":[{"href":"https:\/\/gazetaregionalna.com\/index.php?rest_route=\/wp\/v2\/posts"}],"about":[{"href":"https:\/\/gazetaregionalna.com\/index.php?rest_route=\/wp\/v2\/types\/post"}],"author":[{"embeddable":true,"href":"https:\/\/gazetaregionalna.com\/index.php?rest_route=\/wp\/v2\/users\/12"}],"replies":[{"embeddable":true,"href":"https:\/\/gazetaregionalna.com\/index.php?rest_route=%2Fwp%2Fv2%2Fcomments&post=33281"}],"version-history":[{"count":1,"href":"https:\/\/gazetaregionalna.com\/index.php?rest_route=\/wp\/v2\/posts\/33281\/revisions"}],"predecessor-version":[{"id":33282,"href":"https:\/\/gazetaregionalna.com\/index.php?rest_route=\/wp\/v2\/posts\/33281\/revisions\/33282"}],"wp:attachment":[{"href":"https:\/\/gazetaregionalna.com\/index.php?rest_route=%2Fwp%2Fv2%2Fmedia&parent=33281"}],"wp:term":[{"taxonomy":"category","embeddable":true,"href":"https:\/\/gazetaregionalna.com\/index.php?rest_route=%2Fwp%2Fv2%2Fcategories&post=33281"},{"taxonomy":"post_tag","embeddable":true,"href":"https:\/\/gazetaregionalna.com\/index.php?rest_route=%2Fwp%2Fv2%2Ftags&post=33281"}],"curies":[{"name":"wp","href":"https:\/\/api.w.org\/{rel}","templated":true}]}}