{"id":33256,"date":"2021-02-06T22:09:05","date_gmt":"2021-02-06T22:09:05","guid":{"rendered":"https:\/\/gazetaregionalna.com\/?p=33256"},"modified":"2021-02-06T22:09:08","modified_gmt":"2021-02-06T22:09:08","slug":"legia-warszawa-na-lazienkowskiej-lepsza-od-rakowa-druga-porazka-czestochowian-pod-rzad","status":"publish","type":"post","link":"https:\/\/gazetaregionalna.com\/?p=33256","title":{"rendered":"Legia Warszawa na \u0141azienkowskiej lepsza od Rakowa. Druga pora\u017cka cz\u0119stochowian pod rz\u0105d"},"content":{"rendered":"\n<p>Pi\u0142karze Rakowa w meczu \u201ena szczycie\u201d PKO BP Ekstraklasy przegrali w Warszawie z Legi\u0105 0:2.<\/p>\n\n\n\n<p>Legia i Rak\u00f3w od pora\u017cek przed tygodniem rozpocz\u0119li wznowienie rozgrywek w PKO Ekstraklasie. Rak\u00f3w w meczu \u201ena szczycie\u201d przegra\u0142 w Be\u0142chatowie z Pogoni\u0105 Szczecin 0:1. Jeszcze wi\u0119kszy blama\u017c zanotowa\u0142a Legia, kt\u00f3ra przegra\u0142a w Bielsku-Bia\u0142ej z ostatnim Podbeskidziem 0:1. Pogo\u0144 awansowa\u0142a na pozycj\u0119 lidera.<\/p>\n\n\n\n<p>W sobot\u0119 w meczu \u201ena szczycie\u201d przegranych sprzed tygodnia Legia okaza\u0142a si\u0119 lepsza od Rakowa. Cz\u0119stochowianie doznali drugiej pora\u017cki z rz\u0119du i czwartej w sezonie.<\/p>\n\n\n\n<p>|Rak\u00f3w zagra\u0142 bez Kamila Pi\u0105tkowskiego. Kibice zastanawiali si\u0119 dlaczego lider zespo\u0142u, kt\u00f3ry przeszed\u0142 do Red Bull Salzburg nie zagra\u0142 w hicie kolejki&#8230;<\/p>\n\n\n\n<p>Legia ju\u017c w 29. minucie meczu obj\u0119\u0142a prowadzenie. Do\u015brodkowanie z prawej strony boiska wykorzysta\u0142 Luquinhas, kt\u00f3ry z 4 metr\u00f3w trafi\u0142 do bramki Rakowa.<\/p>\n\n\n\n<p>Po przerwie legioni\u015bci podwy\u017cszyli na 2:0. Gola z rzutu karnego zdoby\u0142 Czech Thomas Pekhart. Wi\u0119cej goli przy \u0141azienkowskiej ju\u017c nie pad\u0142o. Rak\u00f3w przegra\u0142 drugi mecz z rz\u0119du w 2021 roku i czwarty w sezonie.<\/p>\n\n\n\n<p><strong>Legia Warszawa \u2013 Rak\u00f3w Cz\u0119stochowa 2:0 (1:0)<\/strong><\/p>\n\n\n\n<p><strong>Bramki:<\/strong> 1:0 Luquinhas (29.), 2:0 Pekhart (64.)<\/p>\n\n\n\n<p><strong>Rak\u00f3w:<\/strong> Holec &#8211; Miko\u0142ajewski, Niewulis (43. Jach), Schwarz, Tudor (72. Malinowski), Sapa\u0142a, Poletanovi\u0107, Bartl (58. Kun), Tijani\u0107, Ivi (45. Cebula, 72. Szel\u0105gowski), Gutkovskis.<\/p>\n\n\n\n<figure class=\"wp-block-gallery columns-3 is-cropped wp-block-gallery-1 is-layout-flex wp-block-gallery-is-layout-flex\"><ul class=\"blocks-gallery-grid\"><li class=\"blocks-gallery-item\"><figure><img decoding=\"async\" width=\"1024\" height=\"683\" data-src=\"https:\/\/gazetaregionalna.com\/wp-content\/uploads\/2020\/11\/Rakow-Legia-17-1024x683.jpg\" alt=\"\" data-id=\"26885\" data-full-url=\"https:\/\/gazetaregionalna.com\/wp-content\/uploads\/2020\/11\/Rakow-Legia-17.jpg\" data-link=\"https:\/\/gazetaregionalna.com\/poznaniu\/rakow-legia-17\/\" class=\"wp-image-26885 lazyload\" data-srcset=\"https:\/\/gazetaregionalna.com\/wp-content\/uploads\/2020\/11\/Rakow-Legia-17-1024x683.jpg 1024w, https:\/\/gazetaregionalna.com\/wp-content\/uploads\/2020\/11\/Rakow-Legia-17-300x200.jpg 300w, https:\/\/gazetaregionalna.com\/wp-content\/uploads\/2020\/11\/Rakow-Legia-17-768x512.jpg 768w, https:\/\/gazetaregionalna.com\/wp-content\/uploads\/2020\/11\/Rakow-Legia-17-1536x1024.jpg 1536w, https:\/\/gazetaregionalna.com\/wp-content\/uploads\/2020\/11\/Rakow-Legia-17-696x464.jpg 696w, https:\/\/gazetaregionalna.com\/wp-content\/uploads\/2020\/11\/Rakow-Legia-17-1068x712.jpg 1068w, https:\/\/gazetaregionalna.com\/wp-content\/uploads\/2020\/11\/Rakow-Legia-17-630x420.jpg 630w, https:\/\/gazetaregionalna.com\/wp-content\/uploads\/2020\/11\/Rakow-Legia-17.jpg 1200w\" data-sizes=\"(max-width: 1024px) 100vw, 1024px\" src=\"data:image\/svg+xml;base64,PHN2ZyB3aWR0aD0iMSIgaGVpZ2h0PSIxIiB4bWxucz0iaHR0cDovL3d3dy53My5vcmcvMjAwMC9zdmciPjwvc3ZnPg==\" style=\"--smush-placeholder-width: 1024px; --smush-placeholder-aspect-ratio: 1024\/683;\" \/><\/figure><\/li><li class=\"blocks-gallery-item\"><figure><img decoding=\"async\" width=\"1024\" height=\"683\" data-src=\"https:\/\/gazetaregionalna.com\/wp-content\/uploads\/2020\/10\/Rakow-Legia-41-1024x683.jpg\" alt=\"\" data-id=\"24259\" data-full-url=\"https:\/\/gazetaregionalna.com\/wp-content\/uploads\/2020\/10\/Rakow-Legia-41.jpg\" data-link=\"https:\/\/gazetaregionalna.com\/rakow-18\/rakow-legia-41\/\" class=\"wp-image-24259 lazyload\" data-srcset=\"https:\/\/gazetaregionalna.com\/wp-content\/uploads\/2020\/10\/Rakow-Legia-41-1024x683.jpg 1024w, https:\/\/gazetaregionalna.com\/wp-content\/uploads\/2020\/10\/Rakow-Legia-41-300x200.jpg 300w, https:\/\/gazetaregionalna.com\/wp-content\/uploads\/2020\/10\/Rakow-Legia-41-768x512.jpg 768w, https:\/\/gazetaregionalna.com\/wp-content\/uploads\/2020\/10\/Rakow-Legia-41-1536x1024.jpg 1536w, https:\/\/gazetaregionalna.com\/wp-content\/uploads\/2020\/10\/Rakow-Legia-41-696x464.jpg 696w, https:\/\/gazetaregionalna.com\/wp-content\/uploads\/2020\/10\/Rakow-Legia-41-1068x712.jpg 1068w, https:\/\/gazetaregionalna.com\/wp-content\/uploads\/2020\/10\/Rakow-Legia-41-630x420.jpg 630w, https:\/\/gazetaregionalna.com\/wp-content\/uploads\/2020\/10\/Rakow-Legia-41.jpg 1200w\" data-sizes=\"(max-width: 1024px) 100vw, 1024px\" src=\"data:image\/svg+xml;base64,PHN2ZyB3aWR0aD0iMSIgaGVpZ2h0PSIxIiB4bWxucz0iaHR0cDovL3d3dy53My5vcmcvMjAwMC9zdmciPjwvc3ZnPg==\" style=\"--smush-placeholder-width: 1024px; --smush-placeholder-aspect-ratio: 1024\/683;\" \/><\/figure><\/li><li class=\"blocks-gallery-item\"><figure><img decoding=\"async\" width=\"1024\" height=\"683\" data-src=\"https:\/\/gazetaregionalna.com\/wp-content\/uploads\/2020\/10\/Rakow-Legia-39-1024x683.jpg\" alt=\"\" data-id=\"22288\" data-full-url=\"https:\/\/gazetaregionalna.com\/wp-content\/uploads\/2020\/10\/Rakow-Legia-39.jpg\" data-link=\"https:\/\/gazetaregionalna.com\/wloskiej\/rakow-legia-39\/\" class=\"wp-image-22288 lazyload\" data-srcset=\"https:\/\/gazetaregionalna.com\/wp-content\/uploads\/2020\/10\/Rakow-Legia-39-1024x683.jpg 1024w, https:\/\/gazetaregionalna.com\/wp-content\/uploads\/2020\/10\/Rakow-Legia-39-300x200.jpg 300w, https:\/\/gazetaregionalna.com\/wp-content\/uploads\/2020\/10\/Rakow-Legia-39-768x512.jpg 768w, https:\/\/gazetaregionalna.com\/wp-content\/uploads\/2020\/10\/Rakow-Legia-39-1536x1024.jpg 1536w, https:\/\/gazetaregionalna.com\/wp-content\/uploads\/2020\/10\/Rakow-Legia-39-696x464.jpg 696w, https:\/\/gazetaregionalna.com\/wp-content\/uploads\/2020\/10\/Rakow-Legia-39-1068x712.jpg 1068w, https:\/\/gazetaregionalna.com\/wp-content\/uploads\/2020\/10\/Rakow-Legia-39-630x420.jpg 630w, https:\/\/gazetaregionalna.com\/wp-content\/uploads\/2020\/10\/Rakow-Legia-39.jpg 1200w\" data-sizes=\"(max-width: 1024px) 100vw, 1024px\" src=\"data:image\/svg+xml;base64,PHN2ZyB3aWR0aD0iMSIgaGVpZ2h0PSIxIiB4bWxucz0iaHR0cDovL3d3dy53My5vcmcvMjAwMC9zdmciPjwvc3ZnPg==\" style=\"--smush-placeholder-width: 1024px; --smush-placeholder-aspect-ratio: 1024\/683;\" \/><\/figure><\/li><li class=\"blocks-gallery-item\"><figure><img decoding=\"async\" width=\"1024\" height=\"683\" data-src=\"https:\/\/gazetaregionalna.com\/wp-content\/uploads\/2020\/08\/Rakow-Legia-43-1024x683.jpg\" alt=\"\" data-id=\"19341\" data-full-url=\"https:\/\/gazetaregionalna.com\/wp-content\/uploads\/2020\/08\/Rakow-Legia-43.jpg\" data-link=\"https:\/\/gazetaregionalna.com\/rakow-legia-43\/\" class=\"wp-image-19341 lazyload\" data-srcset=\"https:\/\/gazetaregionalna.com\/wp-content\/uploads\/2020\/08\/Rakow-Legia-43-1024x683.jpg 1024w, https:\/\/gazetaregionalna.com\/wp-content\/uploads\/2020\/08\/Rakow-Legia-43-300x200.jpg 300w, https:\/\/gazetaregionalna.com\/wp-content\/uploads\/2020\/08\/Rakow-Legia-43-768x512.jpg 768w, https:\/\/gazetaregionalna.com\/wp-content\/uploads\/2020\/08\/Rakow-Legia-43-1536x1024.jpg 1536w, https:\/\/gazetaregionalna.com\/wp-content\/uploads\/2020\/08\/Rakow-Legia-43-696x464.jpg 696w, https:\/\/gazetaregionalna.com\/wp-content\/uploads\/2020\/08\/Rakow-Legia-43-1068x712.jpg 1068w, https:\/\/gazetaregionalna.com\/wp-content\/uploads\/2020\/08\/Rakow-Legia-43-630x420.jpg 630w, https:\/\/gazetaregionalna.com\/wp-content\/uploads\/2020\/08\/Rakow-Legia-43.jpg 1200w\" data-sizes=\"(max-width: 1024px) 100vw, 1024px\" src=\"data:image\/svg+xml;base64,PHN2ZyB3aWR0aD0iMSIgaGVpZ2h0PSIxIiB4bWxucz0iaHR0cDovL3d3dy53My5vcmcvMjAwMC9zdmciPjwvc3ZnPg==\" style=\"--smush-placeholder-width: 1024px; --smush-placeholder-aspect-ratio: 1024\/683;\" \/><\/figure><\/li><\/ul><\/figure>\n\n\n\n<p>Foto: Gazeta Regionalna\/AK<\/p>\n","protected":false},"excerpt":{"rendered":"<p>Pi\u0142karze Rakowa w meczu \u201ena szczycie\u201d PKO BP Ekstraklasy przegrali w Warszawie z Legi\u0105 0:2. Legia i Rak\u00f3w od pora\u017cek przed tygodniem rozpocz\u0119li wznowienie<\/p>\n","protected":false},"author":15,"featured_media":22288,"comment_status":"open","ping_status":"open","sticky":false,"template":"","format":"standard","meta":{"_monsterinsights_skip_tracking":false,"_monsterinsights_sitenote_active":false,"_monsterinsights_sitenote_note":"","_monsterinsights_sitenote_category":0,"_uf_show_specific_survey":0,"_uf_disable_surveys":false,"footnotes":""},"categories":[5,6],"tags":[],"class_list":["post-33256","post","type-post","status-publish","format-standard","has-post-thumbnail","hentry","category-sport","category-pilka-nozna"],"_links":{"self":[{"href":"https:\/\/gazetaregionalna.com\/index.php?rest_route=\/wp\/v2\/posts\/33256","targetHints":{"allow":["GET"]}}],"collection":[{"href":"https:\/\/gazetaregionalna.com\/index.php?rest_route=\/wp\/v2\/posts"}],"about":[{"href":"https:\/\/gazetaregionalna.com\/index.php?rest_route=\/wp\/v2\/types\/post"}],"author":[{"embeddable":true,"href":"https:\/\/gazetaregionalna.com\/index.php?rest_route=\/wp\/v2\/users\/15"}],"replies":[{"embeddable":true,"href":"https:\/\/gazetaregionalna.com\/index.php?rest_route=%2Fwp%2Fv2%2Fcomments&post=33256"}],"version-history":[{"count":1,"href":"https:\/\/gazetaregionalna.com\/index.php?rest_route=\/wp\/v2\/posts\/33256\/revisions"}],"predecessor-version":[{"id":33257,"href":"https:\/\/gazetaregionalna.com\/index.php?rest_route=\/wp\/v2\/posts\/33256\/revisions\/33257"}],"wp:featuredmedia":[{"embeddable":true,"href":"https:\/\/gazetaregionalna.com\/index.php?rest_route=\/wp\/v2\/media\/22288"}],"wp:attachment":[{"href":"https:\/\/gazetaregionalna.com\/index.php?rest_route=%2Fwp%2Fv2%2Fmedia&parent=33256"}],"wp:term":[{"taxonomy":"category","embeddable":true,"href":"https:\/\/gazetaregionalna.com\/index.php?rest_route=%2Fwp%2Fv2%2Fcategories&post=33256"},{"taxonomy":"post_tag","embeddable":true,"href":"https:\/\/gazetaregionalna.com\/index.php?rest_route=%2Fwp%2Fv2%2Ftags&post=33256"}],"curies":[{"name":"wp","href":"https:\/\/api.w.org\/{rel}","templated":true}]}}