{"id":33147,"date":"2021-02-05T08:00:21","date_gmt":"2021-02-05T08:00:21","guid":{"rendered":"https:\/\/gazetaregionalna.com\/?p=33147"},"modified":"2021-02-07T13:53:39","modified_gmt":"2021-02-07T13:53:39","slug":"wielkanocna-paczka-dla-kresowiaka-od-strazaka","status":"publish","type":"post","link":"https:\/\/gazetaregionalna.com\/?p=33147","title":{"rendered":"W Lubli\u0144cu ruszy\u0142a \u201eWielkanocna paczka dla Kresowiaka od stra\u017caka\u201d. Stra\u017cacy zach\u0119caj\u0105 do pomagania"},"content":{"rendered":"\n<p><strong>W Lubli\u0144cu ruszy\u0142a akcja charytatywna \u201eWielkanocna paczka dla Kresowiaka od stra\u017caka\u201d. Zebrane rzeczy zostan\u0105 dostarczone do Ska\u0142atu w Obwodzie Tarnopolskim na Ukrainie.<\/strong><\/p>\n\n\n\n<p>\u201eWielkanocna paczka dla Kresowiaka od stra\u017caka\u201d to og\u00f3lnopolska akcja charytatywna prowadzona przez stra\u017cak\u00f3w z r\u00f3\u017cnych wojew\u00f3dztw. W Wojew\u00f3dztwie \u015al\u0105skim w 2021 roku zbi\u00f3rk\u0119 \u017cywno\u015bci prowadzi OSP GRS SWPB z Lubli\u0144ca.<\/p>\n\n\n\n<p>Stra\u017cacy z OSP w ramach akcji zbieraj\u0105:<\/p>\n\n\n\n<p><strong>Suchy prowiant, kt\u00f3rego data wa\u017cno\u015bci to minimum 6 miesi\u0119cy:<\/strong><\/p>\n\n\n\n<ul class=\"wp-block-list\"><li>Makarony;<\/li><li>Ry\u017c;<\/li><li>Kasza;<\/li><li>M\u0105ka;<\/li><li>S\u00f3l;<\/li><li>Cukier;<\/li><li>Konserwy;<\/li><li>Przyprawy;<\/li><li>Zupy w proszku;<\/li><li>Sosy w proszku;<\/li><li>Olej.<\/li><\/ul>\n\n\n\n<p><strong>\u015arodki czysto\u015bci:<\/strong><\/p>\n\n\n\n<ul class=\"wp-block-list\"><li>P\u0142yn do mycia naczy\u0144;<\/li><li>Proszki do prania;<\/li><li>P\u0142yn do mycia pod\u0142ogi;<\/li><li>itp.<\/li><\/ul>\n\n\n\n<p><strong>\u015arodki higieny osobistej:<\/strong><\/p>\n\n\n\n<ul class=\"wp-block-list\"><li>Myd\u0142o;<\/li><li>Szampon;<\/li><li>Pasta do z\u0119b\u00f3w;<\/li><li>G\u0105bki;<\/li><li>itp.<\/li><\/ul>\n\n\n\n<p>Ponadto mo\u017cna przynie\u015b\u0107 ubrania i obuwie dla dzieci i doros\u0142ych wy\u0142\u0105cznie nadaj\u0105ce si\u0119 do u\u017cytku. Dodatkowo celem zbi\u00f3rki jest r\u00f3wnie\u017c pomoc Stra\u017cakom w Skalacie, dlatego zbierane b\u0119d\u0105 tak\u017ce:<\/p>\n\n\n\n<ul class=\"wp-block-list\"><li>W\u0119\u017ce stra\u017cackie;<\/li><li>He\u0142my;<\/li><li>Rordzielacze;<\/li><li>Pr\u0105downice;<\/li><li>Obuwie;<\/li><li>Mundury.<\/li><\/ul>\n\n\n\n<figure class=\"wp-block-image size-large\"><img decoding=\"async\" width=\"1024\" height=\"680\" data-src=\"https:\/\/gazetaregionalna.com\/wp-content\/uploads\/2021\/02\/weze-strazackie-1024x680.jpg\" alt=\"\" class=\"wp-image-33149 lazyload\" data-srcset=\"https:\/\/gazetaregionalna.com\/wp-content\/uploads\/2021\/02\/weze-strazackie-1024x680.jpg 1024w, https:\/\/gazetaregionalna.com\/wp-content\/uploads\/2021\/02\/weze-strazackie-300x199.jpg 300w, https:\/\/gazetaregionalna.com\/wp-content\/uploads\/2021\/02\/weze-strazackie-768x510.jpg 768w, https:\/\/gazetaregionalna.com\/wp-content\/uploads\/2021\/02\/weze-strazackie-1536x1020.jpg 1536w, https:\/\/gazetaregionalna.com\/wp-content\/uploads\/2021\/02\/weze-strazackie-696x462.jpg 696w, https:\/\/gazetaregionalna.com\/wp-content\/uploads\/2021\/02\/weze-strazackie-1068x709.jpg 1068w, https:\/\/gazetaregionalna.com\/wp-content\/uploads\/2021\/02\/weze-strazackie-632x420.jpg 632w, https:\/\/gazetaregionalna.com\/wp-content\/uploads\/2021\/02\/weze-strazackie.jpg 1200w\" data-sizes=\"(max-width: 1024px) 100vw, 1024px\" src=\"data:image\/svg+xml;base64,PHN2ZyB3aWR0aD0iMSIgaGVpZ2h0PSIxIiB4bWxucz0iaHR0cDovL3d3dy53My5vcmcvMjAwMC9zdmciPjwvc3ZnPg==\" style=\"--smush-placeholder-width: 1024px; --smush-placeholder-aspect-ratio: 1024\/680;\" \/><figcaption>Fot. pixabay.com<\/figcaption><\/figure>\n\n\n\n<p>Zebrane rzeczy zostan\u0105 przekazane rodakom z Ukrainy oraz b\u0119d\u0105 kolejno rozdysponowane w\u015br\u00f3d najbardziej potrzebuj\u0105cych.<\/p>\n\n\n\n<p>Dary mo\u017cna sk\u0142ada\u0107 w siedzibie&nbsp;Ochotniczej Stra\u017cy Po\u017carnej w Lubli\u0144cu, po uprzednim kontakcie telefonicznym pod nr 609&nbsp;158&nbsp;297, do ko\u0144ca lutego.<\/p>\n\n\n\n<p><strong>Wszystkim wspieraj\u0105cym akcj\u0119, Stra\u017cacy z OSP z Lubli\u0144ca serdecznie dzi\u0119kuj\u0105!<\/strong><\/p>\n\n\n\n<figure class=\"wp-block-image size-large\"><img decoding=\"async\" width=\"720\" height=\"1014\" data-src=\"https:\/\/gazetaregionalna.com\/wp-content\/uploads\/2021\/02\/wielkanocna-paczka-dla-kresowiaka.jpg\" alt=\"\" class=\"wp-image-33150 lazyload\" data-srcset=\"https:\/\/gazetaregionalna.com\/wp-content\/uploads\/2021\/02\/wielkanocna-paczka-dla-kresowiaka.jpg 720w, https:\/\/gazetaregionalna.com\/wp-content\/uploads\/2021\/02\/wielkanocna-paczka-dla-kresowiaka-213x300.jpg 213w, https:\/\/gazetaregionalna.com\/wp-content\/uploads\/2021\/02\/wielkanocna-paczka-dla-kresowiaka-696x980.jpg 696w, https:\/\/gazetaregionalna.com\/wp-content\/uploads\/2021\/02\/wielkanocna-paczka-dla-kresowiaka-298x420.jpg 298w\" data-sizes=\"(max-width: 720px) 100vw, 720px\" src=\"data:image\/svg+xml;base64,PHN2ZyB3aWR0aD0iMSIgaGVpZ2h0PSIxIiB4bWxucz0iaHR0cDovL3d3dy53My5vcmcvMjAwMC9zdmciPjwvc3ZnPg==\" style=\"--smush-placeholder-width: 720px; --smush-placeholder-aspect-ratio: 720\/1014;\" \/><figcaption>Fot. Powiat Lubliniecki<\/figcaption><\/figure>\n","protected":false},"excerpt":{"rendered":"<p>W Lubli\u0144cu ruszy\u0142a akcja charytatywna \u201eWielkanocna paczka dla Kresowiaka od stra\u017caka\u201d. Zebrane rzeczy zostan\u0105 dostarczone do Ska\u0142atu w Obwodzie Tarnopolskim na Ukrainie. \u201eWielkanocna paczka<\/p>\n","protected":false},"author":12,"featured_media":33216,"comment_status":"open","ping_status":"open","sticky":false,"template":"","format":"standard","meta":{"_monsterinsights_skip_tracking":false,"_monsterinsights_sitenote_active":false,"_monsterinsights_sitenote_note":"","_monsterinsights_sitenote_category":0,"_uf_show_specific_survey":0,"_uf_disable_surveys":false,"footnotes":""},"categories":[94,25,2],"tags":[1446,1447],"class_list":["post-33147","post","type-post","status-publish","format-standard","has-post-thumbnail","hentry","category-polecane","category-lubliniec","category-wiadomosci","tag-osp-grs-lubliniec","tag-wielkanocna-paczka-dla-kresowiaka"],"_links":{"self":[{"href":"https:\/\/gazetaregionalna.com\/index.php?rest_route=\/wp\/v2\/posts\/33147","targetHints":{"allow":["GET"]}}],"collection":[{"href":"https:\/\/gazetaregionalna.com\/index.php?rest_route=\/wp\/v2\/posts"}],"about":[{"href":"https:\/\/gazetaregionalna.com\/index.php?rest_route=\/wp\/v2\/types\/post"}],"author":[{"embeddable":true,"href":"https:\/\/gazetaregionalna.com\/index.php?rest_route=\/wp\/v2\/users\/12"}],"replies":[{"embeddable":true,"href":"https:\/\/gazetaregionalna.com\/index.php?rest_route=%2Fwp%2Fv2%2Fcomments&post=33147"}],"version-history":[{"count":1,"href":"https:\/\/gazetaregionalna.com\/index.php?rest_route=\/wp\/v2\/posts\/33147\/revisions"}],"predecessor-version":[{"id":33151,"href":"https:\/\/gazetaregionalna.com\/index.php?rest_route=\/wp\/v2\/posts\/33147\/revisions\/33151"}],"wp:featuredmedia":[{"embeddable":true,"href":"https:\/\/gazetaregionalna.com\/index.php?rest_route=\/wp\/v2\/media\/33216"}],"wp:attachment":[{"href":"https:\/\/gazetaregionalna.com\/index.php?rest_route=%2Fwp%2Fv2%2Fmedia&parent=33147"}],"wp:term":[{"taxonomy":"category","embeddable":true,"href":"https:\/\/gazetaregionalna.com\/index.php?rest_route=%2Fwp%2Fv2%2Fcategories&post=33147"},{"taxonomy":"post_tag","embeddable":true,"href":"https:\/\/gazetaregionalna.com\/index.php?rest_route=%2Fwp%2Fv2%2Ftags&post=33147"}],"curies":[{"name":"wp","href":"https:\/\/api.w.org\/{rel}","templated":true}]}}