{"id":33141,"date":"2021-02-05T07:32:09","date_gmt":"2021-02-05T07:32:09","guid":{"rendered":"https:\/\/gazetaregionalna.com\/?p=33141"},"modified":"2021-02-05T07:32:11","modified_gmt":"2021-02-05T07:32:11","slug":"czestochowski-okf-zaprasza-na-weekend-z-almodovarem","status":"publish","type":"post","link":"https:\/\/gazetaregionalna.com\/?p=33141","title":{"rendered":"Cz\u0119stochowski OKF zaprasza na \u201eWeekend z Almodovarem\u201d"},"content":{"rendered":"\n<h2 class=\"wp-block-heading\">Od dzisiaj do niedzieli w\u0142\u0105cznie O\u015brodek Kultury Filmowej Kino Iluzja zaprasza na projekcj\u0119 film\u00f3w Pedro Almodovara. <\/h2>\n\n\n\n<p>Projekcje oczywi\u015bcie online na platformie filmowej <a href=\"https:\/\/www.facebook.com\/mojeekino\/?__cft__[0]=AZV4LUsNcuxvhOGbMj0delzb7U-wO_ObabfrCkEnnxsQpLn9klfhiucmYZrLnZ0rDGaZsYhzTQNB8ZXbfGhbiMXWOiWY8PkvZEkrHiXXELwUV7ZxF_OhfZBzTcNoEX9HIQ6cIAnkNYjAFTp-G9pF_Nsb&amp;__tn__=kK-R\" target=\"_blank\" rel=\"noopener\">Mojeekino.pl<\/a>.(<a rel=\"noreferrer noopener\" href=\"http:\/\/www.mojeekino.pl\/show\/weekend-z-pedro-almodovarem?fbclid=IwAR0o86qA3FQ5rm2PYCUv69Wd6-mB1RLM7uQXcqJfrgcrNSjQfA6msJ2AkjU\" target=\"_blank\">www.mojeekino.pl\/show\/weekend-z-pedro-almodovarem<\/a>)<\/p>\n\n\n\n<p>Dla mi\u0142o\u015bnik\u00f3w mistrza kina, najpopularniejszego re\u017cysera i scenarzysty hiszpa\u0144skiego przygotowano najwa\u017cniejsze jego obrazy nakr\u0119cone w ostatnich latach. W ramach przegl\u0105du obejrze\u0107 mo\u017cna nast\u0119puj\u0105ce filmy: <\/p>\n\n\n\n<p>\u201eB\u00f3l i blask\u201d (<a href=\"http:\/\/www.mojeekino.pl\/vods\/vod.915\" target=\"_blank\" rel=\"noopener\">www.mojeekino.pl\/vods\/vod.915<\/a>),<\/p>\n\n\n\n<p> \u201eJulieta\u201d (<a href=\"http:\/\/www.mojeekino.pl\/vods\/vod.913\" target=\"_blank\" rel=\"noopener\">www.mojeekino.pl\/vods\/vod.913<\/a>), <\/p>\n\n\n\n<p>\u201ePrzelotni kochankowie\u201d (<a href=\"http:\/\/www.mojeekino.pl\/vods\/vod.914\" target=\"_blank\" rel=\"noopener\">www.mojeekino.pl\/vods\/vod.914<\/a>), <\/p>\n\n\n\n<p>\u201ePrzerwane obj\u0119cia\u201d (<a rel=\"noreferrer noopener\" href=\"https:\/\/l.facebook.com\/l.php?u=http%3A%2F%2Fwww.mojeekino.pl%2Fvods%2Fvod.917%3Ffbclid%3DIwAR17BG-03fOg-IifZcxxFDXrfBwl7zR7XWgvcogBd508nGQQ2Pvnf_wZHi4&amp;h=AT0LazawrEt_kIljUHakJpz3kIiaRlc6uWadkEbkS-6eYxgCMU-x4NlGuWn-NlYy3LpgRMOs4_dBELhOvV8cxmnNbJfQU7H0l78-kkUe8PLMSnbwt4Nfmwe0s4uJw697AHxFQA&amp;__tn__=-UK-R&amp;c[0]=AT3kv28KT-wF6PIObBnKE5Qiy_sTT5dQ60LTJg3hlMYWkCnWDxg13Tu1PFqlkaq1oMhPo5pklpUGaZvP_6R1rzAr4jadWGe9aUd6oqbOCz-u8_hQL85x-HSRtFC2238OuPMjJt2mYsSRITrd5s4g42RXrH-2xllaIPcgXpqcaypIhzam\" target=\"_blank\">www.mojeekino.pl\/vods\/vod.917<\/a>)<\/p>\n\n\n\n<p> \u201eSk\u00f3ra w kt\u00f3rej \u017cyj\u0119\u201d (<a href=\"http:\/\/www.mojeekino.pl\/vods\/vod.916\" target=\"_blank\" rel=\"noopener\">www.mojeekino.pl\/vods\/vod.916<\/a>). <\/p>\n\n\n\n<p>Ogl\u0105daj\u0105c filmy jak zawsze spieramy cz\u0119stochowsk\u0105 \u201eIluzj\u0119\u201d.<\/p>\n\n\n\n<p>Wchodzimy na platform\u0119 mojekino.pl i kupujemy bilet przez zak\u0142adk\u0119 OKF ILUZJA.<\/p>\n","protected":false},"excerpt":{"rendered":"<p>Od dzisiaj do niedzieli w\u0142\u0105cznie O\u015brodek Kultury Filmowej Kino Iluzja zaprasza na projekcj\u0119 film\u00f3w Pedro Almodovara. Projekcje oczywi\u015bcie online na platformie filmowej Mojeekino.pl.(www.mojeekino.pl\/show\/weekend-z-pedro-almodovarem) Dla<\/p>\n","protected":false},"author":7,"featured_media":33145,"comment_status":"open","ping_status":"open","sticky":false,"template":"","format":"standard","meta":{"_monsterinsights_skip_tracking":false,"_monsterinsights_sitenote_active":false,"_monsterinsights_sitenote_note":"","_monsterinsights_sitenote_category":0,"_uf_show_specific_survey":0,"_uf_disable_surveys":false,"footnotes":""},"categories":[12,3,94,2],"tags":[],"class_list":["post-33141","post","type-post","status-publish","format-standard","has-post-thumbnail","hentry","category-kultura-i-rozrywka","category-czestochowa-informacje","category-polecane","category-wiadomosci"],"_links":{"self":[{"href":"https:\/\/gazetaregionalna.com\/index.php?rest_route=\/wp\/v2\/posts\/33141","targetHints":{"allow":["GET"]}}],"collection":[{"href":"https:\/\/gazetaregionalna.com\/index.php?rest_route=\/wp\/v2\/posts"}],"about":[{"href":"https:\/\/gazetaregionalna.com\/index.php?rest_route=\/wp\/v2\/types\/post"}],"author":[{"embeddable":true,"href":"https:\/\/gazetaregionalna.com\/index.php?rest_route=\/wp\/v2\/users\/7"}],"replies":[{"embeddable":true,"href":"https:\/\/gazetaregionalna.com\/index.php?rest_route=%2Fwp%2Fv2%2Fcomments&post=33141"}],"version-history":[{"count":4,"href":"https:\/\/gazetaregionalna.com\/index.php?rest_route=\/wp\/v2\/posts\/33141\/revisions"}],"predecessor-version":[{"id":33146,"href":"https:\/\/gazetaregionalna.com\/index.php?rest_route=\/wp\/v2\/posts\/33141\/revisions\/33146"}],"wp:featuredmedia":[{"embeddable":true,"href":"https:\/\/gazetaregionalna.com\/index.php?rest_route=\/wp\/v2\/media\/33145"}],"wp:attachment":[{"href":"https:\/\/gazetaregionalna.com\/index.php?rest_route=%2Fwp%2Fv2%2Fmedia&parent=33141"}],"wp:term":[{"taxonomy":"category","embeddable":true,"href":"https:\/\/gazetaregionalna.com\/index.php?rest_route=%2Fwp%2Fv2%2Fcategories&post=33141"},{"taxonomy":"post_tag","embeddable":true,"href":"https:\/\/gazetaregionalna.com\/index.php?rest_route=%2Fwp%2Fv2%2Ftags&post=33141"}],"curies":[{"name":"wp","href":"https:\/\/api.w.org\/{rel}","templated":true}]}}