{"id":33100,"date":"2021-02-04T15:38:22","date_gmt":"2021-02-04T15:38:22","guid":{"rendered":"https:\/\/gazetaregionalna.com\/?p=33100"},"modified":"2021-02-04T15:38:23","modified_gmt":"2021-02-04T15:38:23","slug":"rakow-jedzie-do-warszawy-na-lazienkowska-zmierzyc-sie-w-hicie-kolejki-z-legia","status":"publish","type":"post","link":"https:\/\/gazetaregionalna.com\/?p=33100","title":{"rendered":"Rak\u00f3w jedzie do Warszawy na \u0141azienkowsk\u0105 zmierzy\u0107 si\u0119 w hicie kolejki z Legi\u0105"},"content":{"rendered":"\n<p>W sobot\u0119 w Warszawie w hicie 16 kolejki zmierz\u0105 si\u0119 ze sob\u0105 wicelider Legia z 3. w tabeli PKO BP Ekstraklasy Rakowem. To pojedynek zespo\u0142\u00f3w, kt\u00f3re w miniony weekend przegra\u0142y swoje spotkania.<\/p>\n\n\n\n<p>Powr\u00f3t do rozgrywek Ekstraklasy nie by\u0142 udany ani dla pi\u0142karzy Legii, ani dla Rakowa. Wicelider z Cz\u0119stochowy przegra\u0142 \u201eu siebie\u201d z Pogoni\u0105 Szczecin i spad\u0142 z 2. na 3. miejsce w tabeli. Prowadz\u0105ca w tabeli Legia przegra\u0142a w Bielsku Bia\u0142ej z&#8230; ostatnim w tabeli Podbeskidziem i opu\u015bci\u0142a fotel lidera na rzecz Pogoni. Teraz w Warszawie dojdzie do pojedynku dw\u00f3ch rozdra\u017cnionych zespo\u0142\u00f3w, kt\u00f3re za wszelk\u0105 cen\u0119 b\u0119d\u0105 chcia\u0142y szybko prze\u0142ama\u0107 si\u0119 i wygra\u0107.<\/p>\n\n\n\n<p>Co ciekawe, w pierwszej kolejce po przerwie \u015bwi\u0105teczno-noworocznej sw\u00f3j mecz z pi\u0119ciu czo\u0142owych zespo\u0142\u00f3w tabeli wygra\u0142a tylko Pogo\u0144&#8230;<\/p>\n\n\n\n<p>Dru\u017cyna Rakowa na sobotni mecz b\u0119dzie podw\u00f3jnie zmobilizowana. Czerwono-niebiescy w I kolejce tego sezonu przegrali w Be\u0142chatowie z Legi\u0105 1:2 i teraz b\u0119d\u0105 chcieli zrehabilitowa\u0107 si\u0119 za tamt\u0105 pora\u017ck\u0119. Dodatkowo dru\u017cyna trenera Marka Papszuna przegra\u0142a do\u015b\u0107 trudny mecz, ale nie powinna teraz dopu\u015bci\u0107 do drugiej pora\u017cki pod rz\u0105d.<\/p>\n\n\n\n<p>Rund\u0119 jesienn\u0105 cz\u0119stochowianie rozpocz\u0119li od \u201ewpadki\u201d z Legi\u0105, ale p\u00f3\u017aniej mieli seri\u0119&#8230; 10 mecz\u00f3w bez pora\u017cki. Kibice Rakowa maj\u0105 nadziej\u0119, \u017ce w tej rundzie b\u0119dzie podobnie i od meczu przy ul. \u0141azienkowskiej czerwono-niebiescy zaczn\u0105 znowu walczy\u0107 o pozycj\u0119 lidera.<\/p>\n\n\n\n<p>Rak\u00f3w na p\u00f3\u0142metku rozgrywek po 15 kolejkach ma na koncie 28 punkt\u00f3w. Do prowadz\u0105cej Pogoni traci 3 punkty, a do drugiej Legii tylko punkt.<\/p>\n\n\n\n<figure class=\"wp-block-gallery columns-3 is-cropped wp-block-gallery-1 is-layout-flex wp-block-gallery-is-layout-flex\"><ul class=\"blocks-gallery-grid\"><li class=\"blocks-gallery-item\"><figure><img decoding=\"async\" width=\"1024\" height=\"640\" data-src=\"https:\/\/gazetaregionalna.com\/wp-content\/uploads\/2021\/01\/Rakow-Pogon-10-1024x640.jpg\" alt=\"\" data-id=\"32677\" data-full-url=\"https:\/\/gazetaregionalna.com\/wp-content\/uploads\/2021\/01\/Rakow-Pogon-10-scaled.jpg\" data-link=\"https:\/\/gazetaregionalna.com\/rakow-pogon-10\/\" class=\"wp-image-32677 lazyload\" data-srcset=\"https:\/\/gazetaregionalna.com\/wp-content\/uploads\/2021\/01\/Rakow-Pogon-10-1024x640.jpg 1024w, https:\/\/gazetaregionalna.com\/wp-content\/uploads\/2021\/01\/Rakow-Pogon-10-300x188.jpg 300w, https:\/\/gazetaregionalna.com\/wp-content\/uploads\/2021\/01\/Rakow-Pogon-10-768x480.jpg 768w, https:\/\/gazetaregionalna.com\/wp-content\/uploads\/2021\/01\/Rakow-Pogon-10-1536x961.jpg 1536w, https:\/\/gazetaregionalna.com\/wp-content\/uploads\/2021\/01\/Rakow-Pogon-10-2048x1281.jpg 2048w, https:\/\/gazetaregionalna.com\/wp-content\/uploads\/2021\/01\/Rakow-Pogon-10-696x435.jpg 696w, https:\/\/gazetaregionalna.com\/wp-content\/uploads\/2021\/01\/Rakow-Pogon-10-1068x668.jpg 1068w, https:\/\/gazetaregionalna.com\/wp-content\/uploads\/2021\/01\/Rakow-Pogon-10-1920x1201.jpg 1920w, https:\/\/gazetaregionalna.com\/wp-content\/uploads\/2021\/01\/Rakow-Pogon-10-672x420.jpg 672w, https:\/\/gazetaregionalna.com\/wp-content\/uploads\/2021\/01\/Rakow-Pogon-10-scaled.jpg 1200w\" data-sizes=\"(max-width: 1024px) 100vw, 1024px\" src=\"data:image\/svg+xml;base64,PHN2ZyB3aWR0aD0iMSIgaGVpZ2h0PSIxIiB4bWxucz0iaHR0cDovL3d3dy53My5vcmcvMjAwMC9zdmciPjwvc3ZnPg==\" style=\"--smush-placeholder-width: 1024px; --smush-placeholder-aspect-ratio: 1024\/640;\" \/><\/figure><\/li><li class=\"blocks-gallery-item\"><figure><img decoding=\"async\" width=\"1024\" height=\"502\" data-src=\"https:\/\/gazetaregionalna.com\/wp-content\/uploads\/2021\/01\/Rakow-Pogon-9-1024x502.jpg\" alt=\"\" data-id=\"32676\" data-full-url=\"https:\/\/gazetaregionalna.com\/wp-content\/uploads\/2021\/01\/Rakow-Pogon-9-scaled.jpg\" data-link=\"https:\/\/gazetaregionalna.com\/rakow-pogon-9\/\" class=\"wp-image-32676 lazyload\" data-srcset=\"https:\/\/gazetaregionalna.com\/wp-content\/uploads\/2021\/01\/Rakow-Pogon-9-1024x502.jpg 1024w, https:\/\/gazetaregionalna.com\/wp-content\/uploads\/2021\/01\/Rakow-Pogon-9-300x147.jpg 300w, https:\/\/gazetaregionalna.com\/wp-content\/uploads\/2021\/01\/Rakow-Pogon-9-768x376.jpg 768w, https:\/\/gazetaregionalna.com\/wp-content\/uploads\/2021\/01\/Rakow-Pogon-9-1536x753.jpg 1536w, https:\/\/gazetaregionalna.com\/wp-content\/uploads\/2021\/01\/Rakow-Pogon-9-2048x1003.jpg 2048w, https:\/\/gazetaregionalna.com\/wp-content\/uploads\/2021\/01\/Rakow-Pogon-9-696x341.jpg 696w, https:\/\/gazetaregionalna.com\/wp-content\/uploads\/2021\/01\/Rakow-Pogon-9-1068x523.jpg 1068w, https:\/\/gazetaregionalna.com\/wp-content\/uploads\/2021\/01\/Rakow-Pogon-9-1920x941.jpg 1920w, https:\/\/gazetaregionalna.com\/wp-content\/uploads\/2021\/01\/Rakow-Pogon-9-857x420.jpg 857w, https:\/\/gazetaregionalna.com\/wp-content\/uploads\/2021\/01\/Rakow-Pogon-9-324x160.jpg 324w, https:\/\/gazetaregionalna.com\/wp-content\/uploads\/2021\/01\/Rakow-Pogon-9-533x261.jpg 533w, https:\/\/gazetaregionalna.com\/wp-content\/uploads\/2021\/01\/Rakow-Pogon-9-scaled.jpg 1200w\" data-sizes=\"(max-width: 1024px) 100vw, 1024px\" src=\"data:image\/svg+xml;base64,PHN2ZyB3aWR0aD0iMSIgaGVpZ2h0PSIxIiB4bWxucz0iaHR0cDovL3d3dy53My5vcmcvMjAwMC9zdmciPjwvc3ZnPg==\" style=\"--smush-placeholder-width: 1024px; --smush-placeholder-aspect-ratio: 1024\/502;\" \/><\/figure><\/li><li class=\"blocks-gallery-item\"><figure><img decoding=\"async\" width=\"1024\" height=\"545\" data-src=\"https:\/\/gazetaregionalna.com\/wp-content\/uploads\/2021\/01\/Rakow-Pogon-6-1-1024x545.jpg\" alt=\"\" data-id=\"32673\" data-full-url=\"https:\/\/gazetaregionalna.com\/wp-content\/uploads\/2021\/01\/Rakow-Pogon-6-1-scaled.jpg\" data-link=\"https:\/\/gazetaregionalna.com\/rakow-pogon-6-2\/\" class=\"wp-image-32673 lazyload\" data-srcset=\"https:\/\/gazetaregionalna.com\/wp-content\/uploads\/2021\/01\/Rakow-Pogon-6-1-1024x545.jpg 1024w, https:\/\/gazetaregionalna.com\/wp-content\/uploads\/2021\/01\/Rakow-Pogon-6-1-300x160.jpg 300w, https:\/\/gazetaregionalna.com\/wp-content\/uploads\/2021\/01\/Rakow-Pogon-6-1-768x408.jpg 768w, https:\/\/gazetaregionalna.com\/wp-content\/uploads\/2021\/01\/Rakow-Pogon-6-1-1536x817.jpg 1536w, https:\/\/gazetaregionalna.com\/wp-content\/uploads\/2021\/01\/Rakow-Pogon-6-1-2048x1089.jpg 2048w, https:\/\/gazetaregionalna.com\/wp-content\/uploads\/2021\/01\/Rakow-Pogon-6-1-696x370.jpg 696w, https:\/\/gazetaregionalna.com\/wp-content\/uploads\/2021\/01\/Rakow-Pogon-6-1-1068x568.jpg 1068w, https:\/\/gazetaregionalna.com\/wp-content\/uploads\/2021\/01\/Rakow-Pogon-6-1-1920x1021.jpg 1920w, https:\/\/gazetaregionalna.com\/wp-content\/uploads\/2021\/01\/Rakow-Pogon-6-1-790x420.jpg 790w, https:\/\/gazetaregionalna.com\/wp-content\/uploads\/2021\/01\/Rakow-Pogon-6-1-scaled.jpg 1200w\" data-sizes=\"(max-width: 1024px) 100vw, 1024px\" src=\"data:image\/svg+xml;base64,PHN2ZyB3aWR0aD0iMSIgaGVpZ2h0PSIxIiB4bWxucz0iaHR0cDovL3d3dy53My5vcmcvMjAwMC9zdmciPjwvc3ZnPg==\" style=\"--smush-placeholder-width: 1024px; --smush-placeholder-aspect-ratio: 1024\/545;\" \/><\/figure><\/li><li class=\"blocks-gallery-item\"><figure><img decoding=\"async\" width=\"1024\" height=\"683\" data-src=\"https:\/\/gazetaregionalna.com\/wp-content\/uploads\/2021\/01\/Rakow-Pogon-8-1024x683.jpg\" alt=\"\" data-id=\"32672\" data-full-url=\"https:\/\/gazetaregionalna.com\/wp-content\/uploads\/2021\/01\/Rakow-Pogon-8-scaled.jpg\" data-link=\"https:\/\/gazetaregionalna.com\/rakow-pogon-8\/\" class=\"wp-image-32672 lazyload\" data-srcset=\"https:\/\/gazetaregionalna.com\/wp-content\/uploads\/2021\/01\/Rakow-Pogon-8-1024x683.jpg 1024w, https:\/\/gazetaregionalna.com\/wp-content\/uploads\/2021\/01\/Rakow-Pogon-8-300x200.jpg 300w, https:\/\/gazetaregionalna.com\/wp-content\/uploads\/2021\/01\/Rakow-Pogon-8-768x512.jpg 768w, https:\/\/gazetaregionalna.com\/wp-content\/uploads\/2021\/01\/Rakow-Pogon-8-1536x1024.jpg 1536w, https:\/\/gazetaregionalna.com\/wp-content\/uploads\/2021\/01\/Rakow-Pogon-8-2048x1365.jpg 2048w, https:\/\/gazetaregionalna.com\/wp-content\/uploads\/2021\/01\/Rakow-Pogon-8-696x464.jpg 696w, https:\/\/gazetaregionalna.com\/wp-content\/uploads\/2021\/01\/Rakow-Pogon-8-1068x712.jpg 1068w, https:\/\/gazetaregionalna.com\/wp-content\/uploads\/2021\/01\/Rakow-Pogon-8-1920x1280.jpg 1920w, https:\/\/gazetaregionalna.com\/wp-content\/uploads\/2021\/01\/Rakow-Pogon-8-630x420.jpg 630w, https:\/\/gazetaregionalna.com\/wp-content\/uploads\/2021\/01\/Rakow-Pogon-8-scaled.jpg 1200w\" data-sizes=\"(max-width: 1024px) 100vw, 1024px\" src=\"data:image\/svg+xml;base64,PHN2ZyB3aWR0aD0iMSIgaGVpZ2h0PSIxIiB4bWxucz0iaHR0cDovL3d3dy53My5vcmcvMjAwMC9zdmciPjwvc3ZnPg==\" style=\"--smush-placeholder-width: 1024px; --smush-placeholder-aspect-ratio: 1024\/683;\" \/><\/figure><\/li><\/ul><\/figure>\n\n\n\n<p>Foto: Gazeta Regionalna\/AK<\/p>\n","protected":false},"excerpt":{"rendered":"<p>W sobot\u0119 w Warszawie w hicie 16 kolejki zmierz\u0105 si\u0119 ze sob\u0105 wicelider Legia z 3. w tabeli PKO BP Ekstraklasy Rakowem. To pojedynek<\/p>\n","protected":false},"author":15,"featured_media":32690,"comment_status":"open","ping_status":"open","sticky":false,"template":"","format":"standard","meta":{"_monsterinsights_skip_tracking":false,"_monsterinsights_sitenote_active":false,"_monsterinsights_sitenote_note":"","_monsterinsights_sitenote_category":0,"_uf_show_specific_survey":0,"_uf_disable_surveys":false,"footnotes":""},"categories":[5,6],"tags":[],"class_list":["post-33100","post","type-post","status-publish","format-standard","has-post-thumbnail","hentry","category-sport","category-pilka-nozna"],"_links":{"self":[{"href":"https:\/\/gazetaregionalna.com\/index.php?rest_route=\/wp\/v2\/posts\/33100","targetHints":{"allow":["GET"]}}],"collection":[{"href":"https:\/\/gazetaregionalna.com\/index.php?rest_route=\/wp\/v2\/posts"}],"about":[{"href":"https:\/\/gazetaregionalna.com\/index.php?rest_route=\/wp\/v2\/types\/post"}],"author":[{"embeddable":true,"href":"https:\/\/gazetaregionalna.com\/index.php?rest_route=\/wp\/v2\/users\/15"}],"replies":[{"embeddable":true,"href":"https:\/\/gazetaregionalna.com\/index.php?rest_route=%2Fwp%2Fv2%2Fcomments&post=33100"}],"version-history":[{"count":1,"href":"https:\/\/gazetaregionalna.com\/index.php?rest_route=\/wp\/v2\/posts\/33100\/revisions"}],"predecessor-version":[{"id":33101,"href":"https:\/\/gazetaregionalna.com\/index.php?rest_route=\/wp\/v2\/posts\/33100\/revisions\/33101"}],"wp:featuredmedia":[{"embeddable":true,"href":"https:\/\/gazetaregionalna.com\/index.php?rest_route=\/wp\/v2\/media\/32690"}],"wp:attachment":[{"href":"https:\/\/gazetaregionalna.com\/index.php?rest_route=%2Fwp%2Fv2%2Fmedia&parent=33100"}],"wp:term":[{"taxonomy":"category","embeddable":true,"href":"https:\/\/gazetaregionalna.com\/index.php?rest_route=%2Fwp%2Fv2%2Fcategories&post=33100"},{"taxonomy":"post_tag","embeddable":true,"href":"https:\/\/gazetaregionalna.com\/index.php?rest_route=%2Fwp%2Fv2%2Ftags&post=33100"}],"curies":[{"name":"wp","href":"https:\/\/api.w.org\/{rel}","templated":true}]}}