{"id":33058,"date":"2021-02-04T08:02:53","date_gmt":"2021-02-04T08:02:53","guid":{"rendered":"https:\/\/gazetaregionalna.com\/?p=33058"},"modified":"2021-02-04T08:02:56","modified_gmt":"2021-02-04T08:02:56","slug":"poszukiwani-mezczyzni-ujeci","status":"publish","type":"post","link":"https:\/\/gazetaregionalna.com\/?p=33058","title":{"rendered":"Dwaj poszukiwani m\u0119\u017cczy\u017ani uj\u0119ci przez Stra\u017c Miejsk\u0105"},"content":{"rendered":"\n<p><strong>W r\u0119ce cz\u0119stochowskich stra\u017cnik\u00f3w miejskich trafili dwaj m\u0119\u017cczy\u017ani. Jak si\u0119 p\u00f3\u017aniej okaza\u0142o, byli oni poszukiwani przez wymiar sprawiedliwo\u015bci.<\/strong><\/p>\n\n\n\n<p>Do pierwszego zatrzymania dosz\u0142o we wtorek oko\u0142o 18:05. Stra\u017cnicy miejscy interweniowali wobec m\u0119\u017cczyzny przy ul. Wilsona, kt\u00f3ry le\u017ca\u0142 na chodniku i mia\u0142 uraz g\u0142owy. Dodatkowo m\u0119\u017cczyzna by\u0142 przemarzni\u0119ty i nietrze\u017awy. Na miejsce zosta\u0142o wezwane Pogotowie Ratunkowe.<\/p>\n\n\n\n<p>Jak si\u0119 okaza\u0142o w trakcie interwencji, m\u0119\u017cczyzna by\u0142 poszukiwany przez wymiar sprawiedliwo\u015bci za unikanie kary pozbawienia wolno\u015bci, dlatego do szpitala zosta\u0142 przewieziony w asy\u015bcie cz\u0119stochowskich policjant\u00f3w.<\/p>\n\n\n\n<p>Do kolejnego uj\u0119cia dosz\u0142o w miniony pi\u0105tek oko\u0142o 8:00 w rejonie al. Armii Krajowej. W trakcie interwencji stra\u017cnicy miejscy uj\u0119li m\u0119\u017cczyzn\u0119, kt\u00f3ry by\u0142 poszukiwany przez III Komisariat Policji. Funkcjonariusze Stra\u017cy Miejskiej przekazali poszukiwanego policjantom z III KP.<\/p>\n","protected":false},"excerpt":{"rendered":"<p>W r\u0119ce cz\u0119stochowskich stra\u017cnik\u00f3w miejskich trafili dwaj m\u0119\u017cczy\u017ani. Jak si\u0119 p\u00f3\u017aniej okaza\u0142o, byli oni poszukiwani przez wymiar sprawiedliwo\u015bci. Do pierwszego zatrzymania dosz\u0142o we wtorek<\/p>\n","protected":false},"author":12,"featured_media":14472,"comment_status":"open","ping_status":"open","sticky":false,"template":"","format":"standard","meta":{"_monsterinsights_skip_tracking":false,"_monsterinsights_sitenote_active":false,"_monsterinsights_sitenote_note":"","_monsterinsights_sitenote_category":0,"_uf_show_specific_survey":0,"_uf_disable_surveys":false,"footnotes":""},"categories":[44,3,94,2],"tags":[1351,1442],"class_list":["post-33058","post","type-post","status-publish","format-standard","has-post-thumbnail","hentry","category-bezpieczenstwo","category-czestochowa-informacje","category-polecane","category-wiadomosci","tag-czestochowska-straz-miejska","tag-poszukiwani-mezczyzni-ujeci"],"_links":{"self":[{"href":"https:\/\/gazetaregionalna.com\/index.php?rest_route=\/wp\/v2\/posts\/33058","targetHints":{"allow":["GET"]}}],"collection":[{"href":"https:\/\/gazetaregionalna.com\/index.php?rest_route=\/wp\/v2\/posts"}],"about":[{"href":"https:\/\/gazetaregionalna.com\/index.php?rest_route=\/wp\/v2\/types\/post"}],"author":[{"embeddable":true,"href":"https:\/\/gazetaregionalna.com\/index.php?rest_route=\/wp\/v2\/users\/12"}],"replies":[{"embeddable":true,"href":"https:\/\/gazetaregionalna.com\/index.php?rest_route=%2Fwp%2Fv2%2Fcomments&post=33058"}],"version-history":[{"count":1,"href":"https:\/\/gazetaregionalna.com\/index.php?rest_route=\/wp\/v2\/posts\/33058\/revisions"}],"predecessor-version":[{"id":33059,"href":"https:\/\/gazetaregionalna.com\/index.php?rest_route=\/wp\/v2\/posts\/33058\/revisions\/33059"}],"wp:featuredmedia":[{"embeddable":true,"href":"https:\/\/gazetaregionalna.com\/index.php?rest_route=\/wp\/v2\/media\/14472"}],"wp:attachment":[{"href":"https:\/\/gazetaregionalna.com\/index.php?rest_route=%2Fwp%2Fv2%2Fmedia&parent=33058"}],"wp:term":[{"taxonomy":"category","embeddable":true,"href":"https:\/\/gazetaregionalna.com\/index.php?rest_route=%2Fwp%2Fv2%2Fcategories&post=33058"},{"taxonomy":"post_tag","embeddable":true,"href":"https:\/\/gazetaregionalna.com\/index.php?rest_route=%2Fwp%2Fv2%2Ftags&post=33058"}],"curies":[{"name":"wp","href":"https:\/\/api.w.org\/{rel}","templated":true}]}}