{"id":33029,"date":"2021-02-03T10:03:40","date_gmt":"2021-02-03T10:03:40","guid":{"rendered":"https:\/\/gazetaregionalna.com\/?p=33029"},"modified":"2021-02-03T10:06:16","modified_gmt":"2021-02-03T10:06:16","slug":"wosp-w-lublincu","status":"publish","type":"post","link":"https:\/\/gazetaregionalna.com\/?p=33029","title":{"rendered":"Podsumowanie 29. Fina\u0142u WO\u015aP w Lubli\u0144cu"},"content":{"rendered":"\n<p>T<strong>egoroczny Fina\u0142 WO\u015aP by\u0142 nieco inny ni\u017c poprzednie. Mimo to mieszka\u0144cy Lubli\u0144ca sprawdzili si\u0119 i wsp\u00f3lnie pokazali ogrom swojego serca, wp\u0142acaj\u0105c poka\u017ane datki do puszek. W trakcie tegorocznego Fina\u0142u WO\u015aP Sztab w MDK Lubliniec jak na razie zebra\u0142 kwot\u0119 48&nbsp;922,95 tys. z\u0142.<\/strong><\/p>\n\n\n\n<figure class=\"wp-block-image size-large\"><img decoding=\"async\" width=\"1024\" height=\"547\" data-src=\"https:\/\/gazetaregionalna.com\/wp-content\/uploads\/2021\/02\/podsumowanie-wosp-Lubliniec-24-1024x547.jpg\" alt=\"\" class=\"wp-image-33021 lazyload\" data-srcset=\"https:\/\/gazetaregionalna.com\/wp-content\/uploads\/2021\/02\/podsumowanie-wosp-Lubliniec-24-1024x547.jpg 1024w, https:\/\/gazetaregionalna.com\/wp-content\/uploads\/2021\/02\/podsumowanie-wosp-Lubliniec-24-300x160.jpg 300w, https:\/\/gazetaregionalna.com\/wp-content\/uploads\/2021\/02\/podsumowanie-wosp-Lubliniec-24-768x410.jpg 768w, https:\/\/gazetaregionalna.com\/wp-content\/uploads\/2021\/02\/podsumowanie-wosp-Lubliniec-24-1536x821.jpg 1536w, https:\/\/gazetaregionalna.com\/wp-content\/uploads\/2021\/02\/podsumowanie-wosp-Lubliniec-24-696x372.jpg 696w, https:\/\/gazetaregionalna.com\/wp-content\/uploads\/2021\/02\/podsumowanie-wosp-Lubliniec-24-1068x571.jpg 1068w, https:\/\/gazetaregionalna.com\/wp-content\/uploads\/2021\/02\/podsumowanie-wosp-Lubliniec-24-1920x1026.jpg 1920w, https:\/\/gazetaregionalna.com\/wp-content\/uploads\/2021\/02\/podsumowanie-wosp-Lubliniec-24-786x420.jpg 786w, https:\/\/gazetaregionalna.com\/wp-content\/uploads\/2021\/02\/podsumowanie-wosp-Lubliniec-24.jpg 1200w\" data-sizes=\"(max-width: 1024px) 100vw, 1024px\" src=\"data:image\/svg+xml;base64,PHN2ZyB3aWR0aD0iMSIgaGVpZ2h0PSIxIiB4bWxucz0iaHR0cDovL3d3dy53My5vcmcvMjAwMC9zdmciPjwvc3ZnPg==\" style=\"--smush-placeholder-width: 1024px; --smush-placeholder-aspect-ratio: 1024\/547;\" \/><figcaption>Fot. Sztab WO\u015aP w Lubli\u0144cu<\/figcaption><\/figure>\n\n\n\n<p>W niedziel\u0119 31 stycznia 2021 roku odby\u0142 si\u0119 ju\u017c 29. Fina\u0142 WO\u015aP pod nazw\u0105 \u201eFina\u0142 z g\u0142ow\u0105\u201d. W ca\u0142ej Polsce wolontariusze zbierali datki na zakup sprz\u0119tu dla laryngologii, otolaryngologii i diagnostyki g\u0142owy. Mimo braku widowiskowych og\u00f3lnodost\u0119pnych imprez towarzysz\u0105cych temu wydarzeniu spo\u0142eczno\u015b\u0107 otworzy\u0142a swoje serca na pomoc innym, wp\u0142acaj\u0105c datki do puszek czy licytuj\u0105c rzeczy na stronie internetowej.<\/p>\n\n\n\n<p><strong>Poni\u017cej podsumowanie Sztabu WO\u015aP z Lubli\u0144ca<\/strong>:<\/p>\n\n\n\n<p>Tradycyjnie w Lubli\u0144cu sztab WO\u015aP znajdowa\u0142 si\u0119 w <a href=\"https:\/\/www.facebook.com\/LubliniecWOSP\" class=\"rank-math-link\" target=\"_blank\" rel=\"noopener\">Miejskim Domu Kultury<\/a>, kt\u00f3ry w niedziel\u0119 by\u0142 czynny od godziny 10:00 do 18:00. W tym czasie mo\u017cna by\u0142o przyj\u015b\u0107 do MDK \u2013 do Galerii pod Glinianym Anio\u0142em i zostawi\u0107 datki w puszce lub za pomoc\u0105 terminala.<\/p>\n\n\n\n<p>Po ulicach Lubli\u0144ca spacerowali liczni wolontariusze, m.in. harcerze i pracownicy MDK, kt\u00f3rzy ze specjalnie oznakowanymi puszkami kwestowali na rzecz fundacji Jurka Owsiaka.<\/p>\n\n\n\n<p>&#8211; <em>\u201eMamy przynajmniej 150 z\u0142!\u201d<\/em> \u2013 relacjonowa\u0142 wolontariusz tu\u017c po godzinie 10.<\/p>\n\n\n\n<p>Wielu lubli\u0144czan skusi\u0142o si\u0119 kiermaszem ciast, przygotowanym przez Ewelin\u0119 Kukowk\u0119 oraz Katarzyn\u0119 Cupia\u0142 w Galerii pod Glinianym Anio\u0142em, z kt\u00f3rego doch\u00f3d zosta\u0142 przeznaczony na rzecz WO\u015aP. Zainteresowanie by\u0142o ogromne, dlatego mimo ogromnych ilo\u015bci ciasta, sko\u0144czy\u0142o si\u0119 ono po p\u00f3\u0142torej godziny!<\/p>\n\n\n\n<figure class=\"wp-block-image size-large\"><img decoding=\"async\" width=\"1024\" height=\"756\" data-src=\"https:\/\/gazetaregionalna.com\/wp-content\/uploads\/2021\/02\/podsumowanie-wosp-Lubliniec-8-1024x756.jpg\" alt=\"\" class=\"wp-image-33005 lazyload\" data-srcset=\"https:\/\/gazetaregionalna.com\/wp-content\/uploads\/2021\/02\/podsumowanie-wosp-Lubliniec-8-1024x756.jpg 1024w, https:\/\/gazetaregionalna.com\/wp-content\/uploads\/2021\/02\/podsumowanie-wosp-Lubliniec-8-300x221.jpg 300w, https:\/\/gazetaregionalna.com\/wp-content\/uploads\/2021\/02\/podsumowanie-wosp-Lubliniec-8-768x567.jpg 768w, https:\/\/gazetaregionalna.com\/wp-content\/uploads\/2021\/02\/podsumowanie-wosp-Lubliniec-8-1536x1133.jpg 1536w, https:\/\/gazetaregionalna.com\/wp-content\/uploads\/2021\/02\/podsumowanie-wosp-Lubliniec-8-696x514.jpg 696w, https:\/\/gazetaregionalna.com\/wp-content\/uploads\/2021\/02\/podsumowanie-wosp-Lubliniec-8-1068x788.jpg 1068w, https:\/\/gazetaregionalna.com\/wp-content\/uploads\/2021\/02\/podsumowanie-wosp-Lubliniec-8-1920x1417.jpg 1920w, https:\/\/gazetaregionalna.com\/wp-content\/uploads\/2021\/02\/podsumowanie-wosp-Lubliniec-8-569x420.jpg 569w, https:\/\/gazetaregionalna.com\/wp-content\/uploads\/2021\/02\/podsumowanie-wosp-Lubliniec-8-80x60.jpg 80w, https:\/\/gazetaregionalna.com\/wp-content\/uploads\/2021\/02\/podsumowanie-wosp-Lubliniec-8.jpg 1200w\" data-sizes=\"(max-width: 1024px) 100vw, 1024px\" src=\"data:image\/svg+xml;base64,PHN2ZyB3aWR0aD0iMSIgaGVpZ2h0PSIxIiB4bWxucz0iaHR0cDovL3d3dy53My5vcmcvMjAwMC9zdmciPjwvc3ZnPg==\" style=\"--smush-placeholder-width: 1024px; --smush-placeholder-aspect-ratio: 1024\/756;\" \/><figcaption><em>Fot. Sztab WO\u015aP w Lubli\u0144cu<\/em><\/figcaption><\/figure>\n\n\n\n<p>R\u00f3wnie\u017c dost\u0119pne na Allegro aukcje cieszy\u0142y si\u0119 du\u017cym zainteresowaniem. W tym roku wylicytowane zosta\u0142y m.in. orkiestrowe gad\u017cety i te przekazane przez mieszka\u0144c\u00f3w Lubli\u0144ca. Najwy\u017csz\u0105 kwot\u0119 osi\u0105gn\u0105\u0142 <strong>obiad z burmistrzem \u2013 Edwardem Maniur\u0105 (sprzedane za: 1525 z\u0142)<\/strong>, a z spo\u015br\u00f3d gad\u017cet\u00f3w WO\u015aP <strong>okulary a\u2019la Jurek Owsiak<\/strong> \u2013 z charakterystycznymi czerwonymi oprawkami (ich cena to <strong>832 z\u0142<\/strong>). Wylicytowa\u0107 mo\u017cna by\u0142o tak\u017ce vouchery do lublinieckich lokali gastronomicznych od pani wiceburmistrz, gad\u017cety Lubiteki, kalendarz \u201eLubliniec z g\u00f3ry\u201d, czy obraz przygotowany przez dzieci z sekcji malarstwa emocjonalnego MDK, kt\u00f3ry osi\u0105gn\u0105\u0142 cen\u0119 810 z\u0142.<\/p>\n\n\n\n<p>Na zaproszenie do Sztabu WO\u015aP w MDK przyby\u0142 dyrektor Samodzielnego Publicznego Zespo\u0142u Opieki Zdrowotnej w Lubli\u0144cu \u2013 W\u0142odzimierz Charchu\u0142a. W rozmowie z Agat\u0105 Wo\u017aniak-Rybk\u0105 podkre\u015bli\u0142, \u017ce lubliniecki szpital i oddzia\u0142y noworodkowe otrzyma\u0142y ogromn\u0105 pomoc z WO\u015aP.<\/p>\n\n\n\n<p>&#8211; <em>\u201eDostali\u015bmy bardzo wiele tego sprz\u0119tu. On jest kierowany do takich oddzia\u0142\u00f3w jak neonantologia, czyli noworodki, pediatria, po\u0142o\u017cnictwo, czyli takie aparaty jak KTG, USG, jak pulsoksymetry, jak inkubatory. \u017beby pokaza\u0107 skal\u0119, w 2017 roku te dary by\u0142y na kwot\u0119 oko\u0142o 70 tysi\u0119cy z\u0142, a w roku 2019 \u2013 410 tysi\u0119cy z\u0142\u201d<\/em> \u2013 relacjonowa\u0142&nbsp; dyrektor SP ZOZ.<\/p>\n\n\n\n<p>W ci\u0105gu 13 lat mieszka\u0144cy Lubli\u0144ca w sumie zebrali na rzecz WO\u015aP 377&nbsp;701,86 z\u0142!<\/p>\n\n\n\n<p>W Sztabie WO\u015aP nad ca\u0142o\u015bci\u0105 czuwa\u0142a Karolina Grobli\u0144ska. <strong>Po podliczeniu wszystkich pieni\u0119dzy mieszka\u0144cy Lubli\u0144ca w trakcie 29. Fina\u0142u Wielkiej Orkiestry \u015awi\u0105tecznej Pomocy zebrali 48 922,95 z\u0142!<\/strong><\/p>\n\n\n\n<figure class=\"wp-block-gallery columns-3 is-cropped wp-block-gallery-1 is-layout-flex wp-block-gallery-is-layout-flex\"><ul class=\"blocks-gallery-grid\"><li class=\"blocks-gallery-item\"><figure><a href=\"https:\/\/gazetaregionalna.com\/wp-content\/uploads\/2021\/02\/podsumowanie-wosp-Lubliniec-7.jpg\"><img decoding=\"async\" width=\"683\" height=\"1024\" data-src=\"https:\/\/gazetaregionalna.com\/wp-content\/uploads\/2021\/02\/podsumowanie-wosp-Lubliniec-7-683x1024.jpg\" alt=\"\" data-id=\"33004\" data-full-url=\"https:\/\/gazetaregionalna.com\/wp-content\/uploads\/2021\/02\/podsumowanie-wosp-Lubliniec-7.jpg\" data-link=\"https:\/\/gazetaregionalna.com\/?attachment_id=33004\" class=\"wp-image-33004 lazyload\" data-srcset=\"https:\/\/gazetaregionalna.com\/wp-content\/uploads\/2021\/02\/podsumowanie-wosp-Lubliniec-7-683x1024.jpg 683w, https:\/\/gazetaregionalna.com\/wp-content\/uploads\/2021\/02\/podsumowanie-wosp-Lubliniec-7-200x300.jpg 200w, https:\/\/gazetaregionalna.com\/wp-content\/uploads\/2021\/02\/podsumowanie-wosp-Lubliniec-7-768x1152.jpg 768w, https:\/\/gazetaregionalna.com\/wp-content\/uploads\/2021\/02\/podsumowanie-wosp-Lubliniec-7-1024x1536.jpg 1024w, https:\/\/gazetaregionalna.com\/wp-content\/uploads\/2021\/02\/podsumowanie-wosp-Lubliniec-7-696x1044.jpg 696w, https:\/\/gazetaregionalna.com\/wp-content\/uploads\/2021\/02\/podsumowanie-wosp-Lubliniec-7-1068x1602.jpg 1068w, https:\/\/gazetaregionalna.com\/wp-content\/uploads\/2021\/02\/podsumowanie-wosp-Lubliniec-7-280x420.jpg 280w, https:\/\/gazetaregionalna.com\/wp-content\/uploads\/2021\/02\/podsumowanie-wosp-Lubliniec-7.jpg 1066w\" data-sizes=\"(max-width: 683px) 100vw, 683px\" src=\"data:image\/svg+xml;base64,PHN2ZyB3aWR0aD0iMSIgaGVpZ2h0PSIxIiB4bWxucz0iaHR0cDovL3d3dy53My5vcmcvMjAwMC9zdmciPjwvc3ZnPg==\" style=\"--smush-placeholder-width: 683px; --smush-placeholder-aspect-ratio: 683\/1024;\" \/><\/a><\/figure><\/li><li class=\"blocks-gallery-item\"><figure><a href=\"https:\/\/gazetaregionalna.com\/wp-content\/uploads\/2021\/02\/podsumowanie-wosp-Lubliniec-11.jpg\"><img decoding=\"async\" width=\"1024\" height=\"757\" data-src=\"https:\/\/gazetaregionalna.com\/wp-content\/uploads\/2021\/02\/podsumowanie-wosp-Lubliniec-11-1024x757.jpg\" alt=\"\" data-id=\"33008\" data-full-url=\"https:\/\/gazetaregionalna.com\/wp-content\/uploads\/2021\/02\/podsumowanie-wosp-Lubliniec-11.jpg\" data-link=\"https:\/\/gazetaregionalna.com\/?attachment_id=33008\" class=\"wp-image-33008 lazyload\" data-srcset=\"https:\/\/gazetaregionalna.com\/wp-content\/uploads\/2021\/02\/podsumowanie-wosp-Lubliniec-11-1024x757.jpg 1024w, https:\/\/gazetaregionalna.com\/wp-content\/uploads\/2021\/02\/podsumowanie-wosp-Lubliniec-11-300x222.jpg 300w, https:\/\/gazetaregionalna.com\/wp-content\/uploads\/2021\/02\/podsumowanie-wosp-Lubliniec-11-768x568.jpg 768w, https:\/\/gazetaregionalna.com\/wp-content\/uploads\/2021\/02\/podsumowanie-wosp-Lubliniec-11-1536x1136.jpg 1536w, https:\/\/gazetaregionalna.com\/wp-content\/uploads\/2021\/02\/podsumowanie-wosp-Lubliniec-11-485x360.jpg 485w, https:\/\/gazetaregionalna.com\/wp-content\/uploads\/2021\/02\/podsumowanie-wosp-Lubliniec-11-696x515.jpg 696w, https:\/\/gazetaregionalna.com\/wp-content\/uploads\/2021\/02\/podsumowanie-wosp-Lubliniec-11-1068x790.jpg 1068w, https:\/\/gazetaregionalna.com\/wp-content\/uploads\/2021\/02\/podsumowanie-wosp-Lubliniec-11-1920x1419.jpg 1920w, https:\/\/gazetaregionalna.com\/wp-content\/uploads\/2021\/02\/podsumowanie-wosp-Lubliniec-11-568x420.jpg 568w, https:\/\/gazetaregionalna.com\/wp-content\/uploads\/2021\/02\/podsumowanie-wosp-Lubliniec-11-80x60.jpg 80w, https:\/\/gazetaregionalna.com\/wp-content\/uploads\/2021\/02\/podsumowanie-wosp-Lubliniec-11.jpg 1200w\" data-sizes=\"(max-width: 1024px) 100vw, 1024px\" src=\"data:image\/svg+xml;base64,PHN2ZyB3aWR0aD0iMSIgaGVpZ2h0PSIxIiB4bWxucz0iaHR0cDovL3d3dy53My5vcmcvMjAwMC9zdmciPjwvc3ZnPg==\" style=\"--smush-placeholder-width: 1024px; --smush-placeholder-aspect-ratio: 1024\/757;\" \/><\/a><\/figure><\/li><li class=\"blocks-gallery-item\"><figure><a href=\"https:\/\/gazetaregionalna.com\/wp-content\/uploads\/2021\/02\/podsumowanie-wosp-Lubliniec-10.jpg\"><img decoding=\"async\" width=\"1024\" height=\"760\" data-src=\"https:\/\/gazetaregionalna.com\/wp-content\/uploads\/2021\/02\/podsumowanie-wosp-Lubliniec-10-1024x760.jpg\" alt=\"\" data-id=\"33007\" data-full-url=\"https:\/\/gazetaregionalna.com\/wp-content\/uploads\/2021\/02\/podsumowanie-wosp-Lubliniec-10.jpg\" data-link=\"https:\/\/gazetaregionalna.com\/?attachment_id=33007\" class=\"wp-image-33007 lazyload\" data-srcset=\"https:\/\/gazetaregionalna.com\/wp-content\/uploads\/2021\/02\/podsumowanie-wosp-Lubliniec-10-1024x760.jpg 1024w, https:\/\/gazetaregionalna.com\/wp-content\/uploads\/2021\/02\/podsumowanie-wosp-Lubliniec-10-300x223.jpg 300w, https:\/\/gazetaregionalna.com\/wp-content\/uploads\/2021\/02\/podsumowanie-wosp-Lubliniec-10-768x570.jpg 768w, https:\/\/gazetaregionalna.com\/wp-content\/uploads\/2021\/02\/podsumowanie-wosp-Lubliniec-10-1536x1140.jpg 1536w, https:\/\/gazetaregionalna.com\/wp-content\/uploads\/2021\/02\/podsumowanie-wosp-Lubliniec-10-485x360.jpg 485w, https:\/\/gazetaregionalna.com\/wp-content\/uploads\/2021\/02\/podsumowanie-wosp-Lubliniec-10-696x517.jpg 696w, https:\/\/gazetaregionalna.com\/wp-content\/uploads\/2021\/02\/podsumowanie-wosp-Lubliniec-10-1068x793.jpg 1068w, https:\/\/gazetaregionalna.com\/wp-content\/uploads\/2021\/02\/podsumowanie-wosp-Lubliniec-10-1920x1425.jpg 1920w, https:\/\/gazetaregionalna.com\/wp-content\/uploads\/2021\/02\/podsumowanie-wosp-Lubliniec-10-566x420.jpg 566w, https:\/\/gazetaregionalna.com\/wp-content\/uploads\/2021\/02\/podsumowanie-wosp-Lubliniec-10-80x60.jpg 80w, https:\/\/gazetaregionalna.com\/wp-content\/uploads\/2021\/02\/podsumowanie-wosp-Lubliniec-10-265x198.jpg 265w, https:\/\/gazetaregionalna.com\/wp-content\/uploads\/2021\/02\/podsumowanie-wosp-Lubliniec-10.jpg 1200w\" data-sizes=\"(max-width: 1024px) 100vw, 1024px\" src=\"data:image\/svg+xml;base64,PHN2ZyB3aWR0aD0iMSIgaGVpZ2h0PSIxIiB4bWxucz0iaHR0cDovL3d3dy53My5vcmcvMjAwMC9zdmciPjwvc3ZnPg==\" style=\"--smush-placeholder-width: 1024px; --smush-placeholder-aspect-ratio: 1024\/760;\" \/><\/a><\/figure><\/li><li class=\"blocks-gallery-item\"><figure><a href=\"https:\/\/gazetaregionalna.com\/wp-content\/uploads\/2021\/02\/podsumowanie-wosp-Lubliniec-9.jpg\"><img decoding=\"async\" width=\"759\" height=\"1024\" data-src=\"https:\/\/gazetaregionalna.com\/wp-content\/uploads\/2021\/02\/podsumowanie-wosp-Lubliniec-9-759x1024.jpg\" alt=\"\" data-id=\"33006\" data-full-url=\"https:\/\/gazetaregionalna.com\/wp-content\/uploads\/2021\/02\/podsumowanie-wosp-Lubliniec-9.jpg\" data-link=\"https:\/\/gazetaregionalna.com\/?attachment_id=33006\" class=\"wp-image-33006 lazyload\" data-srcset=\"https:\/\/gazetaregionalna.com\/wp-content\/uploads\/2021\/02\/podsumowanie-wosp-Lubliniec-9-759x1024.jpg 759w, https:\/\/gazetaregionalna.com\/wp-content\/uploads\/2021\/02\/podsumowanie-wosp-Lubliniec-9-222x300.jpg 222w, https:\/\/gazetaregionalna.com\/wp-content\/uploads\/2021\/02\/podsumowanie-wosp-Lubliniec-9-768x1036.jpg 768w, https:\/\/gazetaregionalna.com\/wp-content\/uploads\/2021\/02\/podsumowanie-wosp-Lubliniec-9-1139x1536.jpg 1139w, https:\/\/gazetaregionalna.com\/wp-content\/uploads\/2021\/02\/podsumowanie-wosp-Lubliniec-9-696x939.jpg 696w, https:\/\/gazetaregionalna.com\/wp-content\/uploads\/2021\/02\/podsumowanie-wosp-Lubliniec-9-1068x1441.jpg 1068w, https:\/\/gazetaregionalna.com\/wp-content\/uploads\/2021\/02\/podsumowanie-wosp-Lubliniec-9-311x420.jpg 311w, https:\/\/gazetaregionalna.com\/wp-content\/uploads\/2021\/02\/podsumowanie-wosp-Lubliniec-9.jpg 1186w\" data-sizes=\"(max-width: 759px) 100vw, 759px\" src=\"data:image\/svg+xml;base64,PHN2ZyB3aWR0aD0iMSIgaGVpZ2h0PSIxIiB4bWxucz0iaHR0cDovL3d3dy53My5vcmcvMjAwMC9zdmciPjwvc3ZnPg==\" style=\"--smush-placeholder-width: 759px; --smush-placeholder-aspect-ratio: 759\/1024;\" \/><\/a><\/figure><\/li><li class=\"blocks-gallery-item\"><figure><a href=\"https:\/\/gazetaregionalna.com\/wp-content\/uploads\/2021\/02\/podsumowanie-wosp-Lubliniec-20.jpg\"><img decoding=\"async\" width=\"1024\" height=\"963\" data-src=\"https:\/\/gazetaregionalna.com\/wp-content\/uploads\/2021\/02\/podsumowanie-wosp-Lubliniec-20-1024x963.jpg\" alt=\"\" data-id=\"33017\" data-full-url=\"https:\/\/gazetaregionalna.com\/wp-content\/uploads\/2021\/02\/podsumowanie-wosp-Lubliniec-20.jpg\" data-link=\"https:\/\/gazetaregionalna.com\/?attachment_id=33017\" class=\"wp-image-33017 lazyload\" data-srcset=\"https:\/\/gazetaregionalna.com\/wp-content\/uploads\/2021\/02\/podsumowanie-wosp-Lubliniec-20-1024x963.jpg 1024w, https:\/\/gazetaregionalna.com\/wp-content\/uploads\/2021\/02\/podsumowanie-wosp-Lubliniec-20-300x282.jpg 300w, https:\/\/gazetaregionalna.com\/wp-content\/uploads\/2021\/02\/podsumowanie-wosp-Lubliniec-20-768x722.jpg 768w, https:\/\/gazetaregionalna.com\/wp-content\/uploads\/2021\/02\/podsumowanie-wosp-Lubliniec-20-1536x1444.jpg 1536w, https:\/\/gazetaregionalna.com\/wp-content\/uploads\/2021\/02\/podsumowanie-wosp-Lubliniec-20-696x655.jpg 696w, https:\/\/gazetaregionalna.com\/wp-content\/uploads\/2021\/02\/podsumowanie-wosp-Lubliniec-20-1068x1004.jpg 1068w, https:\/\/gazetaregionalna.com\/wp-content\/uploads\/2021\/02\/podsumowanie-wosp-Lubliniec-20-1920x1806.jpg 1920w, https:\/\/gazetaregionalna.com\/wp-content\/uploads\/2021\/02\/podsumowanie-wosp-Lubliniec-20-447x420.jpg 447w, https:\/\/gazetaregionalna.com\/wp-content\/uploads\/2021\/02\/podsumowanie-wosp-Lubliniec-20.jpg 1200w\" data-sizes=\"(max-width: 1024px) 100vw, 1024px\" src=\"data:image\/svg+xml;base64,PHN2ZyB3aWR0aD0iMSIgaGVpZ2h0PSIxIiB4bWxucz0iaHR0cDovL3d3dy53My5vcmcvMjAwMC9zdmciPjwvc3ZnPg==\" style=\"--smush-placeholder-width: 1024px; --smush-placeholder-aspect-ratio: 1024\/963;\" \/><\/a><\/figure><\/li><li class=\"blocks-gallery-item\"><figure><a href=\"https:\/\/gazetaregionalna.com\/wp-content\/uploads\/2021\/02\/podsumowanie-wosp-Lubliniec-19.jpg\"><img decoding=\"async\" width=\"705\" height=\"1024\" data-src=\"https:\/\/gazetaregionalna.com\/wp-content\/uploads\/2021\/02\/podsumowanie-wosp-Lubliniec-19-705x1024.jpg\" alt=\"\" data-id=\"33016\" data-full-url=\"https:\/\/gazetaregionalna.com\/wp-content\/uploads\/2021\/02\/podsumowanie-wosp-Lubliniec-19.jpg\" data-link=\"https:\/\/gazetaregionalna.com\/?attachment_id=33016\" class=\"wp-image-33016 lazyload\" data-srcset=\"https:\/\/gazetaregionalna.com\/wp-content\/uploads\/2021\/02\/podsumowanie-wosp-Lubliniec-19-705x1024.jpg 705w, https:\/\/gazetaregionalna.com\/wp-content\/uploads\/2021\/02\/podsumowanie-wosp-Lubliniec-19-206x300.jpg 206w, https:\/\/gazetaregionalna.com\/wp-content\/uploads\/2021\/02\/podsumowanie-wosp-Lubliniec-19-768x1116.jpg 768w, https:\/\/gazetaregionalna.com\/wp-content\/uploads\/2021\/02\/podsumowanie-wosp-Lubliniec-19-1057x1536.jpg 1057w, https:\/\/gazetaregionalna.com\/wp-content\/uploads\/2021\/02\/podsumowanie-wosp-Lubliniec-19-696x1012.jpg 696w, https:\/\/gazetaregionalna.com\/wp-content\/uploads\/2021\/02\/podsumowanie-wosp-Lubliniec-19-1068x1552.jpg 1068w, https:\/\/gazetaregionalna.com\/wp-content\/uploads\/2021\/02\/podsumowanie-wosp-Lubliniec-19-289x420.jpg 289w, https:\/\/gazetaregionalna.com\/wp-content\/uploads\/2021\/02\/podsumowanie-wosp-Lubliniec-19.jpg 1101w\" data-sizes=\"(max-width: 705px) 100vw, 705px\" src=\"data:image\/svg+xml;base64,PHN2ZyB3aWR0aD0iMSIgaGVpZ2h0PSIxIiB4bWxucz0iaHR0cDovL3d3dy53My5vcmcvMjAwMC9zdmciPjwvc3ZnPg==\" style=\"--smush-placeholder-width: 705px; --smush-placeholder-aspect-ratio: 705\/1024;\" \/><\/a><\/figure><\/li><li class=\"blocks-gallery-item\"><figure><a href=\"https:\/\/gazetaregionalna.com\/wp-content\/uploads\/2021\/02\/podsumowanie-wosp-Lubliniec-18.jpg\"><img decoding=\"async\" width=\"1024\" height=\"683\" data-src=\"https:\/\/gazetaregionalna.com\/wp-content\/uploads\/2021\/02\/podsumowanie-wosp-Lubliniec-18-1024x683.jpg\" alt=\"\" data-id=\"33015\" data-full-url=\"https:\/\/gazetaregionalna.com\/wp-content\/uploads\/2021\/02\/podsumowanie-wosp-Lubliniec-18.jpg\" data-link=\"https:\/\/gazetaregionalna.com\/?attachment_id=33015\" class=\"wp-image-33015 lazyload\" data-srcset=\"https:\/\/gazetaregionalna.com\/wp-content\/uploads\/2021\/02\/podsumowanie-wosp-Lubliniec-18-1024x683.jpg 1024w, https:\/\/gazetaregionalna.com\/wp-content\/uploads\/2021\/02\/podsumowanie-wosp-Lubliniec-18-300x200.jpg 300w, https:\/\/gazetaregionalna.com\/wp-content\/uploads\/2021\/02\/podsumowanie-wosp-Lubliniec-18-768x512.jpg 768w, https:\/\/gazetaregionalna.com\/wp-content\/uploads\/2021\/02\/podsumowanie-wosp-Lubliniec-18-1536x1024.jpg 1536w, https:\/\/gazetaregionalna.com\/wp-content\/uploads\/2021\/02\/podsumowanie-wosp-Lubliniec-18-696x464.jpg 696w, https:\/\/gazetaregionalna.com\/wp-content\/uploads\/2021\/02\/podsumowanie-wosp-Lubliniec-18-1068x712.jpg 1068w, https:\/\/gazetaregionalna.com\/wp-content\/uploads\/2021\/02\/podsumowanie-wosp-Lubliniec-18-1920x1280.jpg 1920w, https:\/\/gazetaregionalna.com\/wp-content\/uploads\/2021\/02\/podsumowanie-wosp-Lubliniec-18-630x420.jpg 630w, https:\/\/gazetaregionalna.com\/wp-content\/uploads\/2021\/02\/podsumowanie-wosp-Lubliniec-18.jpg 1200w\" data-sizes=\"(max-width: 1024px) 100vw, 1024px\" src=\"data:image\/svg+xml;base64,PHN2ZyB3aWR0aD0iMSIgaGVpZ2h0PSIxIiB4bWxucz0iaHR0cDovL3d3dy53My5vcmcvMjAwMC9zdmciPjwvc3ZnPg==\" style=\"--smush-placeholder-width: 1024px; --smush-placeholder-aspect-ratio: 1024\/683;\" \/><\/a><\/figure><\/li><li class=\"blocks-gallery-item\"><figure><a href=\"https:\/\/gazetaregionalna.com\/wp-content\/uploads\/2021\/02\/podsumowanie-wosp-Lubliniec-21.jpg\"><img decoding=\"async\" width=\"1024\" height=\"707\" data-src=\"https:\/\/gazetaregionalna.com\/wp-content\/uploads\/2021\/02\/podsumowanie-wosp-Lubliniec-21-1024x707.jpg\" alt=\"\" data-id=\"33018\" data-full-url=\"https:\/\/gazetaregionalna.com\/wp-content\/uploads\/2021\/02\/podsumowanie-wosp-Lubliniec-21.jpg\" data-link=\"https:\/\/gazetaregionalna.com\/?attachment_id=33018\" class=\"wp-image-33018 lazyload\" data-srcset=\"https:\/\/gazetaregionalna.com\/wp-content\/uploads\/2021\/02\/podsumowanie-wosp-Lubliniec-21-1024x707.jpg 1024w, https:\/\/gazetaregionalna.com\/wp-content\/uploads\/2021\/02\/podsumowanie-wosp-Lubliniec-21-300x207.jpg 300w, https:\/\/gazetaregionalna.com\/wp-content\/uploads\/2021\/02\/podsumowanie-wosp-Lubliniec-21-768x530.jpg 768w, https:\/\/gazetaregionalna.com\/wp-content\/uploads\/2021\/02\/podsumowanie-wosp-Lubliniec-21-1536x1061.jpg 1536w, https:\/\/gazetaregionalna.com\/wp-content\/uploads\/2021\/02\/podsumowanie-wosp-Lubliniec-21-218x150.jpg 218w, https:\/\/gazetaregionalna.com\/wp-content\/uploads\/2021\/02\/podsumowanie-wosp-Lubliniec-21-696x481.jpg 696w, https:\/\/gazetaregionalna.com\/wp-content\/uploads\/2021\/02\/podsumowanie-wosp-Lubliniec-21-1068x738.jpg 1068w, https:\/\/gazetaregionalna.com\/wp-content\/uploads\/2021\/02\/podsumowanie-wosp-Lubliniec-21-608x420.jpg 608w, https:\/\/gazetaregionalna.com\/wp-content\/uploads\/2021\/02\/podsumowanie-wosp-Lubliniec-21-100x70.jpg 100w, https:\/\/gazetaregionalna.com\/wp-content\/uploads\/2021\/02\/podsumowanie-wosp-Lubliniec-21.jpg 1200w\" data-sizes=\"(max-width: 1024px) 100vw, 1024px\" src=\"data:image\/svg+xml;base64,PHN2ZyB3aWR0aD0iMSIgaGVpZ2h0PSIxIiB4bWxucz0iaHR0cDovL3d3dy53My5vcmcvMjAwMC9zdmciPjwvc3ZnPg==\" style=\"--smush-placeholder-width: 1024px; --smush-placeholder-aspect-ratio: 1024\/707;\" \/><\/a><\/figure><\/li><li class=\"blocks-gallery-item\"><figure><a href=\"https:\/\/gazetaregionalna.com\/wp-content\/uploads\/2021\/02\/podsumowanie-wosp-Lubliniec-12.jpg\"><img decoding=\"async\" width=\"1024\" height=\"706\" data-src=\"https:\/\/gazetaregionalna.com\/wp-content\/uploads\/2021\/02\/podsumowanie-wosp-Lubliniec-12-1024x706.jpg\" alt=\"\" data-id=\"33009\" data-full-url=\"https:\/\/gazetaregionalna.com\/wp-content\/uploads\/2021\/02\/podsumowanie-wosp-Lubliniec-12.jpg\" data-link=\"https:\/\/gazetaregionalna.com\/?attachment_id=33009\" class=\"wp-image-33009 lazyload\" data-srcset=\"https:\/\/gazetaregionalna.com\/wp-content\/uploads\/2021\/02\/podsumowanie-wosp-Lubliniec-12-1024x706.jpg 1024w, https:\/\/gazetaregionalna.com\/wp-content\/uploads\/2021\/02\/podsumowanie-wosp-Lubliniec-12-300x207.jpg 300w, https:\/\/gazetaregionalna.com\/wp-content\/uploads\/2021\/02\/podsumowanie-wosp-Lubliniec-12-768x529.jpg 768w, https:\/\/gazetaregionalna.com\/wp-content\/uploads\/2021\/02\/podsumowanie-wosp-Lubliniec-12-1536x1058.jpg 1536w, https:\/\/gazetaregionalna.com\/wp-content\/uploads\/2021\/02\/podsumowanie-wosp-Lubliniec-12-218x150.jpg 218w, https:\/\/gazetaregionalna.com\/wp-content\/uploads\/2021\/02\/podsumowanie-wosp-Lubliniec-12-696x480.jpg 696w, https:\/\/gazetaregionalna.com\/wp-content\/uploads\/2021\/02\/podsumowanie-wosp-Lubliniec-12-1068x736.jpg 1068w, https:\/\/gazetaregionalna.com\/wp-content\/uploads\/2021\/02\/podsumowanie-wosp-Lubliniec-12-1920x1323.jpg 1920w, https:\/\/gazetaregionalna.com\/wp-content\/uploads\/2021\/02\/podsumowanie-wosp-Lubliniec-12-610x420.jpg 610w, https:\/\/gazetaregionalna.com\/wp-content\/uploads\/2021\/02\/podsumowanie-wosp-Lubliniec-12-100x70.jpg 100w, https:\/\/gazetaregionalna.com\/wp-content\/uploads\/2021\/02\/podsumowanie-wosp-Lubliniec-12.jpg 1200w\" data-sizes=\"(max-width: 1024px) 100vw, 1024px\" src=\"data:image\/svg+xml;base64,PHN2ZyB3aWR0aD0iMSIgaGVpZ2h0PSIxIiB4bWxucz0iaHR0cDovL3d3dy53My5vcmcvMjAwMC9zdmciPjwvc3ZnPg==\" style=\"--smush-placeholder-width: 1024px; --smush-placeholder-aspect-ratio: 1024\/706;\" \/><\/a><\/figure><\/li><li class=\"blocks-gallery-item\"><figure><a href=\"https:\/\/gazetaregionalna.com\/wp-content\/uploads\/2021\/02\/podsumowanie-wosp-Lubliniec-13.jpg\"><img decoding=\"async\" width=\"1024\" height=\"773\" data-src=\"https:\/\/gazetaregionalna.com\/wp-content\/uploads\/2021\/02\/podsumowanie-wosp-Lubliniec-13-1024x773.jpg\" alt=\"\" data-id=\"33010\" data-full-url=\"https:\/\/gazetaregionalna.com\/wp-content\/uploads\/2021\/02\/podsumowanie-wosp-Lubliniec-13.jpg\" data-link=\"https:\/\/gazetaregionalna.com\/?attachment_id=33010\" class=\"wp-image-33010 lazyload\" data-srcset=\"https:\/\/gazetaregionalna.com\/wp-content\/uploads\/2021\/02\/podsumowanie-wosp-Lubliniec-13-1024x773.jpg 1024w, https:\/\/gazetaregionalna.com\/wp-content\/uploads\/2021\/02\/podsumowanie-wosp-Lubliniec-13-300x226.jpg 300w, https:\/\/gazetaregionalna.com\/wp-content\/uploads\/2021\/02\/podsumowanie-wosp-Lubliniec-13-768x579.jpg 768w, https:\/\/gazetaregionalna.com\/wp-content\/uploads\/2021\/02\/podsumowanie-wosp-Lubliniec-13-1536x1159.jpg 1536w, https:\/\/gazetaregionalna.com\/wp-content\/uploads\/2021\/02\/podsumowanie-wosp-Lubliniec-13-696x525.jpg 696w, https:\/\/gazetaregionalna.com\/wp-content\/uploads\/2021\/02\/podsumowanie-wosp-Lubliniec-13-1068x806.jpg 1068w, https:\/\/gazetaregionalna.com\/wp-content\/uploads\/2021\/02\/podsumowanie-wosp-Lubliniec-13-1920x1448.jpg 1920w, https:\/\/gazetaregionalna.com\/wp-content\/uploads\/2021\/02\/podsumowanie-wosp-Lubliniec-13-557x420.jpg 557w, https:\/\/gazetaregionalna.com\/wp-content\/uploads\/2021\/02\/podsumowanie-wosp-Lubliniec-13-80x60.jpg 80w, https:\/\/gazetaregionalna.com\/wp-content\/uploads\/2021\/02\/podsumowanie-wosp-Lubliniec-13.jpg 1200w\" data-sizes=\"(max-width: 1024px) 100vw, 1024px\" src=\"data:image\/svg+xml;base64,PHN2ZyB3aWR0aD0iMSIgaGVpZ2h0PSIxIiB4bWxucz0iaHR0cDovL3d3dy53My5vcmcvMjAwMC9zdmciPjwvc3ZnPg==\" style=\"--smush-placeholder-width: 1024px; --smush-placeholder-aspect-ratio: 1024\/773;\" \/><\/a><\/figure><\/li><li class=\"blocks-gallery-item\"><figure><a href=\"https:\/\/gazetaregionalna.com\/wp-content\/uploads\/2021\/02\/podsumowanie-wosp-Lubliniec-14.jpg\"><img decoding=\"async\" width=\"721\" height=\"1024\" data-src=\"https:\/\/gazetaregionalna.com\/wp-content\/uploads\/2021\/02\/podsumowanie-wosp-Lubliniec-14-721x1024.jpg\" alt=\"\" data-id=\"33011\" data-full-url=\"https:\/\/gazetaregionalna.com\/wp-content\/uploads\/2021\/02\/podsumowanie-wosp-Lubliniec-14.jpg\" data-link=\"https:\/\/gazetaregionalna.com\/?attachment_id=33011\" class=\"wp-image-33011 lazyload\" data-srcset=\"https:\/\/gazetaregionalna.com\/wp-content\/uploads\/2021\/02\/podsumowanie-wosp-Lubliniec-14-721x1024.jpg 721w, https:\/\/gazetaregionalna.com\/wp-content\/uploads\/2021\/02\/podsumowanie-wosp-Lubliniec-14-211x300.jpg 211w, https:\/\/gazetaregionalna.com\/wp-content\/uploads\/2021\/02\/podsumowanie-wosp-Lubliniec-14-768x1092.jpg 768w, https:\/\/gazetaregionalna.com\/wp-content\/uploads\/2021\/02\/podsumowanie-wosp-Lubliniec-14-1081x1536.jpg 1081w, https:\/\/gazetaregionalna.com\/wp-content\/uploads\/2021\/02\/podsumowanie-wosp-Lubliniec-14-696x989.jpg 696w, https:\/\/gazetaregionalna.com\/wp-content\/uploads\/2021\/02\/podsumowanie-wosp-Lubliniec-14-1068x1518.jpg 1068w, https:\/\/gazetaregionalna.com\/wp-content\/uploads\/2021\/02\/podsumowanie-wosp-Lubliniec-14-296x420.jpg 296w, https:\/\/gazetaregionalna.com\/wp-content\/uploads\/2021\/02\/podsumowanie-wosp-Lubliniec-14.jpg 1126w\" data-sizes=\"(max-width: 721px) 100vw, 721px\" src=\"data:image\/svg+xml;base64,PHN2ZyB3aWR0aD0iMSIgaGVpZ2h0PSIxIiB4bWxucz0iaHR0cDovL3d3dy53My5vcmcvMjAwMC9zdmciPjwvc3ZnPg==\" style=\"--smush-placeholder-width: 721px; --smush-placeholder-aspect-ratio: 721\/1024;\" \/><\/a><\/figure><\/li><li class=\"blocks-gallery-item\"><figure><a href=\"https:\/\/gazetaregionalna.com\/wp-content\/uploads\/2021\/02\/podsumowanie-wosp-Lubliniec-15.jpg\"><img decoding=\"async\" width=\"1024\" height=\"955\" data-src=\"https:\/\/gazetaregionalna.com\/wp-content\/uploads\/2021\/02\/podsumowanie-wosp-Lubliniec-15-1024x955.jpg\" alt=\"\" data-id=\"33012\" data-full-url=\"https:\/\/gazetaregionalna.com\/wp-content\/uploads\/2021\/02\/podsumowanie-wosp-Lubliniec-15.jpg\" data-link=\"https:\/\/gazetaregionalna.com\/?attachment_id=33012\" class=\"wp-image-33012 lazyload\" data-srcset=\"https:\/\/gazetaregionalna.com\/wp-content\/uploads\/2021\/02\/podsumowanie-wosp-Lubliniec-15-1024x955.jpg 1024w, https:\/\/gazetaregionalna.com\/wp-content\/uploads\/2021\/02\/podsumowanie-wosp-Lubliniec-15-300x280.jpg 300w, https:\/\/gazetaregionalna.com\/wp-content\/uploads\/2021\/02\/podsumowanie-wosp-Lubliniec-15-768x716.jpg 768w, https:\/\/gazetaregionalna.com\/wp-content\/uploads\/2021\/02\/podsumowanie-wosp-Lubliniec-15-1536x1432.jpg 1536w, https:\/\/gazetaregionalna.com\/wp-content\/uploads\/2021\/02\/podsumowanie-wosp-Lubliniec-15-696x649.jpg 696w, https:\/\/gazetaregionalna.com\/wp-content\/uploads\/2021\/02\/podsumowanie-wosp-Lubliniec-15-1068x996.jpg 1068w, https:\/\/gazetaregionalna.com\/wp-content\/uploads\/2021\/02\/podsumowanie-wosp-Lubliniec-15-1920x1790.jpg 1920w, https:\/\/gazetaregionalna.com\/wp-content\/uploads\/2021\/02\/podsumowanie-wosp-Lubliniec-15-451x420.jpg 451w, https:\/\/gazetaregionalna.com\/wp-content\/uploads\/2021\/02\/podsumowanie-wosp-Lubliniec-15.jpg 1200w\" data-sizes=\"(max-width: 1024px) 100vw, 1024px\" src=\"data:image\/svg+xml;base64,PHN2ZyB3aWR0aD0iMSIgaGVpZ2h0PSIxIiB4bWxucz0iaHR0cDovL3d3dy53My5vcmcvMjAwMC9zdmciPjwvc3ZnPg==\" style=\"--smush-placeholder-width: 1024px; --smush-placeholder-aspect-ratio: 1024\/955;\" \/><\/a><\/figure><\/li><li class=\"blocks-gallery-item\"><figure><a href=\"https:\/\/gazetaregionalna.com\/wp-content\/uploads\/2021\/02\/podsumowanie-wosp-Lubliniec-5.jpg\"><img decoding=\"async\" width=\"683\" height=\"1024\" data-src=\"https:\/\/gazetaregionalna.com\/wp-content\/uploads\/2021\/02\/podsumowanie-wosp-Lubliniec-5-683x1024.jpg\" alt=\"\" data-id=\"33002\" data-full-url=\"https:\/\/gazetaregionalna.com\/wp-content\/uploads\/2021\/02\/podsumowanie-wosp-Lubliniec-5.jpg\" data-link=\"https:\/\/gazetaregionalna.com\/?attachment_id=33002\" class=\"wp-image-33002 lazyload\" data-srcset=\"https:\/\/gazetaregionalna.com\/wp-content\/uploads\/2021\/02\/podsumowanie-wosp-Lubliniec-5-683x1024.jpg 683w, https:\/\/gazetaregionalna.com\/wp-content\/uploads\/2021\/02\/podsumowanie-wosp-Lubliniec-5-200x300.jpg 200w, https:\/\/gazetaregionalna.com\/wp-content\/uploads\/2021\/02\/podsumowanie-wosp-Lubliniec-5-768x1152.jpg 768w, https:\/\/gazetaregionalna.com\/wp-content\/uploads\/2021\/02\/podsumowanie-wosp-Lubliniec-5-1024x1536.jpg 1024w, https:\/\/gazetaregionalna.com\/wp-content\/uploads\/2021\/02\/podsumowanie-wosp-Lubliniec-5-696x1044.jpg 696w, https:\/\/gazetaregionalna.com\/wp-content\/uploads\/2021\/02\/podsumowanie-wosp-Lubliniec-5-1068x1602.jpg 1068w, https:\/\/gazetaregionalna.com\/wp-content\/uploads\/2021\/02\/podsumowanie-wosp-Lubliniec-5-280x420.jpg 280w, https:\/\/gazetaregionalna.com\/wp-content\/uploads\/2021\/02\/podsumowanie-wosp-Lubliniec-5.jpg 1066w\" data-sizes=\"(max-width: 683px) 100vw, 683px\" src=\"data:image\/svg+xml;base64,PHN2ZyB3aWR0aD0iMSIgaGVpZ2h0PSIxIiB4bWxucz0iaHR0cDovL3d3dy53My5vcmcvMjAwMC9zdmciPjwvc3ZnPg==\" style=\"--smush-placeholder-width: 683px; --smush-placeholder-aspect-ratio: 683\/1024;\" \/><\/a><\/figure><\/li><li class=\"blocks-gallery-item\"><figure><a href=\"https:\/\/gazetaregionalna.com\/wp-content\/uploads\/2021\/02\/podsumowanie-wosp-Lubliniec-4.jpg\"><img decoding=\"async\" width=\"683\" height=\"1024\" data-src=\"https:\/\/gazetaregionalna.com\/wp-content\/uploads\/2021\/02\/podsumowanie-wosp-Lubliniec-4-683x1024.jpg\" alt=\"\" data-id=\"33001\" data-full-url=\"https:\/\/gazetaregionalna.com\/wp-content\/uploads\/2021\/02\/podsumowanie-wosp-Lubliniec-4.jpg\" data-link=\"https:\/\/gazetaregionalna.com\/?attachment_id=33001\" class=\"wp-image-33001 lazyload\" data-srcset=\"https:\/\/gazetaregionalna.com\/wp-content\/uploads\/2021\/02\/podsumowanie-wosp-Lubliniec-4-683x1024.jpg 683w, https:\/\/gazetaregionalna.com\/wp-content\/uploads\/2021\/02\/podsumowanie-wosp-Lubliniec-4-200x300.jpg 200w, https:\/\/gazetaregionalna.com\/wp-content\/uploads\/2021\/02\/podsumowanie-wosp-Lubliniec-4-768x1152.jpg 768w, https:\/\/gazetaregionalna.com\/wp-content\/uploads\/2021\/02\/podsumowanie-wosp-Lubliniec-4-1024x1536.jpg 1024w, https:\/\/gazetaregionalna.com\/wp-content\/uploads\/2021\/02\/podsumowanie-wosp-Lubliniec-4-696x1044.jpg 696w, https:\/\/gazetaregionalna.com\/wp-content\/uploads\/2021\/02\/podsumowanie-wosp-Lubliniec-4-1068x1602.jpg 1068w, https:\/\/gazetaregionalna.com\/wp-content\/uploads\/2021\/02\/podsumowanie-wosp-Lubliniec-4-280x420.jpg 280w, https:\/\/gazetaregionalna.com\/wp-content\/uploads\/2021\/02\/podsumowanie-wosp-Lubliniec-4.jpg 1066w\" data-sizes=\"(max-width: 683px) 100vw, 683px\" src=\"data:image\/svg+xml;base64,PHN2ZyB3aWR0aD0iMSIgaGVpZ2h0PSIxIiB4bWxucz0iaHR0cDovL3d3dy53My5vcmcvMjAwMC9zdmciPjwvc3ZnPg==\" style=\"--smush-placeholder-width: 683px; --smush-placeholder-aspect-ratio: 683\/1024;\" \/><\/a><\/figure><\/li><li class=\"blocks-gallery-item\"><figure><a href=\"https:\/\/gazetaregionalna.com\/wp-content\/uploads\/2021\/02\/podsumowanie-wosp-Lubliniec-3.jpg\"><img decoding=\"async\" width=\"1024\" height=\"775\" data-src=\"https:\/\/gazetaregionalna.com\/wp-content\/uploads\/2021\/02\/podsumowanie-wosp-Lubliniec-3-1024x775.jpg\" alt=\"\" data-id=\"33000\" data-full-url=\"https:\/\/gazetaregionalna.com\/wp-content\/uploads\/2021\/02\/podsumowanie-wosp-Lubliniec-3.jpg\" data-link=\"https:\/\/gazetaregionalna.com\/?attachment_id=33000\" class=\"wp-image-33000 lazyload\" data-srcset=\"https:\/\/gazetaregionalna.com\/wp-content\/uploads\/2021\/02\/podsumowanie-wosp-Lubliniec-3-1024x775.jpg 1024w, https:\/\/gazetaregionalna.com\/wp-content\/uploads\/2021\/02\/podsumowanie-wosp-Lubliniec-3-300x227.jpg 300w, https:\/\/gazetaregionalna.com\/wp-content\/uploads\/2021\/02\/podsumowanie-wosp-Lubliniec-3-768x581.jpg 768w, https:\/\/gazetaregionalna.com\/wp-content\/uploads\/2021\/02\/podsumowanie-wosp-Lubliniec-3-1536x1162.jpg 1536w, https:\/\/gazetaregionalna.com\/wp-content\/uploads\/2021\/02\/podsumowanie-wosp-Lubliniec-3-696x526.jpg 696w, https:\/\/gazetaregionalna.com\/wp-content\/uploads\/2021\/02\/podsumowanie-wosp-Lubliniec-3-1068x808.jpg 1068w, https:\/\/gazetaregionalna.com\/wp-content\/uploads\/2021\/02\/podsumowanie-wosp-Lubliniec-3-1920x1452.jpg 1920w, https:\/\/gazetaregionalna.com\/wp-content\/uploads\/2021\/02\/podsumowanie-wosp-Lubliniec-3-555x420.jpg 555w, https:\/\/gazetaregionalna.com\/wp-content\/uploads\/2021\/02\/podsumowanie-wosp-Lubliniec-3-80x60.jpg 80w, https:\/\/gazetaregionalna.com\/wp-content\/uploads\/2021\/02\/podsumowanie-wosp-Lubliniec-3.jpg 1200w\" data-sizes=\"(max-width: 1024px) 100vw, 1024px\" src=\"data:image\/svg+xml;base64,PHN2ZyB3aWR0aD0iMSIgaGVpZ2h0PSIxIiB4bWxucz0iaHR0cDovL3d3dy53My5vcmcvMjAwMC9zdmciPjwvc3ZnPg==\" style=\"--smush-placeholder-width: 1024px; --smush-placeholder-aspect-ratio: 1024\/775;\" \/><\/a><\/figure><\/li><li class=\"blocks-gallery-item\"><figure><a href=\"https:\/\/gazetaregionalna.com\/wp-content\/uploads\/2021\/02\/podsumowanie-wosp-Lubliniec-1.jpg\"><img decoding=\"async\" width=\"1024\" height=\"768\" data-src=\"https:\/\/gazetaregionalna.com\/wp-content\/uploads\/2021\/02\/podsumowanie-wosp-Lubliniec-1-1024x768.jpg\" alt=\"\" data-id=\"32998\" data-full-url=\"https:\/\/gazetaregionalna.com\/wp-content\/uploads\/2021\/02\/podsumowanie-wosp-Lubliniec-1.jpg\" data-link=\"https:\/\/gazetaregionalna.com\/?attachment_id=32998\" class=\"wp-image-32998 lazyload\" data-srcset=\"https:\/\/gazetaregionalna.com\/wp-content\/uploads\/2021\/02\/podsumowanie-wosp-Lubliniec-1-1024x768.jpg 1024w, https:\/\/gazetaregionalna.com\/wp-content\/uploads\/2021\/02\/podsumowanie-wosp-Lubliniec-1-300x225.jpg 300w, https:\/\/gazetaregionalna.com\/wp-content\/uploads\/2021\/02\/podsumowanie-wosp-Lubliniec-1-768x576.jpg 768w, https:\/\/gazetaregionalna.com\/wp-content\/uploads\/2021\/02\/podsumowanie-wosp-Lubliniec-1-1536x1152.jpg 1536w, https:\/\/gazetaregionalna.com\/wp-content\/uploads\/2021\/02\/podsumowanie-wosp-Lubliniec-1-696x522.jpg 696w, https:\/\/gazetaregionalna.com\/wp-content\/uploads\/2021\/02\/podsumowanie-wosp-Lubliniec-1-1068x801.jpg 1068w, https:\/\/gazetaregionalna.com\/wp-content\/uploads\/2021\/02\/podsumowanie-wosp-Lubliniec-1-560x420.jpg 560w, https:\/\/gazetaregionalna.com\/wp-content\/uploads\/2021\/02\/podsumowanie-wosp-Lubliniec-1-80x60.jpg 80w, https:\/\/gazetaregionalna.com\/wp-content\/uploads\/2021\/02\/podsumowanie-wosp-Lubliniec-1-265x198.jpg 265w, https:\/\/gazetaregionalna.com\/wp-content\/uploads\/2021\/02\/podsumowanie-wosp-Lubliniec-1.jpg 1200w\" data-sizes=\"(max-width: 1024px) 100vw, 1024px\" src=\"data:image\/svg+xml;base64,PHN2ZyB3aWR0aD0iMSIgaGVpZ2h0PSIxIiB4bWxucz0iaHR0cDovL3d3dy53My5vcmcvMjAwMC9zdmciPjwvc3ZnPg==\" style=\"--smush-placeholder-width: 1024px; --smush-placeholder-aspect-ratio: 1024\/768;\" \/><\/a><\/figure><\/li><li class=\"blocks-gallery-item\"><figure><a href=\"https:\/\/gazetaregionalna.com\/wp-content\/uploads\/2021\/02\/podsumowanie-wosp-Lubliniec-2.jpg\"><img decoding=\"async\" width=\"768\" height=\"1024\" data-src=\"https:\/\/gazetaregionalna.com\/wp-content\/uploads\/2021\/02\/podsumowanie-wosp-Lubliniec-2-768x1024.jpg\" alt=\"\" data-id=\"32999\" data-full-url=\"https:\/\/gazetaregionalna.com\/wp-content\/uploads\/2021\/02\/podsumowanie-wosp-Lubliniec-2.jpg\" data-link=\"https:\/\/gazetaregionalna.com\/?attachment_id=32999\" class=\"wp-image-32999 lazyload\" data-srcset=\"https:\/\/gazetaregionalna.com\/wp-content\/uploads\/2021\/02\/podsumowanie-wosp-Lubliniec-2-768x1024.jpg 768w, https:\/\/gazetaregionalna.com\/wp-content\/uploads\/2021\/02\/podsumowanie-wosp-Lubliniec-2-225x300.jpg 225w, https:\/\/gazetaregionalna.com\/wp-content\/uploads\/2021\/02\/podsumowanie-wosp-Lubliniec-2-696x928.jpg 696w, https:\/\/gazetaregionalna.com\/wp-content\/uploads\/2021\/02\/podsumowanie-wosp-Lubliniec-2-315x420.jpg 315w, https:\/\/gazetaregionalna.com\/wp-content\/uploads\/2021\/02\/podsumowanie-wosp-Lubliniec-2.jpg 1056w\" data-sizes=\"(max-width: 768px) 100vw, 768px\" src=\"data:image\/svg+xml;base64,PHN2ZyB3aWR0aD0iMSIgaGVpZ2h0PSIxIiB4bWxucz0iaHR0cDovL3d3dy53My5vcmcvMjAwMC9zdmciPjwvc3ZnPg==\" style=\"--smush-placeholder-width: 768px; --smush-placeholder-aspect-ratio: 768\/1024;\" \/><\/a><\/figure><\/li><li class=\"blocks-gallery-item\"><figure><a href=\"https:\/\/gazetaregionalna.com\/wp-content\/uploads\/2021\/02\/podsumowanie-wosp-Lubliniec-16.jpg\"><img decoding=\"async\" width=\"1024\" height=\"1002\" data-src=\"https:\/\/gazetaregionalna.com\/wp-content\/uploads\/2021\/02\/podsumowanie-wosp-Lubliniec-16-1024x1002.jpg\" alt=\"\" data-id=\"33013\" data-full-url=\"https:\/\/gazetaregionalna.com\/wp-content\/uploads\/2021\/02\/podsumowanie-wosp-Lubliniec-16.jpg\" data-link=\"https:\/\/gazetaregionalna.com\/?attachment_id=33013\" class=\"wp-image-33013 lazyload\" data-srcset=\"https:\/\/gazetaregionalna.com\/wp-content\/uploads\/2021\/02\/podsumowanie-wosp-Lubliniec-16-1024x1002.jpg 1024w, https:\/\/gazetaregionalna.com\/wp-content\/uploads\/2021\/02\/podsumowanie-wosp-Lubliniec-16-300x294.jpg 300w, https:\/\/gazetaregionalna.com\/wp-content\/uploads\/2021\/02\/podsumowanie-wosp-Lubliniec-16-768x752.jpg 768w, https:\/\/gazetaregionalna.com\/wp-content\/uploads\/2021\/02\/podsumowanie-wosp-Lubliniec-16-1536x1503.jpg 1536w, https:\/\/gazetaregionalna.com\/wp-content\/uploads\/2021\/02\/podsumowanie-wosp-Lubliniec-16-696x681.jpg 696w, https:\/\/gazetaregionalna.com\/wp-content\/uploads\/2021\/02\/podsumowanie-wosp-Lubliniec-16-1068x1045.jpg 1068w, https:\/\/gazetaregionalna.com\/wp-content\/uploads\/2021\/02\/podsumowanie-wosp-Lubliniec-16-1920x1879.jpg 1920w, https:\/\/gazetaregionalna.com\/wp-content\/uploads\/2021\/02\/podsumowanie-wosp-Lubliniec-16-429x420.jpg 429w, https:\/\/gazetaregionalna.com\/wp-content\/uploads\/2021\/02\/podsumowanie-wosp-Lubliniec-16.jpg 1200w\" data-sizes=\"(max-width: 1024px) 100vw, 1024px\" src=\"data:image\/svg+xml;base64,PHN2ZyB3aWR0aD0iMSIgaGVpZ2h0PSIxIiB4bWxucz0iaHR0cDovL3d3dy53My5vcmcvMjAwMC9zdmciPjwvc3ZnPg==\" style=\"--smush-placeholder-width: 1024px; --smush-placeholder-aspect-ratio: 1024\/1002;\" \/><\/a><\/figure><\/li><li class=\"blocks-gallery-item\"><figure><a href=\"https:\/\/gazetaregionalna.com\/wp-content\/uploads\/2021\/02\/podsumowanie-wosp-Lubliniec-22.jpg\"><img decoding=\"async\" width=\"1024\" height=\"923\" data-src=\"https:\/\/gazetaregionalna.com\/wp-content\/uploads\/2021\/02\/podsumowanie-wosp-Lubliniec-22-1024x923.jpg\" alt=\"\" data-id=\"33019\" data-full-url=\"https:\/\/gazetaregionalna.com\/wp-content\/uploads\/2021\/02\/podsumowanie-wosp-Lubliniec-22.jpg\" data-link=\"https:\/\/gazetaregionalna.com\/?attachment_id=33019\" class=\"wp-image-33019 lazyload\" data-srcset=\"https:\/\/gazetaregionalna.com\/wp-content\/uploads\/2021\/02\/podsumowanie-wosp-Lubliniec-22-1024x923.jpg 1024w, https:\/\/gazetaregionalna.com\/wp-content\/uploads\/2021\/02\/podsumowanie-wosp-Lubliniec-22-300x270.jpg 300w, https:\/\/gazetaregionalna.com\/wp-content\/uploads\/2021\/02\/podsumowanie-wosp-Lubliniec-22-768x692.jpg 768w, https:\/\/gazetaregionalna.com\/wp-content\/uploads\/2021\/02\/podsumowanie-wosp-Lubliniec-22-1536x1384.jpg 1536w, https:\/\/gazetaregionalna.com\/wp-content\/uploads\/2021\/02\/podsumowanie-wosp-Lubliniec-22-696x627.jpg 696w, https:\/\/gazetaregionalna.com\/wp-content\/uploads\/2021\/02\/podsumowanie-wosp-Lubliniec-22-1068x963.jpg 1068w, https:\/\/gazetaregionalna.com\/wp-content\/uploads\/2021\/02\/podsumowanie-wosp-Lubliniec-22-466x420.jpg 466w, https:\/\/gazetaregionalna.com\/wp-content\/uploads\/2021\/02\/podsumowanie-wosp-Lubliniec-22.jpg 1200w\" data-sizes=\"(max-width: 1024px) 100vw, 1024px\" src=\"data:image\/svg+xml;base64,PHN2ZyB3aWR0aD0iMSIgaGVpZ2h0PSIxIiB4bWxucz0iaHR0cDovL3d3dy53My5vcmcvMjAwMC9zdmciPjwvc3ZnPg==\" style=\"--smush-placeholder-width: 1024px; --smush-placeholder-aspect-ratio: 1024\/923;\" \/><\/a><\/figure><\/li><li class=\"blocks-gallery-item\"><figure><a href=\"https:\/\/gazetaregionalna.com\/wp-content\/uploads\/2021\/02\/podsumowanie-wosp-Lubliniec-17.jpg\"><img decoding=\"async\" width=\"1024\" height=\"844\" data-src=\"https:\/\/gazetaregionalna.com\/wp-content\/uploads\/2021\/02\/podsumowanie-wosp-Lubliniec-17-1024x844.jpg\" alt=\"\" data-id=\"33014\" data-full-url=\"https:\/\/gazetaregionalna.com\/wp-content\/uploads\/2021\/02\/podsumowanie-wosp-Lubliniec-17.jpg\" data-link=\"https:\/\/gazetaregionalna.com\/?attachment_id=33014\" class=\"wp-image-33014 lazyload\" data-srcset=\"https:\/\/gazetaregionalna.com\/wp-content\/uploads\/2021\/02\/podsumowanie-wosp-Lubliniec-17-1024x844.jpg 1024w, https:\/\/gazetaregionalna.com\/wp-content\/uploads\/2021\/02\/podsumowanie-wosp-Lubliniec-17-300x247.jpg 300w, https:\/\/gazetaregionalna.com\/wp-content\/uploads\/2021\/02\/podsumowanie-wosp-Lubliniec-17-768x633.jpg 768w, https:\/\/gazetaregionalna.com\/wp-content\/uploads\/2021\/02\/podsumowanie-wosp-Lubliniec-17-1536x1266.jpg 1536w, https:\/\/gazetaregionalna.com\/wp-content\/uploads\/2021\/02\/podsumowanie-wosp-Lubliniec-17-696x574.jpg 696w, https:\/\/gazetaregionalna.com\/wp-content\/uploads\/2021\/02\/podsumowanie-wosp-Lubliniec-17-1068x880.jpg 1068w, https:\/\/gazetaregionalna.com\/wp-content\/uploads\/2021\/02\/podsumowanie-wosp-Lubliniec-17-1920x1583.jpg 1920w, https:\/\/gazetaregionalna.com\/wp-content\/uploads\/2021\/02\/podsumowanie-wosp-Lubliniec-17-510x420.jpg 510w, https:\/\/gazetaregionalna.com\/wp-content\/uploads\/2021\/02\/podsumowanie-wosp-Lubliniec-17.jpg 1200w\" data-sizes=\"(max-width: 1024px) 100vw, 1024px\" src=\"data:image\/svg+xml;base64,PHN2ZyB3aWR0aD0iMSIgaGVpZ2h0PSIxIiB4bWxucz0iaHR0cDovL3d3dy53My5vcmcvMjAwMC9zdmciPjwvc3ZnPg==\" style=\"--smush-placeholder-width: 1024px; --smush-placeholder-aspect-ratio: 1024\/844;\" \/><\/a><\/figure><\/li><\/ul><figcaption class=\"blocks-gallery-caption\"><em>Fot. Sztab WO\u015aP w Lubli\u0144cu<\/em><\/figcaption><\/figure>\n","protected":false},"excerpt":{"rendered":"<p>Tegoroczny Fina\u0142 WO\u015aP by\u0142 nieco inny ni\u017c poprzednie. Mimo to mieszka\u0144cy Lubli\u0144ca sprawdzili si\u0119 i wsp\u00f3lnie pokazali ogrom swojego serca, wp\u0142acaj\u0105c poka\u017ane datki do<\/p>\n","protected":false},"author":12,"featured_media":33020,"comment_status":"open","ping_status":"open","sticky":false,"template":"","format":"standard","meta":{"_monsterinsights_skip_tracking":false,"_monsterinsights_sitenote_active":false,"_monsterinsights_sitenote_note":"","_monsterinsights_sitenote_category":0,"_uf_show_specific_survey":0,"_uf_disable_surveys":false,"footnotes":""},"categories":[94,25,2],"tags":[1437],"class_list":["post-33029","post","type-post","status-publish","format-standard","has-post-thumbnail","hentry","category-polecane","category-lubliniec","category-wiadomosci","tag-wosp-w-lublincu"],"_links":{"self":[{"href":"https:\/\/gazetaregionalna.com\/index.php?rest_route=\/wp\/v2\/posts\/33029","targetHints":{"allow":["GET"]}}],"collection":[{"href":"https:\/\/gazetaregionalna.com\/index.php?rest_route=\/wp\/v2\/posts"}],"about":[{"href":"https:\/\/gazetaregionalna.com\/index.php?rest_route=\/wp\/v2\/types\/post"}],"author":[{"embeddable":true,"href":"https:\/\/gazetaregionalna.com\/index.php?rest_route=\/wp\/v2\/users\/12"}],"replies":[{"embeddable":true,"href":"https:\/\/gazetaregionalna.com\/index.php?rest_route=%2Fwp%2Fv2%2Fcomments&post=33029"}],"version-history":[{"count":3,"href":"https:\/\/gazetaregionalna.com\/index.php?rest_route=\/wp\/v2\/posts\/33029\/revisions"}],"predecessor-version":[{"id":33033,"href":"https:\/\/gazetaregionalna.com\/index.php?rest_route=\/wp\/v2\/posts\/33029\/revisions\/33033"}],"wp:featuredmedia":[{"embeddable":true,"href":"https:\/\/gazetaregionalna.com\/index.php?rest_route=\/wp\/v2\/media\/33020"}],"wp:attachment":[{"href":"https:\/\/gazetaregionalna.com\/index.php?rest_route=%2Fwp%2Fv2%2Fmedia&parent=33029"}],"wp:term":[{"taxonomy":"category","embeddable":true,"href":"https:\/\/gazetaregionalna.com\/index.php?rest_route=%2Fwp%2Fv2%2Fcategories&post=33029"},{"taxonomy":"post_tag","embeddable":true,"href":"https:\/\/gazetaregionalna.com\/index.php?rest_route=%2Fwp%2Fv2%2Ftags&post=33029"}],"curies":[{"name":"wp","href":"https:\/\/api.w.org\/{rel}","templated":true}]}}