{"id":32983,"date":"2021-01-14T08:04:00","date_gmt":"2021-01-14T08:04:00","guid":{"rendered":"https:\/\/gazetaregionalna.com\/?p=32983"},"modified":"2021-02-02T16:09:48","modified_gmt":"2021-02-02T16:09:48","slug":"zadecyduja","status":"publish","type":"post","link":"https:\/\/gazetaregionalna.com\/?p=32983","title":{"rendered":"Radni Powiatu Radomszcza\u0144skiego zadecyduj\u0105 czy w Strza\u0142kowie powstanie nowy Dom Dziecka"},"content":{"rendered":"\n<p><strong>Radni Powiatu Radomszcza\u0144skiego zadecyduj\u0105 o zakupie nieruchomo\u015bci w Strza\u0142kowie (nieopodal Radomska), w kt\u00f3rym mia\u0142by powsta\u0107 nowy dom dla dzieci pozbawionych opieki biologicznych rodzic\u00f3w.<\/strong><\/p>\n\n\n\n<figure class=\"wp-block-image size-large\"><img decoding=\"async\" width=\"285\" height=\"446\" data-src=\"https:\/\/gazetaregionalna.com\/wp-content\/uploads\/2021\/02\/dom-dziecka-Strzalkow-6.png\" alt=\"\" class=\"wp-image-32989 lazyload\" data-srcset=\"https:\/\/gazetaregionalna.com\/wp-content\/uploads\/2021\/02\/dom-dziecka-Strzalkow-6.png 285w, https:\/\/gazetaregionalna.com\/wp-content\/uploads\/2021\/02\/dom-dziecka-Strzalkow-6-192x300.png 192w, https:\/\/gazetaregionalna.com\/wp-content\/uploads\/2021\/02\/dom-dziecka-Strzalkow-6-268x420.png 268w\" data-sizes=\"(max-width: 285px) 100vw, 285px\" src=\"data:image\/svg+xml;base64,PHN2ZyB3aWR0aD0iMSIgaGVpZ2h0PSIxIiB4bWxucz0iaHR0cDovL3d3dy53My5vcmcvMjAwMC9zdmciPjwvc3ZnPg==\" style=\"--smush-placeholder-width: 285px; --smush-placeholder-aspect-ratio: 285\/446;\" \/><figcaption>Fot. Powiat Radomszcza\u0144ski<\/figcaption><\/figure>\n\n\n\n<p>By\u0142by to ju\u017c kolejny tego typu obiekt w tej samej miejscowo\u015bci usytuowany niemal w s\u0105siedztwie dzia\u0142aj\u0105cej ju\u017c Plac\u00f3wki Opieku\u0144czo Wychowawczej Kamil, w kt\u00f3rej mieszka 14 podopiecznych. Zgodnie z planami kilkunastu m\u0142odych mieszka\u0144c\u00f3w b\u0119dzie mog\u0142o tam znale\u017a\u0107 sw\u00f3j dach nad g\u0142ow\u0105 jeszcze w tym roku.<\/p>\n\n\n\n<p>Budynek o pow. zabudowy 174,3 m<sup>2<\/sup> i pow. u\u017cytkowej 208,8 m<sup>2 <\/sup>wybudowano w 2005 roku. Posiada wszelkie wymagane instalacje, centralne ogrzewanie gazowe i kominek z systemem rozprowadzaj\u0105cym. Budynek jest murowany i podpiwniczony oraz posiada u\u017cytkowe poddasze i dwa gara\u017ce w bryle budynku.<\/p>\n\n\n\n<p>Wystawiona na sprzeda\u017c nieruchomo\u015b\u0107 przez obecnych w\u0142a\u015bcicieli jest w\u0142a\u015bciwie gotowa do zamieszkania. W \u015brodku pozostawiona zosta\u0142a cz\u0119\u015b\u0107 mebli oraz wyposa\u017cenie kuchni i \u0142azienek. Z ekspertyz wynika, \u017ce stan techniczny budynku oceniono jako bardzo dobry.<\/p>\n\n\n\n<p>&#8211; \u201eZwraca uwag\u0119 wysoki standard wyko\u0144czenia\u201d \u2013 podkre\u015bla Fabian Zag\u00f3rowicz, cz\u0142onek Zarz\u0105du Powiatu.<\/p>\n\n\n\n<p>&#8211; \u201eDzia\u0142ka jest ogrodzona i \u0142adnie zagospodarowana, z zadban\u0105 zieleni\u0105 i krzewami ozdobnymi wzd\u0142u\u017c ogrodzenia\u201d \u2013 dodaje.<\/p>\n\n\n\n<p>Cen\u0119 kupna budynku ustalono na kwot\u0119 660 000 z\u0142 brutto w wyniku negocjacji, jakie przeprowadzono z radomszcza\u0144skim Biurem EXPERT Nieruchomo\u015bci, reprezentuj\u0105cym obecnych w\u0142a\u015bcicieli nieruchomo\u015bci.<\/p>\n\n\n\n<figure class=\"wp-block-image size-large\"><img decoding=\"async\" width=\"285\" height=\"449\" data-src=\"https:\/\/gazetaregionalna.com\/wp-content\/uploads\/2021\/02\/dom-dziecka-Strzalkow-5.png\" alt=\"\" class=\"wp-image-32988 lazyload\" data-srcset=\"https:\/\/gazetaregionalna.com\/wp-content\/uploads\/2021\/02\/dom-dziecka-Strzalkow-5.png 285w, https:\/\/gazetaregionalna.com\/wp-content\/uploads\/2021\/02\/dom-dziecka-Strzalkow-5-190x300.png 190w, https:\/\/gazetaregionalna.com\/wp-content\/uploads\/2021\/02\/dom-dziecka-Strzalkow-5-267x420.png 267w\" data-sizes=\"(max-width: 285px) 100vw, 285px\" src=\"data:image\/svg+xml;base64,PHN2ZyB3aWR0aD0iMSIgaGVpZ2h0PSIxIiB4bWxucz0iaHR0cDovL3d3dy53My5vcmcvMjAwMC9zdmciPjwvc3ZnPg==\" style=\"--smush-placeholder-width: 285px; --smush-placeholder-aspect-ratio: 285\/449;\" \/><figcaption><em>Fot. Powiat Radomszcza\u0144ski<\/em><\/figcaption><\/figure>\n\n\n\n<p>Dla&nbsp; Zarz\u0105du Powiatu Radomszcza\u0144skiego dana inwestycja jest priorytetowa. Powodem jest stale wzrastaj\u0105ca liczby dzieci, kt\u00f3re zosta\u0142y pozbawione opieki biologicznych rodzic\u00f3w i z braku odpowiednich plac\u00f3wek w powiecie dzieci umieszczane s\u0105 w o\u015brodkach z dala od Radomska. Zwi\u0105zane z tym wydatki s\u0105 bardzo wysokie.<\/p>\n\n\n\n<p>Istniej\u0105ca w Strza\u0142kowie ju\u017c od ponad roku pierwsza plac\u00f3wka POW Kamil, pokaza\u0142a, \u017ce warto inwestowa\u0107 w zakup nieruchomo\u015bci pod dan\u0105 dzia\u0142alno\u015b\u0107. Dzi\u0119ki temu dzieci pozostaj\u0105 blisko miejsca zamieszkania rodziny naturalnej, co z kolei umo\u017cliwia prowadzenie pracy z rodzin\u0105 na rzecz powrotu dziecka do domu.<\/p>\n\n\n\n<p>W o\u015brodku dzieci na nowo ucz\u0105 si\u0119 \u017cycia, jak w du\u017cej rodzinie, a opiekunowie sp\u0119dzaj\u0105 ze swoimi podopiecznymi ca\u0142\u0105 dob\u0119, staraj\u0105c si\u0119 zast\u0105pi\u0107 matk\u0119 i ojca. Obowi\u0105zki domowe takie jak pranie, sprz\u0105tanie czy gotowanie wykonuj\u0105 wsp\u00f3lnie.<\/p>\n\n\n\n<p>&#8211; \u201eIstot\u0105 procesu wychowawczego w tego typu plac\u00f3wce jest umo\u017cliwienie podopiecznym kontaktu z rodzicami biologicznymi, co \u00a0szczeg\u00f3lnie w przypadku ma\u0142ych dzieci, jest szalenie istotne\u201d \u2013 t\u0142umaczy Fabian Zag\u00f3rowicz.<\/p>\n\n\n\n<figure class=\"wp-block-gallery columns-3 is-cropped wp-block-gallery-1 is-layout-flex wp-block-gallery-is-layout-flex\"><ul class=\"blocks-gallery-grid\"><li class=\"blocks-gallery-item\"><figure><img decoding=\"async\" width=\"297\" height=\"388\" data-src=\"https:\/\/gazetaregionalna.com\/wp-content\/uploads\/2021\/02\/dom-dziecka-Strzalkow-4.png\" alt=\"\" data-id=\"32987\" data-full-url=\"https:\/\/gazetaregionalna.com\/wp-content\/uploads\/2021\/02\/dom-dziecka-Strzalkow-4.png\" data-link=\"https:\/\/gazetaregionalna.com\/?attachment_id=32987\" class=\"wp-image-32987 lazyload\" data-srcset=\"https:\/\/gazetaregionalna.com\/wp-content\/uploads\/2021\/02\/dom-dziecka-Strzalkow-4.png 297w, https:\/\/gazetaregionalna.com\/wp-content\/uploads\/2021\/02\/dom-dziecka-Strzalkow-4-230x300.png 230w\" data-sizes=\"(max-width: 297px) 100vw, 297px\" src=\"data:image\/svg+xml;base64,PHN2ZyB3aWR0aD0iMSIgaGVpZ2h0PSIxIiB4bWxucz0iaHR0cDovL3d3dy53My5vcmcvMjAwMC9zdmciPjwvc3ZnPg==\" style=\"--smush-placeholder-width: 297px; --smush-placeholder-aspect-ratio: 297\/388;\" \/><\/figure><\/li><li class=\"blocks-gallery-item\"><figure><img decoding=\"async\" width=\"283\" height=\"438\" data-src=\"https:\/\/gazetaregionalna.com\/wp-content\/uploads\/2021\/02\/dom-dziecka-Strzalkow-3.png\" alt=\"\" data-id=\"32986\" data-full-url=\"https:\/\/gazetaregionalna.com\/wp-content\/uploads\/2021\/02\/dom-dziecka-Strzalkow-3.png\" data-link=\"https:\/\/gazetaregionalna.com\/?attachment_id=32986\" class=\"wp-image-32986 lazyload\" data-srcset=\"https:\/\/gazetaregionalna.com\/wp-content\/uploads\/2021\/02\/dom-dziecka-Strzalkow-3.png 283w, https:\/\/gazetaregionalna.com\/wp-content\/uploads\/2021\/02\/dom-dziecka-Strzalkow-3-194x300.png 194w, https:\/\/gazetaregionalna.com\/wp-content\/uploads\/2021\/02\/dom-dziecka-Strzalkow-3-271x420.png 271w\" data-sizes=\"(max-width: 283px) 100vw, 283px\" src=\"data:image\/svg+xml;base64,PHN2ZyB3aWR0aD0iMSIgaGVpZ2h0PSIxIiB4bWxucz0iaHR0cDovL3d3dy53My5vcmcvMjAwMC9zdmciPjwvc3ZnPg==\" style=\"--smush-placeholder-width: 283px; --smush-placeholder-aspect-ratio: 283\/438;\" \/><\/figure><\/li><li class=\"blocks-gallery-item\"><figure><img decoding=\"async\" width=\"325\" height=\"427\" data-src=\"https:\/\/gazetaregionalna.com\/wp-content\/uploads\/2021\/02\/dom-dziecka-Strzalkow-2.png\" alt=\"\" data-id=\"32985\" data-full-url=\"https:\/\/gazetaregionalna.com\/wp-content\/uploads\/2021\/02\/dom-dziecka-Strzalkow-2.png\" data-link=\"https:\/\/gazetaregionalna.com\/?attachment_id=32985\" class=\"wp-image-32985 lazyload\" data-srcset=\"https:\/\/gazetaregionalna.com\/wp-content\/uploads\/2021\/02\/dom-dziecka-Strzalkow-2.png 325w, https:\/\/gazetaregionalna.com\/wp-content\/uploads\/2021\/02\/dom-dziecka-Strzalkow-2-228x300.png 228w, https:\/\/gazetaregionalna.com\/wp-content\/uploads\/2021\/02\/dom-dziecka-Strzalkow-2-320x420.png 320w\" data-sizes=\"(max-width: 325px) 100vw, 325px\" src=\"data:image\/svg+xml;base64,PHN2ZyB3aWR0aD0iMSIgaGVpZ2h0PSIxIiB4bWxucz0iaHR0cDovL3d3dy53My5vcmcvMjAwMC9zdmciPjwvc3ZnPg==\" style=\"--smush-placeholder-width: 325px; --smush-placeholder-aspect-ratio: 325\/427;\" \/><\/figure><\/li><li class=\"blocks-gallery-item\"><figure><img decoding=\"async\" width=\"328\" height=\"413\" data-src=\"https:\/\/gazetaregionalna.com\/wp-content\/uploads\/2021\/02\/dom-dziecka-Strzalkow-1.png\" alt=\"\" data-id=\"32984\" data-full-url=\"https:\/\/gazetaregionalna.com\/wp-content\/uploads\/2021\/02\/dom-dziecka-Strzalkow-1.png\" data-link=\"https:\/\/gazetaregionalna.com\/?attachment_id=32984\" class=\"wp-image-32984 lazyload\" data-srcset=\"https:\/\/gazetaregionalna.com\/wp-content\/uploads\/2021\/02\/dom-dziecka-Strzalkow-1.png 328w, https:\/\/gazetaregionalna.com\/wp-content\/uploads\/2021\/02\/dom-dziecka-Strzalkow-1-238x300.png 238w\" data-sizes=\"(max-width: 328px) 100vw, 328px\" src=\"data:image\/svg+xml;base64,PHN2ZyB3aWR0aD0iMSIgaGVpZ2h0PSIxIiB4bWxucz0iaHR0cDovL3d3dy53My5vcmcvMjAwMC9zdmciPjwvc3ZnPg==\" style=\"--smush-placeholder-width: 328px; --smush-placeholder-aspect-ratio: 328\/413;\" \/><\/figure><\/li><\/ul><figcaption class=\"blocks-gallery-caption\"><em>Fot. Powiat Radomszcza\u0144ski<\/em><\/figcaption><\/figure>\n","protected":false},"excerpt":{"rendered":"<p>Radni Powiatu Radomszcza\u0144skiego zadecyduj\u0105 o zakupie nieruchomo\u015bci w Strza\u0142kowie (nieopodal Radomska), w kt\u00f3rym mia\u0142by powsta\u0107 nowy dom dla dzieci pozbawionych opieki biologicznych rodzic\u00f3w. By\u0142by<\/p>\n","protected":false},"author":12,"featured_media":32990,"comment_status":"open","ping_status":"open","sticky":false,"template":"","format":"standard","meta":{"_monsterinsights_skip_tracking":false,"_monsterinsights_sitenote_active":false,"_monsterinsights_sitenote_note":"","_monsterinsights_sitenote_category":0,"_uf_show_specific_survey":0,"_uf_disable_surveys":false,"footnotes":""},"categories":[33,94,28,2],"tags":[1434,1433],"class_list":["post-32983","post","type-post","status-publish","format-standard","has-post-thumbnail","hentry","category-inwestycje","category-polecane","category-radomsko","category-wiadomosci","tag-nowy-dom-dziecka","tag-strzalkow"],"_links":{"self":[{"href":"https:\/\/gazetaregionalna.com\/index.php?rest_route=\/wp\/v2\/posts\/32983","targetHints":{"allow":["GET"]}}],"collection":[{"href":"https:\/\/gazetaregionalna.com\/index.php?rest_route=\/wp\/v2\/posts"}],"about":[{"href":"https:\/\/gazetaregionalna.com\/index.php?rest_route=\/wp\/v2\/types\/post"}],"author":[{"embeddable":true,"href":"https:\/\/gazetaregionalna.com\/index.php?rest_route=\/wp\/v2\/users\/12"}],"replies":[{"embeddable":true,"href":"https:\/\/gazetaregionalna.com\/index.php?rest_route=%2Fwp%2Fv2%2Fcomments&post=32983"}],"version-history":[{"count":1,"href":"https:\/\/gazetaregionalna.com\/index.php?rest_route=\/wp\/v2\/posts\/32983\/revisions"}],"predecessor-version":[{"id":32991,"href":"https:\/\/gazetaregionalna.com\/index.php?rest_route=\/wp\/v2\/posts\/32983\/revisions\/32991"}],"wp:featuredmedia":[{"embeddable":true,"href":"https:\/\/gazetaregionalna.com\/index.php?rest_route=\/wp\/v2\/media\/32990"}],"wp:attachment":[{"href":"https:\/\/gazetaregionalna.com\/index.php?rest_route=%2Fwp%2Fv2%2Fmedia&parent=32983"}],"wp:term":[{"taxonomy":"category","embeddable":true,"href":"https:\/\/gazetaregionalna.com\/index.php?rest_route=%2Fwp%2Fv2%2Fcategories&post=32983"},{"taxonomy":"post_tag","embeddable":true,"href":"https:\/\/gazetaregionalna.com\/index.php?rest_route=%2Fwp%2Fv2%2Ftags&post=32983"}],"curies":[{"name":"wp","href":"https:\/\/api.w.org\/{rel}","templated":true}]}}