{"id":32878,"date":"2021-01-31T19:13:04","date_gmt":"2021-01-31T19:13:04","guid":{"rendered":"https:\/\/gazetaregionalna.com\/?p=32878"},"modified":"2021-01-31T19:13:05","modified_gmt":"2021-01-31T19:13:05","slug":"przerwa-w-dostawie-pradu-95","status":"publish","type":"post","link":"https:\/\/gazetaregionalna.com\/?p=32878","title":{"rendered":"UWAGA! Przerwa w dostawie pr\u0105du w powiecie radomszcza\u0144skim!"},"content":{"rendered":"\n<p><strong>Dystrybutor pr\u0105du planuje przerw\u0119 w dostawie energii na najbli\u017csze 5 dni w powiecie radomszcza\u0144skim.<\/strong><\/p>\n\n\n\n<p>Brak w dostawie energii nast\u0105pi w gminie:<\/p>\n\n\n\n<p><strong>Gomunice &nbsp;04 luty 2021<\/strong> <strong>roku<\/strong> na ulicy:<\/p>\n\n\n\n<ul class=\"wp-block-list\"><li>Dobroszyce ul. S\u0142oneczna, Szkolna dz. 714\/4 i dzia\u0142ki przyleg\u0142e od godziny<strong> 9:00 <\/strong>do <strong>12:00<\/strong>.<\/li><\/ul>\n\n\n\n<p>Dostawca pr\u0105du przeprasza za utrudnienia.<\/p>\n","protected":false},"excerpt":{"rendered":"<p>Dystrybutor pr\u0105du planuje przerw\u0119 w dostawie energii na najbli\u017csze 5 dni w powiecie radomszcza\u0144skim. Brak w dostawie energii nast\u0105pi w gminie: Gomunice &nbsp;04 luty<\/p>\n","protected":false},"author":12,"featured_media":0,"comment_status":"open","ping_status":"open","sticky":false,"template":"","format":"standard","meta":{"_monsterinsights_skip_tracking":false,"_monsterinsights_sitenote_active":false,"_monsterinsights_sitenote_note":"","_monsterinsights_sitenote_category":0,"_uf_show_specific_survey":0,"_uf_disable_surveys":false,"footnotes":""},"categories":[94,28,2],"tags":[728,630],"class_list":["post-32878","post","type-post","status-publish","format-standard","hentry","category-polecane","category-radomsko","category-wiadomosci","tag-brak-pradu","tag-powiat-radomszczanski"],"_links":{"self":[{"href":"https:\/\/gazetaregionalna.com\/index.php?rest_route=\/wp\/v2\/posts\/32878","targetHints":{"allow":["GET"]}}],"collection":[{"href":"https:\/\/gazetaregionalna.com\/index.php?rest_route=\/wp\/v2\/posts"}],"about":[{"href":"https:\/\/gazetaregionalna.com\/index.php?rest_route=\/wp\/v2\/types\/post"}],"author":[{"embeddable":true,"href":"https:\/\/gazetaregionalna.com\/index.php?rest_route=\/wp\/v2\/users\/12"}],"replies":[{"embeddable":true,"href":"https:\/\/gazetaregionalna.com\/index.php?rest_route=%2Fwp%2Fv2%2Fcomments&post=32878"}],"version-history":[{"count":1,"href":"https:\/\/gazetaregionalna.com\/index.php?rest_route=\/wp\/v2\/posts\/32878\/revisions"}],"predecessor-version":[{"id":32879,"href":"https:\/\/gazetaregionalna.com\/index.php?rest_route=\/wp\/v2\/posts\/32878\/revisions\/32879"}],"wp:attachment":[{"href":"https:\/\/gazetaregionalna.com\/index.php?rest_route=%2Fwp%2Fv2%2Fmedia&parent=32878"}],"wp:term":[{"taxonomy":"category","embeddable":true,"href":"https:\/\/gazetaregionalna.com\/index.php?rest_route=%2Fwp%2Fv2%2Fcategories&post=32878"},{"taxonomy":"post_tag","embeddable":true,"href":"https:\/\/gazetaregionalna.com\/index.php?rest_route=%2Fwp%2Fv2%2Ftags&post=32878"}],"curies":[{"name":"wp","href":"https:\/\/api.w.org\/{rel}","templated":true}]}}