{"id":32874,"date":"2021-01-31T18:47:04","date_gmt":"2021-01-31T18:47:04","guid":{"rendered":"https:\/\/gazetaregionalna.com\/?p=32874"},"modified":"2021-01-31T18:47:07","modified_gmt":"2021-01-31T18:47:07","slug":"przerwa-w-dostawie-pradu-93","status":"publish","type":"post","link":"https:\/\/gazetaregionalna.com\/?p=32874","title":{"rendered":"UWAGA! Przerwa w dostawie pr\u0105du w powiecie lublinieckim!"},"content":{"rendered":"\n<p><strong>Dystrybutor pr\u0105du planuje przerw\u0119 w dostawie energii na najbli\u017csze 5 dni w powiecie lublinieckim.<\/strong><\/p>\n\n\n\n<p>Brak w dostawie energii nast\u0105pi w gminie:<\/p>\n\n\n\n<p><strong>Ciasna&nbsp; 01 <\/strong><strong>luty 2021<\/strong>&nbsp;<strong>roku<\/strong> na ulicy:<\/p>\n\n\n\n<ul class=\"wp-block-list\"><li>Je\u017cowa, ul. Le\u015bna od 9 do 13, ul. Oleska nr 6, 7, 8 i 9, ul. Cegielniana 8, Sierak\u00f3w \u015al\u0105ski Le\u015bnicz\u00f3wka od godziny <strong>8:30 <\/strong>do <strong>14:00<\/strong>.<strong><\/strong><\/li><\/ul>\n\n\n\n<p>Dostawca pr\u0105du przeprasza za utrudnienia.<\/p>\n","protected":false},"excerpt":{"rendered":"<p>Dystrybutor pr\u0105du planuje przerw\u0119 w dostawie energii na najbli\u017csze 5 dni w powiecie lublinieckim. Brak w dostawie energii nast\u0105pi w gminie: Ciasna&nbsp; 01 luty<\/p>\n","protected":false},"author":12,"featured_media":0,"comment_status":"open","ping_status":"open","sticky":false,"template":"","format":"standard","meta":{"_monsterinsights_skip_tracking":false,"_monsterinsights_sitenote_active":false,"_monsterinsights_sitenote_note":"","_monsterinsights_sitenote_category":0,"_uf_show_specific_survey":0,"_uf_disable_surveys":false,"footnotes":""},"categories":[94,25,2],"tags":[728,816],"class_list":["post-32874","post","type-post","status-publish","format-standard","hentry","category-polecane","category-lubliniec","category-wiadomosci","tag-brak-pradu","tag-powiat-lubliniecki"],"_links":{"self":[{"href":"https:\/\/gazetaregionalna.com\/index.php?rest_route=\/wp\/v2\/posts\/32874","targetHints":{"allow":["GET"]}}],"collection":[{"href":"https:\/\/gazetaregionalna.com\/index.php?rest_route=\/wp\/v2\/posts"}],"about":[{"href":"https:\/\/gazetaregionalna.com\/index.php?rest_route=\/wp\/v2\/types\/post"}],"author":[{"embeddable":true,"href":"https:\/\/gazetaregionalna.com\/index.php?rest_route=\/wp\/v2\/users\/12"}],"replies":[{"embeddable":true,"href":"https:\/\/gazetaregionalna.com\/index.php?rest_route=%2Fwp%2Fv2%2Fcomments&post=32874"}],"version-history":[{"count":1,"href":"https:\/\/gazetaregionalna.com\/index.php?rest_route=\/wp\/v2\/posts\/32874\/revisions"}],"predecessor-version":[{"id":32875,"href":"https:\/\/gazetaregionalna.com\/index.php?rest_route=\/wp\/v2\/posts\/32874\/revisions\/32875"}],"wp:attachment":[{"href":"https:\/\/gazetaregionalna.com\/index.php?rest_route=%2Fwp%2Fv2%2Fmedia&parent=32874"}],"wp:term":[{"taxonomy":"category","embeddable":true,"href":"https:\/\/gazetaregionalna.com\/index.php?rest_route=%2Fwp%2Fv2%2Fcategories&post=32874"},{"taxonomy":"post_tag","embeddable":true,"href":"https:\/\/gazetaregionalna.com\/index.php?rest_route=%2Fwp%2Fv2%2Ftags&post=32874"}],"curies":[{"name":"wp","href":"https:\/\/api.w.org\/{rel}","templated":true}]}}