{"id":32623,"date":"2021-01-29T15:35:04","date_gmt":"2021-01-29T15:35:04","guid":{"rendered":"https:\/\/gazetaregionalna.com\/?p=32623"},"modified":"2021-01-29T15:36:47","modified_gmt":"2021-01-29T15:36:47","slug":"final-wosp","status":"publish","type":"post","link":"https:\/\/gazetaregionalna.com\/?p=32623","title":{"rendered":"29. Fina\u0142 WO\u015aP w K\u0142obucku, Lubli\u0144cu, Myszkowie i Radomsku"},"content":{"rendered":"\n<p><strong>W niedziel\u0119 31 stycznia 2021 roku odb\u0119dzie si\u0119 ju\u017c 29. Fina\u0142 WO\u015aP pod nazw\u0105 \u201eFina\u0142 z g\u0142ow\u0105\u201d. W ca\u0142ej Polsce wolontariusze b\u0119d\u0105 zbiera\u0107 datki na sprz\u0119t na Oddzia\u0142 laryngologii, otolaryngologii i diagnostyki g\u0142owy.<\/strong><\/p>\n\n\n\n<p>Niedzielny fina\u0142 Wielkiej Orkiestry \u015awi\u0105tecznej Pomocy nie b\u0119dzie mia\u0142 tak widowiskowej imprezy, jak co roku. Ze wzgl\u0119du na panuj\u0105ce w kraju obostrzenia zmieni\u0142 si\u0119 tak\u017ce charakter zbi\u00f3rki, ale mimo to na ulicach b\u0119dzie mo\u017cna spotka\u0107 wolontariuszy z puszkami na datki.<\/p>\n\n\n\n<p>W ca\u0142ej Polsce nie b\u0119dzie imprez og\u00f3lnodost\u0119pnych. B\u0119d\u0105 si\u0119 one za to odbywa\u0142y online za pomoc\u0105 medi\u00f3w spo\u0142eczno\u015bciowych. Poni\u017cej harmonogram nast\u0119puj\u0105cych miast:<\/p>\n\n\n\n<ol class=\"wp-block-list\" type=\"1\"><li><strong>K\u0142obuck:<\/strong><\/li><\/ol>\n\n\n\n<p>W K\u0142obucku organizatorem WO\u015aP jak co roku jest Hufiec ZHP K\u0142obuck. Transmisja Fina\u0142u b\u0119dzie dost\u0119pna od godziny 13:00 do 20:00 na stronie <a href=\"https:\/\/www.facebook.com\/HufiecKlobuck\/?ref=page_internal\" class=\"rank-math-link\" target=\"_blank\" rel=\"noopener\">Facebooka Hufca ZHP<\/a>. Pojawi\u0105 si\u0119 wywiady, wyst\u0119py artystyczne oraz licytacje na \u017cywo:<\/p>\n\n\n\n<figure class=\"wp-block-image size-large\"><img decoding=\"async\" width=\"1024\" height=\"686\" data-src=\"https:\/\/gazetaregionalna.com\/wp-content\/uploads\/2021\/01\/wosp-klobuck-1024x686.jpg\" alt=\"\" class=\"wp-image-32644 lazyload\" data-srcset=\"https:\/\/gazetaregionalna.com\/wp-content\/uploads\/2021\/01\/wosp-klobuck-1024x686.jpg 1024w, https:\/\/gazetaregionalna.com\/wp-content\/uploads\/2021\/01\/wosp-klobuck-300x201.jpg 300w, https:\/\/gazetaregionalna.com\/wp-content\/uploads\/2021\/01\/wosp-klobuck-768x515.jpg 768w, https:\/\/gazetaregionalna.com\/wp-content\/uploads\/2021\/01\/wosp-klobuck-1536x1030.jpg 1536w, https:\/\/gazetaregionalna.com\/wp-content\/uploads\/2021\/01\/wosp-klobuck-696x467.jpg 696w, https:\/\/gazetaregionalna.com\/wp-content\/uploads\/2021\/01\/wosp-klobuck-1068x716.jpg 1068w, https:\/\/gazetaregionalna.com\/wp-content\/uploads\/2021\/01\/wosp-klobuck-626x420.jpg 626w, https:\/\/gazetaregionalna.com\/wp-content\/uploads\/2021\/01\/wosp-klobuck.jpg 1200w\" data-sizes=\"(max-width: 1024px) 100vw, 1024px\" src=\"data:image\/svg+xml;base64,PHN2ZyB3aWR0aD0iMSIgaGVpZ2h0PSIxIiB4bWxucz0iaHR0cDovL3d3dy53My5vcmcvMjAwMC9zdmciPjwvc3ZnPg==\" style=\"--smush-placeholder-width: 1024px; --smush-placeholder-aspect-ratio: 1024\/686;\" \/><figcaption>Fot. Hufiec ZHP K\u0142obuck<\/figcaption><\/figure>\n\n\n\n<p>&#8211; W dniach 30-31 stycznia na Rynku Jana Paw\u0142a II wystartuje Gra Miejska \u201e\u015awiat Ciszy\u201d. Bior\u0105c udzia\u0142 w tej grze, mo\u017cna si\u0119 dowiedzie\u0107 nowych rzeczy o \u015bwiece os\u00f3b G\u0142uchych. Gra jest indywidualna- start o godzinie kt\u00f3rej si\u0119 chce i z kim chce. Potrzebne b\u0119d\u0105 tylko zainstalowane w telefonie skanery czytnik\u00f3w QR oraz dost\u0119p do Internetu.<\/p>\n\n\n\n<p>&#8211; Na Allegro dost\u0119pne s\u0105 <a href=\"https:\/\/allegro.pl\/uzytkownik\/Client%3A50850191?fbclid=IwAR0DjKAcVC9Uz0gD9N-UrJLPXKyLw9NwJXayJzUE6KXO_sJJ6cpbMeCEEuY&amp;bmatch=cl-dict210105-ctx-uni-1-4-0112\" target=\"_blank\" rel=\"noopener\">AUKCJE<\/a>. Mo\u017cna tutaj wylicytowa\u0107 np. przelot wiatrakowcem nad K\u0142obuckiem i okolicami, przeja\u017cd\u017ck\u0119 motocyklem z Klubem SKL Dragon, sesj\u0119 zdj\u0119ciow\u0105, weekend na o\u015brodku Harcerskim Zawady w Popowie i wiele, wiele innych rzeczy.<\/p>\n\n\n\n<p>&#8211; Na Internecie dost\u0119pna jest tak\u017ce <a href=\"https:\/\/eskarbonka.wosp.org.pl\/t557qd?fbclid=IwAR0uA3XVSJmg-AAcN23Y_tS81AmfoBdS2ecSGY8urznTEA6LjbVPVH_apFU\" target=\"_blank\" rel=\"noopener\">k\u0142obucka ESKARBONKA<\/a>, na kt\u00f3r\u0105 mo\u017cna wp\u0142aca\u0107 pieni\u0105dze.<\/p>\n\n\n\n<p>&#8211; Dodatkowo na Rynku Jana Paw\u0142a II pojawi si\u0119 \u015bcianka zdj\u0119ciowa oraz b\u0119dzie dost\u0119pny ciep\u0142y posi\u0142ek z kuchni polowej od Klubu Motocyklowego SKL Dragon.<\/p>\n\n\n\n<p>&#8211; Po mie\u015bcie K\u0142obuck b\u0119d\u0105 przemieszcza\u0107 si\u0119 wolontariusze z puszkami.<\/p>\n\n\n\n<p>2. <strong>Lubliniec:<\/strong><\/p>\n\n\n\n<p>Tradycyjnie w Lubli\u0144cu sztab WO\u015aP znajduje si\u0119 w Miejskim Domu Kultury, kt\u00f3ry w niedziel\u0119 b\u0119dzie czynny od godziny 10:00 do 18:00. W tym czasie mo\u017cna przyj\u015b\u0107 do MDK \u2013 do Galerii pod Glinianym Anio\u0142em i zostawi\u0107 datki w puszce lub je\u015bli kto\u015b woli p\u0142atno\u015bci kart\u0105, mo\u017cna skorzysta\u0107 z terminala.<\/p>\n\n\n\n<figure class=\"wp-block-image size-large is-resized\"><img decoding=\"async\" data-src=\"https:\/\/gazetaregionalna.com\/wp-content\/uploads\/2021\/01\/WOSP-2020_fot.-Daniel-Dmitriew.jpg\" alt=\"\" class=\"wp-image-32632 lazyload\" width=\"696\" height=\"463\" data-srcset=\"https:\/\/gazetaregionalna.com\/wp-content\/uploads\/2021\/01\/WOSP-2020_fot.-Daniel-Dmitriew.jpg 1024w, https:\/\/gazetaregionalna.com\/wp-content\/uploads\/2021\/01\/WOSP-2020_fot.-Daniel-Dmitriew-300x200.jpg 300w, https:\/\/gazetaregionalna.com\/wp-content\/uploads\/2021\/01\/WOSP-2020_fot.-Daniel-Dmitriew-768x512.jpg 768w, https:\/\/gazetaregionalna.com\/wp-content\/uploads\/2021\/01\/WOSP-2020_fot.-Daniel-Dmitriew-696x464.jpg 696w, https:\/\/gazetaregionalna.com\/wp-content\/uploads\/2021\/01\/WOSP-2020_fot.-Daniel-Dmitriew-631x420.jpg 631w\" data-sizes=\"(max-width: 696px) 100vw, 696px\" src=\"data:image\/svg+xml;base64,PHN2ZyB3aWR0aD0iMSIgaGVpZ2h0PSIxIiB4bWxucz0iaHR0cDovL3d3dy53My5vcmcvMjAwMC9zdmciPjwvc3ZnPg==\" style=\"--smush-placeholder-width: 696px; --smush-placeholder-aspect-ratio: 696\/463;\" \/><figcaption>Fot. MDK w Lubli\u0144cu<\/figcaption><\/figure>\n\n\n\n<p>&#8211; Na ulicach Lubli\u0144ca pojawi\u0105 si\u0119 wolontariusze z puszkami, a b\u0119d\u0105 to m.in. harcerze oraz pracownicy MDK.<\/p>\n\n\n\n<p>&#8211; Na stronie <a href=\"https:\/\/www.facebook.com\/LubliniecWOSP\" target=\"_blank\" rel=\"noopener\">SZTABU<\/a> realizowane b\u0119d\u0105 po\u0142\u0105czenia LIVE, a o swoich dzia\u0142\u0105niach opowiedz\u0105 wolontariusze znajduj\u0105cy si\u0119 w r\u00f3\u017cnych miejscach Lubli\u0144ca. B\u0119dzie mo\u017cna te\u017c zobaczy\u0107 miejsce, w kt\u00f3rym liczone b\u0119d\u0105 pieni\u0105dze z puszek.<\/p>\n\n\n\n<p>&#8211; Na Allegro dost\u0119pne s\u0105 <a href=\"https:\/\/allegro.pl\/charytatywni\/wielka-orkiestra-swiatecznej-pomocy\/cele\/29-finalu-wosp-final-z-glowa?string=lubliniec\" target=\"_blank\" rel=\"noopener\">AUKCJE<\/a>. W tym roku mo\u017cna zgarn\u0105\u0107 m.in. czerwone okulary a\u2019la Jurek Owsiak, kalendarze, worki, koszulki, \u015bpioszki dla dzieci, zegary, skarpety, ramki do rejestracji, p\u0142yty, poduszki, kubki termiczne i wiele innych ciekawych rzeczy.<\/p>\n\n\n\n<p>&#8211; Na Internecie ca\u0142y czas dzia\u0142a tak\u017ce <a href=\"https:\/\/eskarbonka.wosp.org.pl\/q8q3xz?fbclid=IwAR1ZZZHTFhf73f6a2JodrEocCD7QS3K-3--SKKecDiWdZse8MQdPxCde9SM\" target=\"_blank\" rel=\"noopener\">lubliniecka ESKARBONKA<\/a>. Za jej pomoc\u0105 mo\u017cna przekaza\u0107 pieni\u0105dze bez wychodzenia z domu.<\/p>\n\n\n\n<figure class=\"wp-block-image size-large is-resized\"><img decoding=\"async\" data-src=\"https:\/\/gazetaregionalna.com\/wp-content\/uploads\/2021\/01\/WOSP-2020_gadzety-do-zlicytowania_fot.-MDK-Lubliniec-2-1024x768.jpg\" alt=\"\" class=\"wp-image-32634 lazyload\" width=\"696\" height=\"522\" data-srcset=\"https:\/\/gazetaregionalna.com\/wp-content\/uploads\/2021\/01\/WOSP-2020_gadzety-do-zlicytowania_fot.-MDK-Lubliniec-2-1024x768.jpg 1024w, https:\/\/gazetaregionalna.com\/wp-content\/uploads\/2021\/01\/WOSP-2020_gadzety-do-zlicytowania_fot.-MDK-Lubliniec-2-300x225.jpg 300w, https:\/\/gazetaregionalna.com\/wp-content\/uploads\/2021\/01\/WOSP-2020_gadzety-do-zlicytowania_fot.-MDK-Lubliniec-2-768x576.jpg 768w, https:\/\/gazetaregionalna.com\/wp-content\/uploads\/2021\/01\/WOSP-2020_gadzety-do-zlicytowania_fot.-MDK-Lubliniec-2-1536x1152.jpg 1536w, https:\/\/gazetaregionalna.com\/wp-content\/uploads\/2021\/01\/WOSP-2020_gadzety-do-zlicytowania_fot.-MDK-Lubliniec-2-696x522.jpg 696w, https:\/\/gazetaregionalna.com\/wp-content\/uploads\/2021\/01\/WOSP-2020_gadzety-do-zlicytowania_fot.-MDK-Lubliniec-2-1068x801.jpg 1068w, https:\/\/gazetaregionalna.com\/wp-content\/uploads\/2021\/01\/WOSP-2020_gadzety-do-zlicytowania_fot.-MDK-Lubliniec-2-1920x1440.jpg 1920w, https:\/\/gazetaregionalna.com\/wp-content\/uploads\/2021\/01\/WOSP-2020_gadzety-do-zlicytowania_fot.-MDK-Lubliniec-2-560x420.jpg 560w, https:\/\/gazetaregionalna.com\/wp-content\/uploads\/2021\/01\/WOSP-2020_gadzety-do-zlicytowania_fot.-MDK-Lubliniec-2-80x60.jpg 80w, https:\/\/gazetaregionalna.com\/wp-content\/uploads\/2021\/01\/WOSP-2020_gadzety-do-zlicytowania_fot.-MDK-Lubliniec-2-265x198.jpg 265w, https:\/\/gazetaregionalna.com\/wp-content\/uploads\/2021\/01\/WOSP-2020_gadzety-do-zlicytowania_fot.-MDK-Lubliniec-2.jpg 1200w\" data-sizes=\"(max-width: 696px) 100vw, 696px\" src=\"data:image\/svg+xml;base64,PHN2ZyB3aWR0aD0iMSIgaGVpZ2h0PSIxIiB4bWxucz0iaHR0cDovL3d3dy53My5vcmcvMjAwMC9zdmciPjwvc3ZnPg==\" style=\"--smush-placeholder-width: 696px; --smush-placeholder-aspect-ratio: 696\/522;\" \/><figcaption>Fot. MDK w Lubli\u0144cu<\/figcaption><\/figure>\n\n\n\n<p>3. <strong>Myszk\u00f3w:<\/strong><\/p>\n\n\n\n<p>Specjalnie powo\u0142any <a class=\"rank-math-link\" href=\"https:\/\/www.facebook.com\/WO\u015aP-Myszk\u00f3w-179874002039637\/\" target=\"_blank\" rel=\"noopener\">Sztab WO\u015aP w Myszkowie<\/a> i <a href=\"https:\/\/www.facebook.com\/sztabwospzarki\" target=\"_blank\" rel=\"noopener\">\u017barkach<\/a> b\u0119dzie w tym roku realizowa\u0107 29. Fina\u0142 pomocy dzieciom z problemami zdrowotnymi g\u0142owy.<\/p>\n\n\n\n<figure class=\"wp-block-image size-large\"><img decoding=\"async\" width=\"960\" height=\"720\" data-src=\"https:\/\/gazetaregionalna.com\/wp-content\/uploads\/2021\/01\/WOSP-MYSZKOW.jpg\" alt=\"\" class=\"wp-image-32641 lazyload\" data-srcset=\"https:\/\/gazetaregionalna.com\/wp-content\/uploads\/2021\/01\/WOSP-MYSZKOW.jpg 960w, https:\/\/gazetaregionalna.com\/wp-content\/uploads\/2021\/01\/WOSP-MYSZKOW-300x225.jpg 300w, https:\/\/gazetaregionalna.com\/wp-content\/uploads\/2021\/01\/WOSP-MYSZKOW-768x576.jpg 768w, https:\/\/gazetaregionalna.com\/wp-content\/uploads\/2021\/01\/WOSP-MYSZKOW-696x522.jpg 696w, https:\/\/gazetaregionalna.com\/wp-content\/uploads\/2021\/01\/WOSP-MYSZKOW-560x420.jpg 560w, https:\/\/gazetaregionalna.com\/wp-content\/uploads\/2021\/01\/WOSP-MYSZKOW-80x60.jpg 80w, https:\/\/gazetaregionalna.com\/wp-content\/uploads\/2021\/01\/WOSP-MYSZKOW-265x198.jpg 265w\" data-sizes=\"(max-width: 960px) 100vw, 960px\" src=\"data:image\/svg+xml;base64,PHN2ZyB3aWR0aD0iMSIgaGVpZ2h0PSIxIiB4bWxucz0iaHR0cDovL3d3dy53My5vcmcvMjAwMC9zdmciPjwvc3ZnPg==\" style=\"--smush-placeholder-width: 960px; --smush-placeholder-aspect-ratio: 960\/720;\" \/><figcaption>Fot. MDK w Myszkowie<\/figcaption><\/figure>\n\n\n\n<p>&#8211; Na ulicach miast tradycyjnie b\u0119d\u0105 przemieszcza\u0107 si\u0119 wolontariusze ze specjalnymi puszkami, zbieraj\u0105cy datki na zakup sprz\u0119tu dla Oddzia\u0142\u00f3w Laryngologii, Otolaryngologii i diagnostyki g\u0142owy.<\/p>\n\n\n\n<p>&#8211; Na Internecie prowadzona jest <a href=\"https:\/\/eskarbonka.wosp.org.pl\/bkdt3r?fbclid=IwAR1MK_-xJQ6aCpNhc36ilLBttlVPb7KuXKPzPk-MT2oOGaeP9wqeYMTTJD4\" target=\"_blank\" rel=\"noopener\">myszkowska ESKARBONKA<\/a>, na kt\u00f3r\u0105 mieszka\u0144cy miasta mog\u0105 wp\u0142aca\u0107 pieni\u0105dze bez wychodzenia z domu.<\/p>\n\n\n\n<p>&#8211; Dodatkowo na Allegro mo\u017cna wylicytowa\u0107 obrazy namalowane przez myszkowianina Tomasza Knoffa, gad\u017cety WO\u015aP-owe, vouchery czy koszulki. Aukcje mo\u017cna znale\u017a\u0107 na specjalnie stworzonej <a href=\"https:\/\/www.facebook.com\/groups\/1101403590280801\/\" target=\"_blank\" rel=\"noopener\">grupie na Facebooku<\/a>.<\/p>\n\n\n\n<p>&#8211; Ze wzgl\u0119du na pandemi\u0119 i zwi\u0105zane z ni\u0105 obostrzenia w tym roku odb\u0119dzie si\u0119 tylko turniej pi\u0142ki no\u017cnej dla dzieci reprezentuj\u0105cych kluby pi\u0142karskie zrzeszone w PZPN. Myszkowski Klub Sportowy w Myszkowie organizuje turniej w sobot\u0119 30.01.2021 roku na hali Liceum Og\u00f3lnokszta\u0142c\u0105cego. Turniej niestety odb\u0119dzie si\u0119 bez publiczno\u015bci, ale jego przebieg b\u0119dzie realizowany online na stronie sztabu.<\/p>\n\n\n\n<p>&#8211; Do pomocy dzieciakom przy\u0142\u0105czyli si\u0119 tak\u017ce myszkowskie MORSY. W niedziel\u0119 o godzinie 13:00 podczas morsowania przy stawie nr 5 przy ul. &nbsp;Zamenhoffa b\u0119d\u0105 zbierane \u015brodki na rzecz fina\u0142u.<\/p>\n\n\n\n<p>&#8211; W sobot\u0119 30 stycznia Ekipa Jurajska 4&#215;4 zaprasza na \u201eJurajsk\u0105 Integracj\u0119 Terenow\u0105\u201d na rzecz Sztabu WO\u015aP w Myszkowie. Start z Jura Park Biskupice ko\u0142o Olsztyna Jurajskiego. Zbi\u00f3rka od godziny 7:00 \u2013 8:00. Wi\u0119cej informacji na stronie <a href=\"https:\/\/www.facebook.com\/events\/262915188590234\/\" target=\"_blank\" rel=\"noopener\">Ekipa Jurajska 4&#215;4<\/a>.<\/p>\n\n\n\n<p>&#8211; Na placu dworcowym od godziny 16:00 b\u0119dzie mo\u017cna zje\u015b\u0107 \u201ena wynos\u201d groch\u00f3wki i \u017curku specjalnie przygotowanego przez <a href=\"https:\/\/www.facebook.com\/MKM1948\/\" target=\"_blank\" rel=\"noopener\">Myszkowski Klub Motocyklowy<\/a>.<\/p>\n\n\n\n<p>&#8211; Tak\u017ce biegacze, kt\u00f3rzy w ka\u017cd\u0105 niedziele wsp\u00f3lnie uprawiaj\u0105 sport, chc\u0105 przekaza\u0107 datki na rzecz Fina\u0142u. Wsp\u00f3lny trening ma odby\u0107 si\u0119 w niedziele o godzinie 11.00. <a href=\"https:\/\/www.facebook.com\/events\/757557191556976\/\" target=\"_blank\" rel=\"noopener\">Start na Dotyku Jury<\/a>.<\/p>\n\n\n\n<p>&#8211; Myszkowskim MDK w tym roku zamiast koncertu z udzia\u0142em publiczno\u015bci przygotowa\u0142 klika fajnych kawa\u0142k\u00f3w, dobrej muzyki, kt\u00f3r\u0105 b\u0119dzie prezentowana w sieci oraz na telebimie na placu dworcowym w Myszkowie.<\/p>\n\n\n\n<p>4. <strong>Radomsko:<\/strong><\/p>\n\n\n\n<p>W Radomsku przygotowaniami do niedzielnego fina\u0142y WO\u015aP zaj\u0105\u0142 si\u0119 Miejskim Domu Kultury. Moc atrakcji, jakie zosta\u0142y przygotowane, b\u0119dzie mo\u017cna \u015bledzi\u0107 na stronie online na <a href=\"https:\/\/www.facebook.com\/Miejski-Dom-Kultury-w-Radomsku-298864426957359\" target=\"_blank\" rel=\"noopener\">facebookowym profilu MDK<\/a> oraz na stronie &nbsp;<a href=\"http:\/\/www.kulturamaglos.pl\/\" target=\"_blank\" rel=\"noopener\">http:\/\/www.kulturamaglos.pl<\/a> i <a href=\"http:\/\/www.mdkradomsko.pl\" target=\"_blank\" rel=\"noopener\">www.mdkradomsko.pl<\/a>.<\/p>\n\n\n\n<figure class=\"wp-block-image size-large is-resized\"><img decoding=\"async\" data-src=\"https:\/\/gazetaregionalna.com\/wp-content\/uploads\/2021\/01\/wosp-radomsko-1024x684.jpg\" alt=\"\" class=\"wp-image-32636 lazyload\" width=\"696\" height=\"464\" data-srcset=\"https:\/\/gazetaregionalna.com\/wp-content\/uploads\/2021\/01\/wosp-radomsko-1024x684.jpg 1024w, https:\/\/gazetaregionalna.com\/wp-content\/uploads\/2021\/01\/wosp-radomsko-300x201.jpg 300w, https:\/\/gazetaregionalna.com\/wp-content\/uploads\/2021\/01\/wosp-radomsko-768x513.jpg 768w, https:\/\/gazetaregionalna.com\/wp-content\/uploads\/2021\/01\/wosp-radomsko-1536x1027.jpg 1536w, https:\/\/gazetaregionalna.com\/wp-content\/uploads\/2021\/01\/wosp-radomsko-696x465.jpg 696w, https:\/\/gazetaregionalna.com\/wp-content\/uploads\/2021\/01\/wosp-radomsko-1068x714.jpg 1068w, https:\/\/gazetaregionalna.com\/wp-content\/uploads\/2021\/01\/wosp-radomsko-628x420.jpg 628w\" data-sizes=\"(max-width: 696px) 100vw, 696px\" src=\"data:image\/svg+xml;base64,PHN2ZyB3aWR0aD0iMSIgaGVpZ2h0PSIxIiB4bWxucz0iaHR0cDovL3d3dy53My5vcmcvMjAwMC9zdmciPjwvc3ZnPg==\" style=\"--smush-placeholder-width: 696px; --smush-placeholder-aspect-ratio: 696\/464;\" \/><figcaption>Fot. MDK w Radomsku<\/figcaption><\/figure>\n\n\n\n<p>&#8211; W\u015br\u00f3d atrakcji m.in. trening i wywiad z Mundkiem z \u201eLove Island\u201d oraz orkiestrowe granie z Morsami.<\/p>\n\n\n\n<p>&#8211; R\u00f3wnie\u017c w Radomsku na rzecz Wielkiej Orkiestry \u015awi\u0105tecznej Pomocy powsta\u0142a <a href=\"https:\/\/eskarbonka.wosp.org.pl\/h6bpbt\" target=\"_blank\" rel=\"noopener\">ESKARBONKA<\/a>, na kt\u00f3r\u0105 mieszka\u0144cy mog\u0105 wp\u0142aca\u0107 pieni\u0105dze.<\/p>\n\n\n\n<p>&#8211; Szczeg\u00f3\u0142owy program Fina\u0142u WO\u015aP 2021 w Radomsku:<\/p>\n\n\n\n<p><strong>Online<br><\/strong>godz. 8:30 \u2013 Puszka czas start;<br>godz. 9:00 \u2013 Pami\u0119taj o bezpiecze\u0144stwie \u2013 porady dla wolontariuszy;<br>godz. 9:30 \u2013 Oddaj krew \u2013 Ratuj \u017cycie (w godz. 9:30-12:30 otwarty b\u0119dzie Punkt Pobra\u0144 na terenie Szpitala Powiatowego w Radomsku;<br>godz. 10:00 \u2013&nbsp;Morsowa Puszka \u2013 Stowarzyszenie Morsy z Radomska;<br>godz. 10:30 \u2013 Gliniane Serducha \u2013 poranek plastyczny;<br>godz. 11:00 \u2013 Zasady Pierwszej Pomocy &#8211;&nbsp;OSP Bogwidzowy;<br>godz. 12:00 \u2013 sztafeta \u201ePolicz si\u0119 z cukrzyc\u0105\u201d &#8211; KBKS Radomsko;<br>godz. 12:30 \u2013 Wolontariat Online<br>godz. 13:00 \u2013 Uwaga po\u017car! &#8211; OSP Bogwidzowy<br>godz. 14:00 \u2013&nbsp;Mundek zaprasza na trening<br>godz. 15:00 \u2013 Akcja ratownicza OSP Bogwidzowy<br>godz. 15:30 \u2013 Wolontariat Online<\/p>\n\n\n\n<p><strong>Online na \u017cywo<br><\/strong>godz. 16:00 \u2013 Gramy z Rado\u015bci\u0105 podczas 29. Fina\u0142u Wielkiej Orkiestry \u015awi\u0105tecznej Pomocy \u2013 spotkamy si\u0119 m.in. z&nbsp;Akademi\u0105 Ta\u0144ca i Sportu Mass Team,&nbsp;Klubem Sportowym \u201e\u015awit Kamie\u0144sk\u201d,&nbsp;Monik\u0105 Bartnik,&nbsp;Micha\u0142em \u201eMundkiem\u201d Dryj\u0105,&nbsp;She Only Lies, OSP Bogwidzowy, Morsami z Radomska. Zagraj\u0105&nbsp;SKL Blues. \u015awiate\u0142ko do nieba &#8211;&nbsp;Dj Lewy.<\/p>\n","protected":false},"excerpt":{"rendered":"<p>W niedziel\u0119 31 stycznia 2021 roku odb\u0119dzie si\u0119 ju\u017c 29. Fina\u0142 WO\u015aP pod nazw\u0105 \u201eFina\u0142 z g\u0142ow\u0105\u201d. W ca\u0142ej Polsce wolontariusze b\u0119d\u0105 zbiera\u0107 datki<\/p>\n","protected":false},"author":12,"featured_media":26455,"comment_status":"open","ping_status":"open","sticky":false,"template":"","format":"standard","meta":{"_monsterinsights_skip_tracking":false,"_monsterinsights_sitenote_active":false,"_monsterinsights_sitenote_note":"","_monsterinsights_sitenote_category":0,"_uf_show_specific_survey":0,"_uf_disable_surveys":false,"footnotes":""},"categories":[12,27,25,26,94,28,2],"tags":[1167,1416,1417,1418,1419],"class_list":["post-32623","post","type-post","status-publish","format-standard","has-post-thumbnail","hentry","category-kultura-i-rozrywka","category-klobuck-informacje","category-lubliniec","category-myszkow","category-polecane","category-radomsko","category-wiadomosci","tag-29-final-wosp","tag-wosp-klobuck","tag-wosp-lubliniec","tag-wosp-myszkow","tag-wosp-radosmko"],"_links":{"self":[{"href":"https:\/\/gazetaregionalna.com\/index.php?rest_route=\/wp\/v2\/posts\/32623","targetHints":{"allow":["GET"]}}],"collection":[{"href":"https:\/\/gazetaregionalna.com\/index.php?rest_route=\/wp\/v2\/posts"}],"about":[{"href":"https:\/\/gazetaregionalna.com\/index.php?rest_route=\/wp\/v2\/types\/post"}],"author":[{"embeddable":true,"href":"https:\/\/gazetaregionalna.com\/index.php?rest_route=\/wp\/v2\/users\/12"}],"replies":[{"embeddable":true,"href":"https:\/\/gazetaregionalna.com\/index.php?rest_route=%2Fwp%2Fv2%2Fcomments&post=32623"}],"version-history":[{"count":3,"href":"https:\/\/gazetaregionalna.com\/index.php?rest_route=\/wp\/v2\/posts\/32623\/revisions"}],"predecessor-version":[{"id":32649,"href":"https:\/\/gazetaregionalna.com\/index.php?rest_route=\/wp\/v2\/posts\/32623\/revisions\/32649"}],"wp:featuredmedia":[{"embeddable":true,"href":"https:\/\/gazetaregionalna.com\/index.php?rest_route=\/wp\/v2\/media\/26455"}],"wp:attachment":[{"href":"https:\/\/gazetaregionalna.com\/index.php?rest_route=%2Fwp%2Fv2%2Fmedia&parent=32623"}],"wp:term":[{"taxonomy":"category","embeddable":true,"href":"https:\/\/gazetaregionalna.com\/index.php?rest_route=%2Fwp%2Fv2%2Fcategories&post=32623"},{"taxonomy":"post_tag","embeddable":true,"href":"https:\/\/gazetaregionalna.com\/index.php?rest_route=%2Fwp%2Fv2%2Ftags&post=32623"}],"curies":[{"name":"wp","href":"https:\/\/api.w.org\/{rel}","templated":true}]}}