{"id":32562,"date":"2021-01-30T08:24:00","date_gmt":"2021-01-30T08:24:00","guid":{"rendered":"https:\/\/gazetaregionalna.com\/?p=32562"},"modified":"2021-01-29T08:27:27","modified_gmt":"2021-01-29T08:27:27","slug":"dobry-kominek-to-nie-tylko-dekoracja-ale-przede-wszystkim-cieplo","status":"publish","type":"post","link":"https:\/\/gazetaregionalna.com\/?p=32562","title":{"rendered":"Dobry kominek to nie tylko dekoracja, ale przede wszystkim ciep\u0142o"},"content":{"rendered":"\n<h2 class=\"wp-block-heading\">Ostanie, styczniowe mrozy pokaza\u0142y, jak dobrze mie\u0107 w\u0142asne, niezawodne \u017ar\u00f3d\u0142o ciep\u0142a, niezale\u017cne od psuj\u0105cej si\u0119 cz\u0119sto niestety magistrali ciep\u0142owniczej. Takie poczucie bezpiecze\u0144stwa daj\u0105 z pewno\u015bci\u0105 kominki.<\/h2>\n\n\n\n<figure class=\"wp-block-gallery columns-2 is-cropped wp-block-gallery-1 is-layout-flex wp-block-gallery-is-layout-flex\"><ul class=\"blocks-gallery-grid\"><li class=\"blocks-gallery-item\"><figure><img decoding=\"async\" width=\"300\" height=\"150\" data-src=\"https:\/\/gazetaregionalna.com\/wp-content\/uploads\/2021\/01\/kominki1-300x150.jpg\" alt=\"\" data-id=\"32565\" data-full-url=\"https:\/\/gazetaregionalna.com\/wp-content\/uploads\/2021\/01\/kominki1.jpg\" data-link=\"https:\/\/gazetaregionalna.com\/?attachment_id=32565\" class=\"wp-image-32565 lazyload\" data-srcset=\"https:\/\/gazetaregionalna.com\/wp-content\/uploads\/2021\/01\/kominki1-300x150.jpg 300w, https:\/\/gazetaregionalna.com\/wp-content\/uploads\/2021\/01\/kominki1-768x384.jpg 768w, https:\/\/gazetaregionalna.com\/wp-content\/uploads\/2021\/01\/kominki1-696x348.jpg 696w, https:\/\/gazetaregionalna.com\/wp-content\/uploads\/2021\/01\/kominki1.jpg 800w\" data-sizes=\"(max-width: 300px) 100vw, 300px\" src=\"data:image\/svg+xml;base64,PHN2ZyB3aWR0aD0iMSIgaGVpZ2h0PSIxIiB4bWxucz0iaHR0cDovL3d3dy53My5vcmcvMjAwMC9zdmciPjwvc3ZnPg==\" style=\"--smush-placeholder-width: 300px; --smush-placeholder-aspect-ratio: 300\/150;\" \/><\/figure><\/li><li class=\"blocks-gallery-item\"><figure><img decoding=\"async\" width=\"300\" height=\"150\" data-src=\"https:\/\/gazetaregionalna.com\/wp-content\/uploads\/2021\/01\/kominki2-300x150.jpg\" alt=\"\" data-id=\"32566\" data-full-url=\"https:\/\/gazetaregionalna.com\/wp-content\/uploads\/2021\/01\/kominki2.jpg\" data-link=\"https:\/\/gazetaregionalna.com\/?attachment_id=32566\" class=\"wp-image-32566 lazyload\" data-srcset=\"https:\/\/gazetaregionalna.com\/wp-content\/uploads\/2021\/01\/kominki2-300x150.jpg 300w, https:\/\/gazetaregionalna.com\/wp-content\/uploads\/2021\/01\/kominki2-768x384.jpg 768w, https:\/\/gazetaregionalna.com\/wp-content\/uploads\/2021\/01\/kominki2-696x348.jpg 696w, https:\/\/gazetaregionalna.com\/wp-content\/uploads\/2021\/01\/kominki2.jpg 800w\" data-sizes=\"(max-width: 300px) 100vw, 300px\" src=\"data:image\/svg+xml;base64,PHN2ZyB3aWR0aD0iMSIgaGVpZ2h0PSIxIiB4bWxucz0iaHR0cDovL3d3dy53My5vcmcvMjAwMC9zdmciPjwvc3ZnPg==\" style=\"--smush-placeholder-width: 300px; --smush-placeholder-aspect-ratio: 300\/150;\" \/><\/figure><\/li><li class=\"blocks-gallery-item\"><figure><img decoding=\"async\" width=\"300\" height=\"150\" data-src=\"https:\/\/gazetaregionalna.com\/wp-content\/uploads\/2021\/01\/kominki3-300x150.jpg\" alt=\"\" data-id=\"32567\" data-full-url=\"https:\/\/gazetaregionalna.com\/wp-content\/uploads\/2021\/01\/kominki3.jpg\" data-link=\"https:\/\/gazetaregionalna.com\/?attachment_id=32567\" class=\"wp-image-32567 lazyload\" data-srcset=\"https:\/\/gazetaregionalna.com\/wp-content\/uploads\/2021\/01\/kominki3-300x150.jpg 300w, https:\/\/gazetaregionalna.com\/wp-content\/uploads\/2021\/01\/kominki3-768x384.jpg 768w, https:\/\/gazetaregionalna.com\/wp-content\/uploads\/2021\/01\/kominki3-696x348.jpg 696w, https:\/\/gazetaregionalna.com\/wp-content\/uploads\/2021\/01\/kominki3.jpg 800w\" data-sizes=\"(max-width: 300px) 100vw, 300px\" src=\"data:image\/svg+xml;base64,PHN2ZyB3aWR0aD0iMSIgaGVpZ2h0PSIxIiB4bWxucz0iaHR0cDovL3d3dy53My5vcmcvMjAwMC9zdmciPjwvc3ZnPg==\" style=\"--smush-placeholder-width: 300px; --smush-placeholder-aspect-ratio: 300\/150;\" \/><\/figure><\/li><li class=\"blocks-gallery-item\"><figure><img decoding=\"async\" width=\"300\" height=\"150\" data-src=\"https:\/\/gazetaregionalna.com\/wp-content\/uploads\/2021\/01\/kominki4-300x150.jpg\" alt=\"\" data-id=\"32568\" data-full-url=\"https:\/\/gazetaregionalna.com\/wp-content\/uploads\/2021\/01\/kominki4.jpg\" data-link=\"https:\/\/gazetaregionalna.com\/?attachment_id=32568\" class=\"wp-image-32568 lazyload\" data-srcset=\"https:\/\/gazetaregionalna.com\/wp-content\/uploads\/2021\/01\/kominki4-300x150.jpg 300w, https:\/\/gazetaregionalna.com\/wp-content\/uploads\/2021\/01\/kominki4-768x384.jpg 768w, https:\/\/gazetaregionalna.com\/wp-content\/uploads\/2021\/01\/kominki4-696x348.jpg 696w, https:\/\/gazetaregionalna.com\/wp-content\/uploads\/2021\/01\/kominki4.jpg 800w\" data-sizes=\"(max-width: 300px) 100vw, 300px\" src=\"data:image\/svg+xml;base64,PHN2ZyB3aWR0aD0iMSIgaGVpZ2h0PSIxIiB4bWxucz0iaHR0cDovL3d3dy53My5vcmcvMjAwMC9zdmciPjwvc3ZnPg==\" style=\"--smush-placeholder-width: 300px; --smush-placeholder-aspect-ratio: 300\/150;\" \/><\/figure><\/li><\/ul><\/figure>\n\n\n\n<p>Chocia\u017c moda dotycz\u0105ca wystroju wn\u0119trz stale si\u0119 zmienia, a pomys\u0142y architekt\u00f3w s\u0105 cz\u0119sto bardzo \u015bmia\u0142e i zaskakuj\u0105ce, pozycja komink\u00f3w wydaje si\u0119 niezagro\u017cona. Nawet w najbardziej nowoczesnych wn\u0119trzach ci\u0105gle znajduj\u0105 one swoje zastosowanie.<br>Aby dobrze wygl\u0105da\u0142y w naszym domu, ale przede wszystkim prawid\u0142owo spe\u0142nia\u0142y swoje funkcje grzewcze, trzeba je odpowiednio dopasowa\u0107. Warto wybiera\u0107 produkty godnego zaufania producenta, wtedy kominek spe\u0142ni wszystkie nasze oczekiwania.<br><br>&#8211; <em>Je\u015bli wybierzemy urz\u0105dzenie sprawdzonej firmy, b\u0119dziemy si\u0119 cieszy\u0107 nastrojem i ciep\u0142em w domu przez d\u0142ugie lata<\/em> \u2013 przekonuje \u0141ukasz Knysak z firmy Kominki Cz\u0119stochowy.<br><br>Wed\u0142ug niego tak\u0105 w\u0142a\u015bnie gwarancj\u0119 daj\u0105 produkty Defro. Firma ta od ponad 20 lat specjalizuje si\u0119 w produkcji urz\u0105dze\u0144 grzewczych \u2013 wk\u0142ad\u00f3w kominkowych oraz komink\u00f3w wolnostoj\u0105cych. Defro od lat jest liderem w tej bran\u017cy w Polsce i jednym z najwi\u0119kszych producent\u00f3w w Europie.<br><br>&#8211; <em>To marka, kt\u00f3ra gwarantuje nie tylko najwy\u017csz\u0105 jako\u015b\u0107, ale tak\u017ce oryginalne podej\u015bcie do tematu <\/em>\u2013 opowiada \u0141ukasz Knysak. &#8211; <em>Posiada w\u0142asne biuro konstrukcyjne, kt\u00f3re umo\u017cliwia kompleksow\u0105 realizacj\u0119 projektu, pocz\u0105wszy od opracowania koncepcji wyrobu a\u017c po produkcj\u0119 wieloseryjn\u0105. Wszystkie urz\u0105dzenia s\u0105 wytwarzane od pocz\u0105tku do ko\u0144ca w jednym miejscu, co zapewnia wysok\u0105 jako\u015b\u0107 oferowanych produkt\u00f3w. Kominki tej firmy s\u0105 nie tylko niezawodne, ale tak\u017ce spe\u0142niaj\u0105 najwy\u017csz\u0105 jako\u015b\u0107 i klas\u0119 bezpiecze\u0144stwa. Ich design zaspokoi nawet najbardziej wybredne gusta. Doskonale sprawdz\u0105 si\u0119 one jako \u017ar\u00f3d\u0142o ciep\u0142a, ale tak\u017ce pi\u0119kne elementy wyposa\u017cenia wn\u0119trza<\/em> &#8211; dodaje.<br><br>W bogatej ofercie Defro znale\u017a\u0107 mo\u017cna: wk\u0142ady kominkowe powietrzne, wk\u0142ady kominkowe wodne, a tak\u017ce piecyki wolnostoj\u0105ce oraz piecyki na\u00a0pellet. Te ostatnie, to ekologiczne i wygodne rozwi\u0105zanie, je\u015bli szukamy sprawdzonego \u017ar\u00f3d\u0142a ciep\u0142a w naszym domu. Piecyki te s\u0105 funkcjonalne, wydajne, a ich dodatkow\u0105 zalet\u0105 jest oszcz\u0119dno\u015b\u0107 czasu dla u\u017cytkownika oraz niewielki nak\u0142ad si\u0142 dzi\u0119ki wbudowanemu podajnikowi, oraz zastosowanemu sterownikowi.<\/p>\n\n\n\n<p>&#8211;<em>W przypadku wk\u0142ad\u00f3w kominkowych powietrznych mamy dla klient\u00f3w bogat\u0105 gam\u0119 zar\u00f3wno kszta\u0142t\u00f3w, jak i kolor\u00f3w <\/em>\u2013 opowiada przedstawiciel firmy Kominki Cz\u0119stochowy. &#8211; <em>Firma Defro daje mo\u017cliwo\u015b\u0107 indywidualnego doboru ramki ozdobnej, koloru klamki oraz ceramitonu. Ka\u017cdy wi\u0119c kominek b\u0119dzie dopasowany do gustu klienta i charakteru wn\u0119trz jego domu. Plusem tych wk\u0142ad\u00f3w jest z pewno\u015bci\u0105 r\u00f3wnie\u017c bezszelestny system otwierania i zamykania, co znacznie podnosi komfort u\u017cytkowania kominka.<\/em><br><br>Kto pragnie ogrza\u0107 przy pomocy kominka ca\u0142y dom, z pewno\u015bci\u0105 r\u00f3wnie\u017c znajdzie co\u015b dla siebie w\u015br\u00f3d wk\u0142ad\u00f3w kominkowych wodnych firmy Defro.<br><br>&#8211; <em>Wykorzystanie technologii p\u0142aszcza wodnego umo\u017cliwia po\u0142\u0105czenie go z innymi urz\u0105dzeniami odpowiadaj\u0105cymi za ogrzewanie domu, takich jak kocio\u0142, pompa ciep\u0142a czy system solarny <\/em>\u2013 informuje \u0141ukasz Knysak. &#8211; <em>Kominek z p\u0142aszczem wodnym to \u015bwietne rozwi\u0105zanie dla zwolennik\u00f3w palenia w oszcz\u0119dnej formie<\/em>.<br><br>Poniewa\u017c najprostsze rozwi\u0105zania nigdy nie wychodz\u0105 z mody, firma od lat ma w swojej ofercie najr\u00f3\u017cniejsze piecyki wolnostoj\u0105ce, tak zwane kozy.<br>Poza wspomnianymi ju\u017c wcze\u015bniej piecykami na pellet zak\u0142ad proponuje klasyczne piecyki opalane drewnem.<br>Dzi\u0119ki swoim niewielkim rozmiarom oraz braku konieczno\u015bci zabudowy, koza mo\u017ce by\u0107 zamontowana nawet w pomieszczeniach o ma\u0142ej kubaturze. To z pewno\u015bci\u0105 jej du\u017cy plus. Bogata oferta kolor\u00f3w i kszta\u0142t\u00f3w tego rodzaju piecyk\u00f3w daje tak\u017ce szerokie pole do popisu osobom o duszy artysty, kt\u00f3re chc\u0105 w niebanalny spos\u00f3b ozdobi\u0107 wn\u0119trze, nada\u0107 mu oryginalny charakter, a jednocze\u015bnie uzyska\u0107 dobre \u017ar\u00f3d\u0142o ciep\u0142a.<br>W procesie produkcji wa\u017cna s\u0105 dla firmy Defro nie tylko estetyka i funkcjonalno\u015b\u0107, ale tak\u017ce kwestie zwi\u0105zane z ekologi\u0105. W swoich urz\u0105dzeniach zak\u0142ad stosuje najnowsze rozwi\u0105zania technologiczne oraz u\u017cywa materia\u0142\u00f3w najwy\u017cszej jako\u015bci. Przek\u0142ada si\u0119 to na efektywno\u015b\u0107 spalania oraz co za tym idzie, nisk\u0105 emisj\u0119 CO2 do \u015brodowiska. Ju\u017c teraz wi\u0119kszo\u015b\u0107 komink\u00f3w i piec\u00f3w wyprodukowanych przez Defro spe\u0142nia wy\u015brubowane ekologiczne normy, kt\u00f3re b\u0119d\u0105 obowi\u0105zywa\u0142y w Polsce dopiero od 2022 roku.<\/p>\n\n\n\n<p>&#8211; <em><strong>Wszystkie produkty zak\u0142adu Defro s\u0105 dost\u0119pne w naszej firmie. Zapraszamy po szczeg\u00f3\u0142owe informacje: ul. \u015bw. Rocha\u00a0179a, tel. 608 747 379<\/strong><\/em> \u2013 zach\u0119ca \u0141ukasz Knysak. <\/p>\n\n\n\n<p><strong>Do ko\u0144ca lutego 10% rabatu na zakup kominka firmy Defro na has\u0142o \u201eGazeta Regionalna\u201d!!!<\/strong><\/p>\n\n\n\n<p>(Zdj\u0119cia Defrohome.pl)<\/p>\n","protected":false},"excerpt":{"rendered":"<p>Ostanie, styczniowe mrozy pokaza\u0142y, jak dobrze mie\u0107 w\u0142asne, niezawodne \u017ar\u00f3d\u0142o ciep\u0142a, niezale\u017cne od psuj\u0105cej si\u0119 cz\u0119sto niestety magistrali ciep\u0142owniczej. Takie poczucie bezpiecze\u0144stwa daj\u0105 z<\/p>\n","protected":false},"author":7,"featured_media":32565,"comment_status":"open","ping_status":"open","sticky":false,"template":"","format":"standard","meta":{"_monsterinsights_skip_tracking":false,"_monsterinsights_sitenote_active":false,"_monsterinsights_sitenote_note":"","_monsterinsights_sitenote_category":0,"_uf_show_specific_survey":0,"_uf_disable_surveys":false,"footnotes":""},"categories":[17,94,2],"tags":[],"class_list":["post-32562","post","type-post","status-publish","format-standard","has-post-thumbnail","hentry","category-dom","category-polecane","category-wiadomosci"],"_links":{"self":[{"href":"https:\/\/gazetaregionalna.com\/index.php?rest_route=\/wp\/v2\/posts\/32562","targetHints":{"allow":["GET"]}}],"collection":[{"href":"https:\/\/gazetaregionalna.com\/index.php?rest_route=\/wp\/v2\/posts"}],"about":[{"href":"https:\/\/gazetaregionalna.com\/index.php?rest_route=\/wp\/v2\/types\/post"}],"author":[{"embeddable":true,"href":"https:\/\/gazetaregionalna.com\/index.php?rest_route=\/wp\/v2\/users\/7"}],"replies":[{"embeddable":true,"href":"https:\/\/gazetaregionalna.com\/index.php?rest_route=%2Fwp%2Fv2%2Fcomments&post=32562"}],"version-history":[{"count":3,"href":"https:\/\/gazetaregionalna.com\/index.php?rest_route=\/wp\/v2\/posts\/32562\/revisions"}],"predecessor-version":[{"id":32569,"href":"https:\/\/gazetaregionalna.com\/index.php?rest_route=\/wp\/v2\/posts\/32562\/revisions\/32569"}],"wp:featuredmedia":[{"embeddable":true,"href":"https:\/\/gazetaregionalna.com\/index.php?rest_route=\/wp\/v2\/media\/32565"}],"wp:attachment":[{"href":"https:\/\/gazetaregionalna.com\/index.php?rest_route=%2Fwp%2Fv2%2Fmedia&parent=32562"}],"wp:term":[{"taxonomy":"category","embeddable":true,"href":"https:\/\/gazetaregionalna.com\/index.php?rest_route=%2Fwp%2Fv2%2Fcategories&post=32562"},{"taxonomy":"post_tag","embeddable":true,"href":"https:\/\/gazetaregionalna.com\/index.php?rest_route=%2Fwp%2Fv2%2Ftags&post=32562"}],"curies":[{"name":"wp","href":"https:\/\/api.w.org\/{rel}","templated":true}]}}