{"id":32555,"date":"2021-01-29T08:17:34","date_gmt":"2021-01-29T08:17:34","guid":{"rendered":"https:\/\/gazetaregionalna.com\/?p=32555"},"modified":"2021-01-29T08:18:35","modified_gmt":"2021-01-29T08:18:35","slug":"daleko-zajedziesz-tylko-z-dobrym-akumulatorem","status":"publish","type":"post","link":"https:\/\/gazetaregionalna.com\/?p=32555","title":{"rendered":"Daleko zajedziesz tylko z dobrym akumulatorem"},"content":{"rendered":"\n<h2 class=\"wp-block-heading\">Gdy nagle przychodzi mr\u00f3z i temperatura spada, co w naszym klimacie w styczniu nie powinno by\u0107 \u017cadnym zaskoczeniem, okazuje si\u0119, \u017ce nie ka\u017cdy samochod\u00f3w od razu odpala i jest gotowy do jazdy. Dlaczego tak si\u0119 dzieje? Odpowied\u017a jest prosta, nie ka\u017cdy zawczasu zadba\u0142 o akumulator w swoim aucie.<\/h2>\n\n\n\n<figure class=\"wp-block-gallery columns-2 is-cropped wp-block-gallery-1 is-layout-flex wp-block-gallery-is-layout-flex\"><ul class=\"blocks-gallery-grid\"><li class=\"blocks-gallery-item\"><figure><img decoding=\"async\" width=\"1024\" height=\"484\" data-src=\"https:\/\/gazetaregionalna.com\/wp-content\/uploads\/2021\/01\/akumulatory1-1024x484.png\" alt=\"\" data-id=\"32557\" data-full-url=\"https:\/\/gazetaregionalna.com\/wp-content\/uploads\/2021\/01\/akumulatory1.png\" data-link=\"https:\/\/gazetaregionalna.com\/?attachment_id=32557\" class=\"wp-image-32557 lazyload\" data-srcset=\"https:\/\/gazetaregionalna.com\/wp-content\/uploads\/2021\/01\/akumulatory1-1024x484.png 1024w, https:\/\/gazetaregionalna.com\/wp-content\/uploads\/2021\/01\/akumulatory1-300x142.png 300w, https:\/\/gazetaregionalna.com\/wp-content\/uploads\/2021\/01\/akumulatory1-768x363.png 768w, https:\/\/gazetaregionalna.com\/wp-content\/uploads\/2021\/01\/akumulatory1-696x329.png 696w, https:\/\/gazetaregionalna.com\/wp-content\/uploads\/2021\/01\/akumulatory1-1068x505.png 1068w, https:\/\/gazetaregionalna.com\/wp-content\/uploads\/2021\/01\/akumulatory1-888x420.png 888w, https:\/\/gazetaregionalna.com\/wp-content\/uploads\/2021\/01\/akumulatory1.png 1100w\" data-sizes=\"(max-width: 1024px) 100vw, 1024px\" src=\"data:image\/svg+xml;base64,PHN2ZyB3aWR0aD0iMSIgaGVpZ2h0PSIxIiB4bWxucz0iaHR0cDovL3d3dy53My5vcmcvMjAwMC9zdmciPjwvc3ZnPg==\" style=\"--smush-placeholder-width: 1024px; --smush-placeholder-aspect-ratio: 1024\/484;\" \/><\/figure><\/li><li class=\"blocks-gallery-item\"><figure><img decoding=\"async\" width=\"430\" height=\"330\" data-src=\"https:\/\/gazetaregionalna.com\/wp-content\/uploads\/2021\/01\/akumulatory2.jpg\" alt=\"\" data-id=\"32558\" data-full-url=\"https:\/\/gazetaregionalna.com\/wp-content\/uploads\/2021\/01\/akumulatory2.jpg\" data-link=\"https:\/\/gazetaregionalna.com\/?attachment_id=32558\" class=\"wp-image-32558 lazyload\" data-srcset=\"https:\/\/gazetaregionalna.com\/wp-content\/uploads\/2021\/01\/akumulatory2.jpg 430w, https:\/\/gazetaregionalna.com\/wp-content\/uploads\/2021\/01\/akumulatory2-300x230.jpg 300w, https:\/\/gazetaregionalna.com\/wp-content\/uploads\/2021\/01\/akumulatory2-80x60.jpg 80w\" data-sizes=\"(max-width: 430px) 100vw, 430px\" src=\"data:image\/svg+xml;base64,PHN2ZyB3aWR0aD0iMSIgaGVpZ2h0PSIxIiB4bWxucz0iaHR0cDovL3d3dy53My5vcmcvMjAwMC9zdmciPjwvc3ZnPg==\" style=\"--smush-placeholder-width: 430px; --smush-placeholder-aspect-ratio: 430\/330;\" \/><\/figure><\/li><li class=\"blocks-gallery-item\"><figure><img decoding=\"async\" width=\"430\" height=\"330\" data-src=\"https:\/\/gazetaregionalna.com\/wp-content\/uploads\/2021\/01\/akumulatory3.jpg\" alt=\"\" data-id=\"32559\" data-full-url=\"https:\/\/gazetaregionalna.com\/wp-content\/uploads\/2021\/01\/akumulatory3.jpg\" data-link=\"https:\/\/gazetaregionalna.com\/?attachment_id=32559\" class=\"wp-image-32559 lazyload\" data-srcset=\"https:\/\/gazetaregionalna.com\/wp-content\/uploads\/2021\/01\/akumulatory3.jpg 430w, https:\/\/gazetaregionalna.com\/wp-content\/uploads\/2021\/01\/akumulatory3-300x230.jpg 300w, https:\/\/gazetaregionalna.com\/wp-content\/uploads\/2021\/01\/akumulatory3-80x60.jpg 80w\" data-sizes=\"(max-width: 430px) 100vw, 430px\" src=\"data:image\/svg+xml;base64,PHN2ZyB3aWR0aD0iMSIgaGVpZ2h0PSIxIiB4bWxucz0iaHR0cDovL3d3dy53My5vcmcvMjAwMC9zdmciPjwvc3ZnPg==\" style=\"--smush-placeholder-width: 430px; --smush-placeholder-aspect-ratio: 430\/330;\" \/><\/figure><\/li><li class=\"blocks-gallery-item\"><figure><img decoding=\"async\" width=\"1024\" height=\"484\" data-src=\"https:\/\/gazetaregionalna.com\/wp-content\/uploads\/2021\/01\/akumulatory4-1024x484.png\" alt=\"\" data-id=\"32560\" data-full-url=\"https:\/\/gazetaregionalna.com\/wp-content\/uploads\/2021\/01\/akumulatory4.png\" data-link=\"https:\/\/gazetaregionalna.com\/?attachment_id=32560\" class=\"wp-image-32560 lazyload\" data-srcset=\"https:\/\/gazetaregionalna.com\/wp-content\/uploads\/2021\/01\/akumulatory4-1024x484.png 1024w, https:\/\/gazetaregionalna.com\/wp-content\/uploads\/2021\/01\/akumulatory4-300x142.png 300w, https:\/\/gazetaregionalna.com\/wp-content\/uploads\/2021\/01\/akumulatory4-768x363.png 768w, https:\/\/gazetaregionalna.com\/wp-content\/uploads\/2021\/01\/akumulatory4-696x329.png 696w, https:\/\/gazetaregionalna.com\/wp-content\/uploads\/2021\/01\/akumulatory4-1068x505.png 1068w, https:\/\/gazetaregionalna.com\/wp-content\/uploads\/2021\/01\/akumulatory4-888x420.png 888w, https:\/\/gazetaregionalna.com\/wp-content\/uploads\/2021\/01\/akumulatory4.png 1100w\" data-sizes=\"(max-width: 1024px) 100vw, 1024px\" src=\"data:image\/svg+xml;base64,PHN2ZyB3aWR0aD0iMSIgaGVpZ2h0PSIxIiB4bWxucz0iaHR0cDovL3d3dy53My5vcmcvMjAwMC9zdmciPjwvc3ZnPg==\" style=\"--smush-placeholder-width: 1024px; --smush-placeholder-aspect-ratio: 1024\/484;\" \/><\/figure><\/li><\/ul><\/figure>\n\n\n\n<p>Tymczasem systematyczne sprawdzanie akumulatora, szczeg\u00f3lnie przed zim\u0105, to jeden z podstawowych obowi\u0105zk\u00f3w ka\u017cdego kierowcy. Bateria w samochodzie dobrej jako\u015bci mo\u017ce nam s\u0142u\u017cy\u0107 4-5 lat. Jak jednak o ka\u017cd\u0105 cz\u0119\u015b\u0107 w samochodzie nale\u017cy o ni\u0105 dba\u0107.<em> Wymienia\u0107, je\u015bli to konieczne, bo nic nie dzia\u0142a wiecznie, ale przede wszystkim pomy\u015ble\u0107 o przegl\u0105dzie zanim zupe\u0142nie odm\u00f3wi nam pos\u0142usze\u0144stwa.<\/em><\/p>\n\n\n\n<p>Cz\u0119\u015b\u0107 czynno\u015bci konserwacyjnych mo\u017cemy dokona\u0107 sami, sprawdzaj\u0105c stan po\u0142\u0105cze\u0144 oraz stan na\u0142adowania akumulatora. Je\u015bli nie posiadamy wystarczaj\u0105cej wiedzy na ten temat, powinni\u015bmy skorzysta\u0107 z pomocy specjalist\u00f3w. Us\u0142ugi fachowe oferuj\u0105 nam firmy, kt\u00f3re dysponuj\u0105 niezb\u0119dnymi urz\u0105dzeniami pomiarowymi oraz posiadaj\u0105 bogate do\u015bwiadczenie w tej dziedzinie. Dzi\u0119ki systematycznym przegl\u0105dom konserwacyjnym zapewnimy naszemu akumulatorowi d\u0142u\u017csze \u017cycie i uchronimy si\u0119 od nieprzyjemnych niespodzianek.<\/p>\n\n\n\n<p>R\u00f3wnie wa\u017cny, jak systematyczna konserwacja, jest wyb\u00f3r odpowiedniego akumulatora. Tutaj r\u00f3wnie\u017c warto zasi\u0119gn\u0105\u0107 porady specjalisty. Kupuj\u0105c akumulator szukajmy producenta sprawdzonego, kt\u00f3rego sprz\u0119t pos\u0142u\u017cy nam kilka lat.<\/p>\n\n\n\n<p>Na rynku mamy obecnie du\u017cy wyb\u00f3r samochodowych baterii, zar\u00f3wno polskich, jak i zagranicznych. W\u015br\u00f3d tych drugich z pewno\u015bci\u0105 najwi\u0119ksze do\u015bwiadczenie w produkcji ma firma ZAP. Jej akumulatory nap\u0119dzaj\u0105 samochody nie tylko w Polsce, ale r\u00f3wnie\u017c w 60 innych krajach na ca\u0142ym \u015bwiecie. Akumulatory ZAP ciesz\u0105 si\u0119 szczeg\u00f3ln\u0105 popularno\u015bci\u0105 w krajach skandynawskich, a tak\u017ce na Bliskim Wschodzie.<br>Samochody z bateriami wyprodukowanymi w Piastowie je\u017cd\u017c\u0105 po drogach mro\u017anej P\u00f3\u0142nocy, jak i upalnej Afryki i Azji. Doskonale sprawdzaj\u0105 si\u0119 w ekstremalnych warunkach, zar\u00f3wno w upale, jak i w czasie du\u017cych mroz\u00f3w. B\u0119d\u0105 wi\u0119c idealne r\u00f3wnie\u017c dla naszego samochodu.<\/p>\n\n\n\n<p>Swoje akumulatory podwarszawska fabryka produkuje zgodnie z najnowszymi trendami technologicznymi. Bogata oferta producenta zawiera wiele typ\u00f3w akumulator\u00f3w do r\u00f3\u017cnych zastosowa\u0144, w tym: akumulatory rozruchowe do pojazd\u00f3w osobowych, ci\u0119\u017carowych, rolniczych, maszyn budowlanych, pojazd\u00f3w wojskowych, lokomotywach, fotowoltaice, oraz coraz pr\u0119\u017cniej rozwijaj\u0105cej si\u0119 dziedzinie hobby (camper, offroad, zasilanie awaryjne, praca buforowa).<\/p>\n\n\n\n<p>Sukces firma, oparta wy\u0142\u0105cznie na polskim kapitale, zawdzi\u0119cza umiej\u0119tnemu zarz\u0105dzaniu, a tak\u017ce udanemu po\u0142\u0105czeniu nowoczesnej my\u015bli technologicznej z wy\u015bmienicie wykszta\u0142con\u0105 kadr\u0105 in\u017cyniersk\u0105.<br>ZAP Sznajder Batterien S.A. produkuje najwy\u017cszej jako\u015bci baterie, kt\u00f3re spe\u0142niaj\u0105 oczekiwania najwybredniejszych klient\u00f3w. Z powodzeniem konkuruje na ca\u0142ym \u015bwiecie z innymi uznanymi markami. Najlepiej \u015bwiadczy o tym fakt, \u017ce a\u017c ponad 70 procent produkcji podwarszawskiej sp\u00f3\u0142ki trafia na eksport.<br>Fabryka posiada certyfikaty ISO potwierdzaj\u0105ce wysok\u0105 jako\u015b\u0107 produkcji oraz zgodno\u015b\u0107 z normami ochrony \u015brodowiska. Wszystkie akumulatory tego zak\u0142adu s\u0105 nie tylko niezawodne, ale tak\u017ce, co bardzo istotne, nadaj\u0105 si\u0119 do recyklingu zgodnie z nowoczesnymi wymaganiami ochrony \u015brodowiska naturalnego.<\/p>\n\n\n\n<p>Na rynku motoryzacyjnym pojawia si\u0119 coraz wi\u0119cej samochod\u00f3w z tzw. systemem \u201eStart&amp;Stop\u201d, kt\u00f3re wymagaj\u0105 specjalnie przygotowanych baterii. ZAP ma je tak\u017ce w swojej ofercie. S\u0105 to na przyk\u0142ad akumulatory wykonane w technologiach AGM (Absorbent Glass Mat), oraz EFB (Enhanced Flooded Battery). Akumulatory AGM i EFB mog\u0105 by\u0107 tak\u017ce stosowane w zwyk\u0142ych pojazdach jako baterie klasy Premium.<\/p>\n\n\n\n<p>Szczeg\u00f3\u0142y na temat oferty firmy ZAP znale\u017a\u0107 mo\u017cna na stronie www.zap.pl.<\/p>\n","protected":false},"excerpt":{"rendered":"<p>Gdy nagle przychodzi mr\u00f3z i temperatura spada, co w naszym klimacie w styczniu nie powinno by\u0107 \u017cadnym zaskoczeniem, okazuje si\u0119, \u017ce nie ka\u017cdy samochod\u00f3w<\/p>\n","protected":false},"author":7,"featured_media":32557,"comment_status":"open","ping_status":"open","sticky":false,"template":"","format":"standard","meta":{"_monsterinsights_skip_tracking":false,"_monsterinsights_sitenote_active":false,"_monsterinsights_sitenote_note":"","_monsterinsights_sitenote_category":0,"_uf_show_specific_survey":0,"_uf_disable_surveys":false,"footnotes":""},"categories":[18,94,2],"tags":[],"class_list":["post-32555","post","type-post","status-publish","format-standard","has-post-thumbnail","hentry","category-motoryzacja","category-polecane","category-wiadomosci"],"_links":{"self":[{"href":"https:\/\/gazetaregionalna.com\/index.php?rest_route=\/wp\/v2\/posts\/32555","targetHints":{"allow":["GET"]}}],"collection":[{"href":"https:\/\/gazetaregionalna.com\/index.php?rest_route=\/wp\/v2\/posts"}],"about":[{"href":"https:\/\/gazetaregionalna.com\/index.php?rest_route=\/wp\/v2\/types\/post"}],"author":[{"embeddable":true,"href":"https:\/\/gazetaregionalna.com\/index.php?rest_route=\/wp\/v2\/users\/7"}],"replies":[{"embeddable":true,"href":"https:\/\/gazetaregionalna.com\/index.php?rest_route=%2Fwp%2Fv2%2Fcomments&post=32555"}],"version-history":[{"count":2,"href":"https:\/\/gazetaregionalna.com\/index.php?rest_route=\/wp\/v2\/posts\/32555\/revisions"}],"predecessor-version":[{"id":32561,"href":"https:\/\/gazetaregionalna.com\/index.php?rest_route=\/wp\/v2\/posts\/32555\/revisions\/32561"}],"wp:featuredmedia":[{"embeddable":true,"href":"https:\/\/gazetaregionalna.com\/index.php?rest_route=\/wp\/v2\/media\/32557"}],"wp:attachment":[{"href":"https:\/\/gazetaregionalna.com\/index.php?rest_route=%2Fwp%2Fv2%2Fmedia&parent=32555"}],"wp:term":[{"taxonomy":"category","embeddable":true,"href":"https:\/\/gazetaregionalna.com\/index.php?rest_route=%2Fwp%2Fv2%2Fcategories&post=32555"},{"taxonomy":"post_tag","embeddable":true,"href":"https:\/\/gazetaregionalna.com\/index.php?rest_route=%2Fwp%2Fv2%2Ftags&post=32555"}],"curies":[{"name":"wp","href":"https:\/\/api.w.org\/{rel}","templated":true}]}}