{"id":32356,"date":"2021-01-26T14:59:44","date_gmt":"2021-01-26T14:59:44","guid":{"rendered":"https:\/\/gazetaregionalna.com\/?p=32356"},"modified":"2021-01-26T14:59:46","modified_gmt":"2021-01-26T14:59:46","slug":"komendant-wku","status":"publish","type":"post","link":"https:\/\/gazetaregionalna.com\/?p=32356","title":{"rendered":"Komendant WKU w Cz\u0119stochowie awansowany. Przedstawiciele miasta podzi\u0119kowali mu za wsp\u00f3\u0142prac\u0119"},"content":{"rendered":"\n<p><strong>W WKU odby\u0142a si\u0119 uroczysto\u015b\u0107, w kt\u00f3rej trakcie przedstawiciele miasta Cz\u0119stochowy podzi\u0119kowali komendantowi WKU pp\u0142k Adrianowi Klimkowi za wsp\u00f3\u0142prac\u0119. Jednocze\u015bnie gratulowali mu awansu i \u017cyczyli dalszych zawodowych sukces\u00f3w.<\/strong><\/p>\n\n\n\n<p>Komendant Wojskowej Komendy Uzupe\u0142nie\u0144 w Cz\u0119stochowie pp\u0142k Adrian Klimek otrzyma\u0142 awans na zast\u0119pc\u0119 szefa Wojew\u00f3dzkiego Sztabu Wojskowego w Katowicach. Z tej okazji we wtorek odby\u0142a si\u0119 uroczysto\u015b\u0107, w kt\u00f3rej trakcie wiceprezydent Cz\u0119stochowy Ryszard Stefaniak oraz naczelnik Oddzia\u0142u Ochrony Porz\u0105dku Publicznego Stra\u017cy Miejskiej Artur Wojciechowski podzi\u0119kowali komendantowi pp\u0142k Klimkowi za dotychczasow\u0105 wsp\u00f3\u0142prac\u0119.<\/p>\n\n\n\n<p>Poza gratulacjami i \u017cyczeniami pp\u0142k Klimek otrzyma\u0142 od wiceprezydenta m.in. okoliczno\u015bciow\u0105 szabl\u0119, a od naczelnika Artura Wojciechowskiego, kt\u00f3ry jest te\u017c prezesem i za\u0142o\u017cycielem cz\u0119stochowskiego Ko\u0142a Zwi\u0105zku Oficer\u00f3w Rezerwy RP, specjaln\u0105 tablic\u0119 (wr\u0119czy\u0142 j\u0105 r\u00f3wnie\u017c w imieniu Prezesa Zarz\u0105du G\u0142\u00f3wnego ZOR RP p\u0142k. rez Alfreda Kabaty).<\/p>\n\n\n\n<figure class=\"wp-block-image size-large is-resized\"><img decoding=\"async\" data-src=\"https:\/\/gazetaregionalna.com\/wp-content\/uploads\/2021\/01\/Podziekowanie-11-1024x815.jpg\" alt=\"\" class=\"wp-image-32358 lazyload\" width=\"696\" height=\"553\" data-srcset=\"https:\/\/gazetaregionalna.com\/wp-content\/uploads\/2021\/01\/Podziekowanie-11-1024x815.jpg 1024w, https:\/\/gazetaregionalna.com\/wp-content\/uploads\/2021\/01\/Podziekowanie-11-300x239.jpg 300w, https:\/\/gazetaregionalna.com\/wp-content\/uploads\/2021\/01\/Podziekowanie-11-768x611.jpg 768w, https:\/\/gazetaregionalna.com\/wp-content\/uploads\/2021\/01\/Podziekowanie-11-1536x1222.jpg 1536w, https:\/\/gazetaregionalna.com\/wp-content\/uploads\/2021\/01\/Podziekowanie-11-696x554.jpg 696w, https:\/\/gazetaregionalna.com\/wp-content\/uploads\/2021\/01\/Podziekowanie-11-1068x850.jpg 1068w, https:\/\/gazetaregionalna.com\/wp-content\/uploads\/2021\/01\/Podziekowanie-11-1920x1528.jpg 1920w, https:\/\/gazetaregionalna.com\/wp-content\/uploads\/2021\/01\/Podziekowanie-11-528x420.jpg 528w, https:\/\/gazetaregionalna.com\/wp-content\/uploads\/2021\/01\/Podziekowanie-11.jpg 1200w\" data-sizes=\"(max-width: 696px) 100vw, 696px\" src=\"data:image\/svg+xml;base64,PHN2ZyB3aWR0aD0iMSIgaGVpZ2h0PSIxIiB4bWxucz0iaHR0cDovL3d3dy53My5vcmcvMjAwMC9zdmciPjwvc3ZnPg==\" style=\"--smush-placeholder-width: 696px; --smush-placeholder-aspect-ratio: 696\/553;\" \/><figcaption>Fot. Artur Kucharski\/Stra\u017c Miejska w Cz\u0119stochowie<\/figcaption><\/figure>\n\n\n\n<p>Pp\u0142k Adrian Klimek r\u00f3wnie\u017c si\u0119 odwdzi\u0119czy\u0142, odznaczaj\u0105c wiceprezydenta miasta medalem i uroczyst\u0105 tablic\u0105 WKU Cz\u0119stochowa.<\/p>\n\n\n\n<p>W spotkaniu wzi\u0105\u0142 r\u00f3wnie\u017c udzia\u0142 m.in. pp\u0142k Marian Biecek, Prezes Zarz\u0105du Rejonowego Zwi\u0105zku \u017bo\u0142nierzy Wojska Polskiego.<\/p>\n","protected":false},"excerpt":{"rendered":"<p>W WKU odby\u0142a si\u0119 uroczysto\u015b\u0107, w kt\u00f3rej trakcie przedstawiciele miasta Cz\u0119stochowy podzi\u0119kowali komendantowi WKU pp\u0142k Adrianowi Klimkowi za wsp\u00f3\u0142prac\u0119. Jednocze\u015bnie gratulowali mu awansu i<\/p>\n","protected":false},"author":12,"featured_media":32359,"comment_status":"open","ping_status":"open","sticky":false,"template":"","format":"standard","meta":{"_monsterinsights_skip_tracking":false,"_monsterinsights_sitenote_active":false,"_monsterinsights_sitenote_note":"","_monsterinsights_sitenote_category":0,"_uf_show_specific_survey":0,"_uf_disable_surveys":false,"footnotes":""},"categories":[94,3,2],"tags":[1406,1405],"class_list":["post-32356","post","type-post","status-publish","format-standard","has-post-thumbnail","hentry","category-polecane","category-czestochowa-informacje","category-wiadomosci","tag-pplk-adrian-klimek","tag-wku-czestochowa"],"_links":{"self":[{"href":"https:\/\/gazetaregionalna.com\/index.php?rest_route=\/wp\/v2\/posts\/32356","targetHints":{"allow":["GET"]}}],"collection":[{"href":"https:\/\/gazetaregionalna.com\/index.php?rest_route=\/wp\/v2\/posts"}],"about":[{"href":"https:\/\/gazetaregionalna.com\/index.php?rest_route=\/wp\/v2\/types\/post"}],"author":[{"embeddable":true,"href":"https:\/\/gazetaregionalna.com\/index.php?rest_route=\/wp\/v2\/users\/12"}],"replies":[{"embeddable":true,"href":"https:\/\/gazetaregionalna.com\/index.php?rest_route=%2Fwp%2Fv2%2Fcomments&post=32356"}],"version-history":[{"count":1,"href":"https:\/\/gazetaregionalna.com\/index.php?rest_route=\/wp\/v2\/posts\/32356\/revisions"}],"predecessor-version":[{"id":32360,"href":"https:\/\/gazetaregionalna.com\/index.php?rest_route=\/wp\/v2\/posts\/32356\/revisions\/32360"}],"wp:featuredmedia":[{"embeddable":true,"href":"https:\/\/gazetaregionalna.com\/index.php?rest_route=\/wp\/v2\/media\/32359"}],"wp:attachment":[{"href":"https:\/\/gazetaregionalna.com\/index.php?rest_route=%2Fwp%2Fv2%2Fmedia&parent=32356"}],"wp:term":[{"taxonomy":"category","embeddable":true,"href":"https:\/\/gazetaregionalna.com\/index.php?rest_route=%2Fwp%2Fv2%2Fcategories&post=32356"},{"taxonomy":"post_tag","embeddable":true,"href":"https:\/\/gazetaregionalna.com\/index.php?rest_route=%2Fwp%2Fv2%2Ftags&post=32356"}],"curies":[{"name":"wp","href":"https:\/\/api.w.org\/{rel}","templated":true}]}}