{"id":32351,"date":"2021-01-26T11:50:29","date_gmt":"2021-01-26T11:50:29","guid":{"rendered":"https:\/\/gazetaregionalna.com\/?p=32351"},"modified":"2021-01-29T14:39:56","modified_gmt":"2021-01-29T14:39:56","slug":"trattoria-verde-czyli-dawna-sezonova-kolejna-czestochowska-restauracja-ktora-rusza-w-czestochowie-z-dzialalnoscia-mimo-zakazow","status":"publish","type":"post","link":"https:\/\/gazetaregionalna.com\/?p=32351","title":{"rendered":"Trattoria Verde, czyli dawna Sezonova kolejn\u0105 cz\u0119stochowsk\u0105 restauracj\u0105, kt\u00f3ra rusza w Cz\u0119stochowie z dzia\u0142alno\u015bci\u0105 mimo zakaz\u00f3w"},"content":{"rendered":"\n<h2 class=\"wp-block-heading\">Trattoria Verde, czyli dawna Sezonova kolejn\u0105 cz\u0119stochowsk\u0105 restauracj\u0105, kt\u00f3ra rusza w Cz\u0119stochowie z dzia\u0142alno\u015bci\u0105 mimo zakaz\u00f3w. Lokal z kuchni\u0105 w\u0142osk\u0105 i polsk\u0105 zapowiada, \u017ce od najbli\u017cszej soboty b\u0119dzie serwowa\u0107 posi\u0142ki na miejscu, w restauracji.<\/h2>\n\n\n\n<p>Pow\u00f3d ten sam, co w ca\u0142ym kraju \u2013 walka o dalsze przetrwanie biznesu. W\u0142a\u015bciciele decyduj\u0105 si\u0119 na otwarcie, aby ratowa\u0107 lokal, bo z samych zam\u00f3wie\u0144 na wynos nie s\u0105 w stanie dalej utrzyma\u0107 firmy.<\/p>\n\n\n\n<p>Trattoria Verde mieszcz\u0105ca si\u0119 przy ul. Orkana b\u0119dzie dost\u0119pna dla go\u015bci od najbli\u017cszej soboty, 30 stycznia, od godziny 12.<\/p>\n\n\n\n<p>Przypomnijmy, dawna restauracja Sezonova zmieni\u0142a swoj\u0105 nazw\u0119 na Trattoria Verde, po udziale w programie Magdy Gessler \u201eKuchenna rewolucje\u201d.<br><br><\/p>\n","protected":false},"excerpt":{"rendered":"<p>Trattoria Verde, czyli dawna Sezonova kolejn\u0105 cz\u0119stochowsk\u0105 restauracj\u0105, kt\u00f3ra rusza w Cz\u0119stochowie z dzia\u0142alno\u015bci\u0105 mimo zakaz\u00f3w. Lokal z kuchni\u0105 w\u0142osk\u0105 i polsk\u0105 zapowiada, \u017ce<\/p>\n","protected":false},"author":7,"featured_media":32353,"comment_status":"open","ping_status":"open","sticky":false,"template":"","format":"standard","meta":{"_monsterinsights_skip_tracking":false,"_monsterinsights_sitenote_active":false,"_monsterinsights_sitenote_note":"","_monsterinsights_sitenote_category":0,"_uf_show_specific_survey":0,"_uf_disable_surveys":false,"footnotes":""},"categories":[43,3,94,2],"tags":[],"class_list":["post-32351","post","type-post","status-publish","format-standard","has-post-thumbnail","hentry","category-biznes","category-czestochowa-informacje","category-polecane","category-wiadomosci"],"_links":{"self":[{"href":"https:\/\/gazetaregionalna.com\/index.php?rest_route=\/wp\/v2\/posts\/32351","targetHints":{"allow":["GET"]}}],"collection":[{"href":"https:\/\/gazetaregionalna.com\/index.php?rest_route=\/wp\/v2\/posts"}],"about":[{"href":"https:\/\/gazetaregionalna.com\/index.php?rest_route=\/wp\/v2\/types\/post"}],"author":[{"embeddable":true,"href":"https:\/\/gazetaregionalna.com\/index.php?rest_route=\/wp\/v2\/users\/7"}],"replies":[{"embeddable":true,"href":"https:\/\/gazetaregionalna.com\/index.php?rest_route=%2Fwp%2Fv2%2Fcomments&post=32351"}],"version-history":[{"count":2,"href":"https:\/\/gazetaregionalna.com\/index.php?rest_route=\/wp\/v2\/posts\/32351\/revisions"}],"predecessor-version":[{"id":32605,"href":"https:\/\/gazetaregionalna.com\/index.php?rest_route=\/wp\/v2\/posts\/32351\/revisions\/32605"}],"wp:featuredmedia":[{"embeddable":true,"href":"https:\/\/gazetaregionalna.com\/index.php?rest_route=\/wp\/v2\/media\/32353"}],"wp:attachment":[{"href":"https:\/\/gazetaregionalna.com\/index.php?rest_route=%2Fwp%2Fv2%2Fmedia&parent=32351"}],"wp:term":[{"taxonomy":"category","embeddable":true,"href":"https:\/\/gazetaregionalna.com\/index.php?rest_route=%2Fwp%2Fv2%2Fcategories&post=32351"},{"taxonomy":"post_tag","embeddable":true,"href":"https:\/\/gazetaregionalna.com\/index.php?rest_route=%2Fwp%2Fv2%2Ftags&post=32351"}],"curies":[{"name":"wp","href":"https:\/\/api.w.org\/{rel}","templated":true}]}}