{"id":3223,"date":"2019-05-25T07:49:23","date_gmt":"2019-05-25T07:49:23","guid":{"rendered":"https:\/\/gazetaregionalna.com\/?p=3223"},"modified":"2019-05-25T07:49:25","modified_gmt":"2019-05-25T07:49:25","slug":"czestochowa-mural-na-budynku-zespolu-szkol-technicznych","status":"publish","type":"post","link":"https:\/\/gazetaregionalna.com\/?p=3223","title":{"rendered":"Cz\u0119stochowa. Mural na budynku Zespo\u0142u Szk\u00f3\u0142 Technicznych"},"content":{"rendered":"\n<p><strong>Malowid\u0142o na budynku Zespo\u0142u Szk\u00f3\u0142 Technicznych nawi\u0105zuje do zawodowych praktyk, kt\u00f3re m\u0142odzie\u017c szko\u0142y odbywa w krajach Unii Europejskiej. Projekt muralu to dzie\u0142o Katarzyny S\u0142awik \u2013 uczennicy ZST.&nbsp; &nbsp;<\/strong><\/p>\n\n\n\n<p>Zdobi\u0105cy \u015bcian\u0119 szkolnego patio mural ods\u0142oni\u0119to 23 maja. W uroczysto\u015bci wzi\u0105\u0142 udzia\u0142 przedstawiciel ambasady Republiki Federalnej Niemiec Roland Jopp. Specjalne podzi\u0119kowania za dzia\u0142ania szko\u0142y przys\u0142ali ambasadorzy Hiszpanii i Portugalii. Obecni byli m.in. przedstawiciele cz\u0119stochowskiego samorz\u0105du, dyrektorzy szk\u00f3\u0142 i lokalni pracodawcy.\u00a0 Nie zabrak\u0142o regionalnych stroj\u00f3w oraz atrakcji kulinarnych kojarzonych z krajami, z kt\u00f3rymi wsp\u00f3\u0142pracuje szko\u0142a.\u00a0<br><br>Opr\u00f3cz praktyk na terenie Polski, m\u0142odzie\u017c Zespo\u0142u Szk\u00f3\u0142 Technicznych od lat wyje\u017cd\u017ca zdobywa\u0107 zawodowe kompetencje tak\u017ce w Hiszpanii, Niemczech i Portugalii. M\u0142odzi ludzie nie tylko ucz\u0105 si\u0119 zawodu, ale i poznaj\u0105 j\u0119zyki, kultur\u0119 i histori\u0119 tych kraj\u00f3w. Przy okazji staj\u0105 si\u0119 przyk\u0142adem profesjonalizmu, potwierdzaj\u0105c rozpowszechniony w \u015bwiadomo\u015bci mieszkanek i mieszka\u0144c\u00f3w UE wizerunek ,,Polaka-fachowca\u201d. Z kulturowej wymiany, kt\u00f3r\u0105 umo\u017cliwiaj\u0105 takie wyjazdy, korzystaj\u0105 nie tylko praktykanci i praktykantki z ZST, ale i goszcz\u0105ce ich lokalne spo\u0142eczno\u015bci.<\/p>\n\n\n\n<p>(UM Cz\u0119stochowa)<\/p>\n","protected":false},"excerpt":{"rendered":"<p>Malowid\u0142o na budynku Zespo\u0142u Szk\u00f3\u0142 Technicznych nawi\u0105zuje do zawodowych praktyk, kt\u00f3re m\u0142odzie\u017c szko\u0142y odbywa w krajach Unii Europejskiej. Projekt muralu to dzie\u0142o Katarzyny S\u0142awik<\/p>\n","protected":false},"author":3,"featured_media":0,"comment_status":"open","ping_status":"open","sticky":false,"template":"","format":"standard","meta":{"_monsterinsights_skip_tracking":false,"_monsterinsights_sitenote_active":false,"_monsterinsights_sitenote_note":"","_monsterinsights_sitenote_category":0,"_uf_show_specific_survey":0,"_uf_disable_surveys":false,"footnotes":""},"categories":[20,3,33,2,13],"tags":[],"class_list":["post-3223","post","type-post","status-publish","format-standard","hentry","category-budownictwo","category-czestochowa-informacje","category-inwestycje","category-wiadomosci","category-wydarzenia"],"_links":{"self":[{"href":"https:\/\/gazetaregionalna.com\/index.php?rest_route=\/wp\/v2\/posts\/3223","targetHints":{"allow":["GET"]}}],"collection":[{"href":"https:\/\/gazetaregionalna.com\/index.php?rest_route=\/wp\/v2\/posts"}],"about":[{"href":"https:\/\/gazetaregionalna.com\/index.php?rest_route=\/wp\/v2\/types\/post"}],"author":[{"embeddable":true,"href":"https:\/\/gazetaregionalna.com\/index.php?rest_route=\/wp\/v2\/users\/3"}],"replies":[{"embeddable":true,"href":"https:\/\/gazetaregionalna.com\/index.php?rest_route=%2Fwp%2Fv2%2Fcomments&post=3223"}],"version-history":[{"count":1,"href":"https:\/\/gazetaregionalna.com\/index.php?rest_route=\/wp\/v2\/posts\/3223\/revisions"}],"predecessor-version":[{"id":3225,"href":"https:\/\/gazetaregionalna.com\/index.php?rest_route=\/wp\/v2\/posts\/3223\/revisions\/3225"}],"wp:attachment":[{"href":"https:\/\/gazetaregionalna.com\/index.php?rest_route=%2Fwp%2Fv2%2Fmedia&parent=3223"}],"wp:term":[{"taxonomy":"category","embeddable":true,"href":"https:\/\/gazetaregionalna.com\/index.php?rest_route=%2Fwp%2Fv2%2Fcategories&post=3223"},{"taxonomy":"post_tag","embeddable":true,"href":"https:\/\/gazetaregionalna.com\/index.php?rest_route=%2Fwp%2Fv2%2Ftags&post=3223"}],"curies":[{"name":"wp","href":"https:\/\/api.w.org\/{rel}","templated":true}]}}