{"id":32218,"date":"2021-01-24T12:30:28","date_gmt":"2021-01-24T12:30:28","guid":{"rendered":"https:\/\/gazetaregionalna.com\/?p=32218"},"modified":"2021-01-24T12:30:30","modified_gmt":"2021-01-24T12:30:30","slug":"uczcili-pamiec-powstancow","status":"publish","type":"post","link":"https:\/\/gazetaregionalna.com\/?p=32218","title":{"rendered":"W Radomsku uczcili pami\u0119\u0107 powsta\u0144c\u00f3w"},"content":{"rendered":"\n<p><strong>W Radomsku uczczono<\/strong> <strong>158. Rocznic\u0119 Powstania Styczniowego. Uroczysto\u015bci odby\u0142y si\u0119 pod \u201eKrzy\u017cem Powsta\u0144czym\u201d na dziedzi\u0144cu klasztoru oo. Franciszkan\u00f3w.<\/strong><\/p>\n\n\n\n<figure class=\"wp-block-image size-large is-resized\"><img decoding=\"async\" data-src=\"https:\/\/gazetaregionalna.com\/wp-content\/uploads\/2021\/01\/uczcili-powstancow-1-1024x683.jpg\" alt=\"\" class=\"wp-image-32221 lazyload\" width=\"696\" height=\"464\" data-srcset=\"https:\/\/gazetaregionalna.com\/wp-content\/uploads\/2021\/01\/uczcili-powstancow-1-1024x683.jpg 1024w, https:\/\/gazetaregionalna.com\/wp-content\/uploads\/2021\/01\/uczcili-powstancow-1-300x200.jpg 300w, https:\/\/gazetaregionalna.com\/wp-content\/uploads\/2021\/01\/uczcili-powstancow-1-768x512.jpg 768w, https:\/\/gazetaregionalna.com\/wp-content\/uploads\/2021\/01\/uczcili-powstancow-1-1536x1024.jpg 1536w, https:\/\/gazetaregionalna.com\/wp-content\/uploads\/2021\/01\/uczcili-powstancow-1-2048x1365.jpg 2048w, https:\/\/gazetaregionalna.com\/wp-content\/uploads\/2021\/01\/uczcili-powstancow-1-696x464.jpg 696w, https:\/\/gazetaregionalna.com\/wp-content\/uploads\/2021\/01\/uczcili-powstancow-1-1068x712.jpg 1068w, https:\/\/gazetaregionalna.com\/wp-content\/uploads\/2021\/01\/uczcili-powstancow-1-1920x1280.jpg 1920w, https:\/\/gazetaregionalna.com\/wp-content\/uploads\/2021\/01\/uczcili-powstancow-1-630x420.jpg 630w, https:\/\/gazetaregionalna.com\/wp-content\/uploads\/2021\/01\/uczcili-powstancow-1-scaled.jpg 1200w\" data-sizes=\"(max-width: 696px) 100vw, 696px\" src=\"data:image\/svg+xml;base64,PHN2ZyB3aWR0aD0iMSIgaGVpZ2h0PSIxIiB4bWxucz0iaHR0cDovL3d3dy53My5vcmcvMjAwMC9zdmciPjwvc3ZnPg==\" style=\"--smush-placeholder-width: 696px; --smush-placeholder-aspect-ratio: 696\/464;\" \/><figcaption>Fot. UM Radomsko<\/figcaption><\/figure>\n\n\n\n<p>Na uroczysto\u015bciach upami\u0119tniaj\u0105cych 158. Rocznic\u0119 wybuchu Powstania Styczniowego ho\u0142d oddali wiceprezydent Jacek Belka wraz z sekretarz Kamil\u0105 Malinowsk\u0105-Sztangreciak. Delegacja z\u0142o\u017cy\u0142a kwiaty i zapali\u0142a znicz pod \u201eKrzy\u017cem Powsta\u0144czym\u201d na dziedzi\u0144cu klasztoru oo. Franciszkan\u00f3w.<\/p>\n\n\n\n<p>Sk\u0142adaj\u0105cym kwiaty towarzyszyli dyrektor Publicznej Szko\u0142y Podstawowej nr 7 im. Romualda Traugutta Rados\u0142aw Bartnik oraz gwardian radomszcza\u0144skiego klasztoru o. Jaros\u0142aw Kara\u015b.<\/p>\n\n\n\n<p>Powstanie styczniowe, czyli polskie powstanie narodowe przeciwko Imperium Rosyjskiemu zosta\u0142o og\u0142oszone Manifestem wydanym w Warszawie przez Tymczasowy Rz\u0105d Narodowy 22 stycznia 1863 roku.<\/p>\n\n\n\n<p>W Radomsku dzia\u0142ania powsta\u0144cze rozpocz\u0119\u0142y si\u0119 23 stycznia 1863 roku atakiem oddzia\u0142u pod dow\u00f3dztwem J\u00f3zefa Grekowicza na stacjonuj\u0105ce wojsko rosyjskie.<\/p>\n\n\n\n<p>Po zako\u0144czeniu powstania jesieni\u0105 w 1864 roku Polak\u00f3w dotkn\u0119\u0142y liczne represje. Maj\u0105tki szlacheckie by\u0142y konfiskowane, nak\u0142adano wysokie kontrybucje, prowadzono intensywn\u0105 rusyfikacj\u0119.<\/p>\n\n\n\n<figure class=\"wp-block-gallery columns-3 is-cropped wp-block-gallery-1 is-layout-flex wp-block-gallery-is-layout-flex\"><ul class=\"blocks-gallery-grid\"><li class=\"blocks-gallery-item\"><figure><a href=\"https:\/\/gazetaregionalna.com\/wp-content\/uploads\/2021\/01\/uczcili-powstancow-2-scaled.jpg\"><img decoding=\"async\" width=\"1024\" height=\"683\" data-src=\"https:\/\/gazetaregionalna.com\/wp-content\/uploads\/2021\/01\/uczcili-powstancow-2-1024x683.jpg\" alt=\"\" data-id=\"32222\" data-full-url=\"https:\/\/gazetaregionalna.com\/wp-content\/uploads\/2021\/01\/uczcili-powstancow-2-scaled.jpg\" data-link=\"https:\/\/gazetaregionalna.com\/?attachment_id=32222\" class=\"wp-image-32222 lazyload\" data-srcset=\"https:\/\/gazetaregionalna.com\/wp-content\/uploads\/2021\/01\/uczcili-powstancow-2-1024x683.jpg 1024w, https:\/\/gazetaregionalna.com\/wp-content\/uploads\/2021\/01\/uczcili-powstancow-2-300x200.jpg 300w, https:\/\/gazetaregionalna.com\/wp-content\/uploads\/2021\/01\/uczcili-powstancow-2-768x512.jpg 768w, https:\/\/gazetaregionalna.com\/wp-content\/uploads\/2021\/01\/uczcili-powstancow-2-1536x1024.jpg 1536w, https:\/\/gazetaregionalna.com\/wp-content\/uploads\/2021\/01\/uczcili-powstancow-2-2048x1365.jpg 2048w, https:\/\/gazetaregionalna.com\/wp-content\/uploads\/2021\/01\/uczcili-powstancow-2-696x464.jpg 696w, https:\/\/gazetaregionalna.com\/wp-content\/uploads\/2021\/01\/uczcili-powstancow-2-1068x712.jpg 1068w, https:\/\/gazetaregionalna.com\/wp-content\/uploads\/2021\/01\/uczcili-powstancow-2-1920x1280.jpg 1920w, https:\/\/gazetaregionalna.com\/wp-content\/uploads\/2021\/01\/uczcili-powstancow-2-630x420.jpg 630w, https:\/\/gazetaregionalna.com\/wp-content\/uploads\/2021\/01\/uczcili-powstancow-2-scaled.jpg 1200w\" data-sizes=\"(max-width: 1024px) 100vw, 1024px\" src=\"data:image\/svg+xml;base64,PHN2ZyB3aWR0aD0iMSIgaGVpZ2h0PSIxIiB4bWxucz0iaHR0cDovL3d3dy53My5vcmcvMjAwMC9zdmciPjwvc3ZnPg==\" style=\"--smush-placeholder-width: 1024px; --smush-placeholder-aspect-ratio: 1024\/683;\" \/><\/a><\/figure><\/li><li class=\"blocks-gallery-item\"><figure><a href=\"https:\/\/gazetaregionalna.com\/wp-content\/uploads\/2021\/01\/uczcili-powstancow-3-scaled.jpg\"><img decoding=\"async\" width=\"1024\" height=\"683\" data-src=\"https:\/\/gazetaregionalna.com\/wp-content\/uploads\/2021\/01\/uczcili-powstancow-3-1024x683.jpg\" alt=\"\" data-id=\"32223\" data-full-url=\"https:\/\/gazetaregionalna.com\/wp-content\/uploads\/2021\/01\/uczcili-powstancow-3-scaled.jpg\" data-link=\"https:\/\/gazetaregionalna.com\/?attachment_id=32223\" class=\"wp-image-32223 lazyload\" data-srcset=\"https:\/\/gazetaregionalna.com\/wp-content\/uploads\/2021\/01\/uczcili-powstancow-3-1024x683.jpg 1024w, https:\/\/gazetaregionalna.com\/wp-content\/uploads\/2021\/01\/uczcili-powstancow-3-300x200.jpg 300w, https:\/\/gazetaregionalna.com\/wp-content\/uploads\/2021\/01\/uczcili-powstancow-3-768x512.jpg 768w, https:\/\/gazetaregionalna.com\/wp-content\/uploads\/2021\/01\/uczcili-powstancow-3-1536x1024.jpg 1536w, https:\/\/gazetaregionalna.com\/wp-content\/uploads\/2021\/01\/uczcili-powstancow-3-2048x1365.jpg 2048w, https:\/\/gazetaregionalna.com\/wp-content\/uploads\/2021\/01\/uczcili-powstancow-3-696x464.jpg 696w, https:\/\/gazetaregionalna.com\/wp-content\/uploads\/2021\/01\/uczcili-powstancow-3-1068x712.jpg 1068w, https:\/\/gazetaregionalna.com\/wp-content\/uploads\/2021\/01\/uczcili-powstancow-3-1920x1280.jpg 1920w, https:\/\/gazetaregionalna.com\/wp-content\/uploads\/2021\/01\/uczcili-powstancow-3-630x420.jpg 630w, https:\/\/gazetaregionalna.com\/wp-content\/uploads\/2021\/01\/uczcili-powstancow-3-scaled.jpg 1200w\" data-sizes=\"(max-width: 1024px) 100vw, 1024px\" src=\"data:image\/svg+xml;base64,PHN2ZyB3aWR0aD0iMSIgaGVpZ2h0PSIxIiB4bWxucz0iaHR0cDovL3d3dy53My5vcmcvMjAwMC9zdmciPjwvc3ZnPg==\" style=\"--smush-placeholder-width: 1024px; --smush-placeholder-aspect-ratio: 1024\/683;\" \/><\/a><\/figure><\/li><li class=\"blocks-gallery-item\"><figure><a href=\"https:\/\/gazetaregionalna.com\/wp-content\/uploads\/2021\/01\/uczcili-powstancow-4-scaled.jpg\"><img decoding=\"async\" width=\"1024\" height=\"683\" data-src=\"https:\/\/gazetaregionalna.com\/wp-content\/uploads\/2021\/01\/uczcili-powstancow-4-1024x683.jpg\" alt=\"\" data-id=\"32224\" data-full-url=\"https:\/\/gazetaregionalna.com\/wp-content\/uploads\/2021\/01\/uczcili-powstancow-4-scaled.jpg\" data-link=\"https:\/\/gazetaregionalna.com\/?attachment_id=32224\" class=\"wp-image-32224 lazyload\" data-srcset=\"https:\/\/gazetaregionalna.com\/wp-content\/uploads\/2021\/01\/uczcili-powstancow-4-1024x683.jpg 1024w, https:\/\/gazetaregionalna.com\/wp-content\/uploads\/2021\/01\/uczcili-powstancow-4-300x200.jpg 300w, https:\/\/gazetaregionalna.com\/wp-content\/uploads\/2021\/01\/uczcili-powstancow-4-768x512.jpg 768w, https:\/\/gazetaregionalna.com\/wp-content\/uploads\/2021\/01\/uczcili-powstancow-4-1536x1024.jpg 1536w, https:\/\/gazetaregionalna.com\/wp-content\/uploads\/2021\/01\/uczcili-powstancow-4-2048x1365.jpg 2048w, https:\/\/gazetaregionalna.com\/wp-content\/uploads\/2021\/01\/uczcili-powstancow-4-696x464.jpg 696w, https:\/\/gazetaregionalna.com\/wp-content\/uploads\/2021\/01\/uczcili-powstancow-4-1068x712.jpg 1068w, https:\/\/gazetaregionalna.com\/wp-content\/uploads\/2021\/01\/uczcili-powstancow-4-1920x1280.jpg 1920w, https:\/\/gazetaregionalna.com\/wp-content\/uploads\/2021\/01\/uczcili-powstancow-4-630x420.jpg 630w, https:\/\/gazetaregionalna.com\/wp-content\/uploads\/2021\/01\/uczcili-powstancow-4-scaled.jpg 1200w\" data-sizes=\"(max-width: 1024px) 100vw, 1024px\" src=\"data:image\/svg+xml;base64,PHN2ZyB3aWR0aD0iMSIgaGVpZ2h0PSIxIiB4bWxucz0iaHR0cDovL3d3dy53My5vcmcvMjAwMC9zdmciPjwvc3ZnPg==\" style=\"--smush-placeholder-width: 1024px; --smush-placeholder-aspect-ratio: 1024\/683;\" \/><\/a><\/figure><\/li><li class=\"blocks-gallery-item\"><figure><a href=\"https:\/\/gazetaregionalna.com\/wp-content\/uploads\/2021\/01\/5-scaled.jpg\"><img decoding=\"async\" width=\"1024\" height=\"683\" data-src=\"https:\/\/gazetaregionalna.com\/wp-content\/uploads\/2021\/01\/5-1024x683.jpg\" alt=\"\" data-id=\"32219\" data-full-url=\"https:\/\/gazetaregionalna.com\/wp-content\/uploads\/2021\/01\/5-scaled.jpg\" data-link=\"https:\/\/gazetaregionalna.com\/?attachment_id=32219\" class=\"wp-image-32219 lazyload\" data-srcset=\"https:\/\/gazetaregionalna.com\/wp-content\/uploads\/2021\/01\/5-1024x683.jpg 1024w, https:\/\/gazetaregionalna.com\/wp-content\/uploads\/2021\/01\/5-300x200.jpg 300w, https:\/\/gazetaregionalna.com\/wp-content\/uploads\/2021\/01\/5-768x512.jpg 768w, https:\/\/gazetaregionalna.com\/wp-content\/uploads\/2021\/01\/5-1536x1024.jpg 1536w, https:\/\/gazetaregionalna.com\/wp-content\/uploads\/2021\/01\/5-2048x1365.jpg 2048w, https:\/\/gazetaregionalna.com\/wp-content\/uploads\/2021\/01\/5-696x464.jpg 696w, https:\/\/gazetaregionalna.com\/wp-content\/uploads\/2021\/01\/5-1068x712.jpg 1068w, https:\/\/gazetaregionalna.com\/wp-content\/uploads\/2021\/01\/5-1920x1280.jpg 1920w, https:\/\/gazetaregionalna.com\/wp-content\/uploads\/2021\/01\/5-630x420.jpg 630w, https:\/\/gazetaregionalna.com\/wp-content\/uploads\/2021\/01\/5-scaled.jpg 1200w\" data-sizes=\"(max-width: 1024px) 100vw, 1024px\" src=\"data:image\/svg+xml;base64,PHN2ZyB3aWR0aD0iMSIgaGVpZ2h0PSIxIiB4bWxucz0iaHR0cDovL3d3dy53My5vcmcvMjAwMC9zdmciPjwvc3ZnPg==\" style=\"--smush-placeholder-width: 1024px; --smush-placeholder-aspect-ratio: 1024\/683;\" \/><\/a><\/figure><\/li><li class=\"blocks-gallery-item\"><figure><a href=\"https:\/\/gazetaregionalna.com\/wp-content\/uploads\/2021\/01\/uczcili-powstancow-6-scaled.jpg\"><img decoding=\"async\" width=\"1024\" height=\"683\" data-src=\"https:\/\/gazetaregionalna.com\/wp-content\/uploads\/2021\/01\/uczcili-powstancow-6-1024x683.jpg\" alt=\"\" data-id=\"32225\" data-full-url=\"https:\/\/gazetaregionalna.com\/wp-content\/uploads\/2021\/01\/uczcili-powstancow-6-scaled.jpg\" data-link=\"https:\/\/gazetaregionalna.com\/?attachment_id=32225\" class=\"wp-image-32225 lazyload\" data-srcset=\"https:\/\/gazetaregionalna.com\/wp-content\/uploads\/2021\/01\/uczcili-powstancow-6-1024x683.jpg 1024w, https:\/\/gazetaregionalna.com\/wp-content\/uploads\/2021\/01\/uczcili-powstancow-6-300x200.jpg 300w, https:\/\/gazetaregionalna.com\/wp-content\/uploads\/2021\/01\/uczcili-powstancow-6-768x512.jpg 768w, https:\/\/gazetaregionalna.com\/wp-content\/uploads\/2021\/01\/uczcili-powstancow-6-1536x1024.jpg 1536w, https:\/\/gazetaregionalna.com\/wp-content\/uploads\/2021\/01\/uczcili-powstancow-6-2048x1365.jpg 2048w, https:\/\/gazetaregionalna.com\/wp-content\/uploads\/2021\/01\/uczcili-powstancow-6-696x464.jpg 696w, https:\/\/gazetaregionalna.com\/wp-content\/uploads\/2021\/01\/uczcili-powstancow-6-1068x712.jpg 1068w, https:\/\/gazetaregionalna.com\/wp-content\/uploads\/2021\/01\/uczcili-powstancow-6-1920x1280.jpg 1920w, https:\/\/gazetaregionalna.com\/wp-content\/uploads\/2021\/01\/uczcili-powstancow-6-630x420.jpg 630w, https:\/\/gazetaregionalna.com\/wp-content\/uploads\/2021\/01\/uczcili-powstancow-6-scaled.jpg 1200w\" data-sizes=\"(max-width: 1024px) 100vw, 1024px\" src=\"data:image\/svg+xml;base64,PHN2ZyB3aWR0aD0iMSIgaGVpZ2h0PSIxIiB4bWxucz0iaHR0cDovL3d3dy53My5vcmcvMjAwMC9zdmciPjwvc3ZnPg==\" style=\"--smush-placeholder-width: 1024px; --smush-placeholder-aspect-ratio: 1024\/683;\" \/><\/a><\/figure><\/li><\/ul><figcaption class=\"blocks-gallery-caption\">Fot. UM Radomsko<\/figcaption><\/figure>\n","protected":false},"excerpt":{"rendered":"<p>W Radomsku uczczono 158. Rocznic\u0119 Powstania Styczniowego. Uroczysto\u015bci odby\u0142y si\u0119 pod \u201eKrzy\u017cem Powsta\u0144czym\u201d na dziedzi\u0144cu klasztoru oo. Franciszkan\u00f3w. Na uroczysto\u015bciach upami\u0119tniaj\u0105cych 158. Rocznic\u0119 wybuchu<\/p>\n","protected":false},"author":12,"featured_media":32220,"comment_status":"open","ping_status":"open","sticky":false,"template":"","format":"standard","meta":{"_monsterinsights_skip_tracking":false,"_monsterinsights_sitenote_active":false,"_monsterinsights_sitenote_note":"","_monsterinsights_sitenote_category":0,"_uf_show_specific_survey":0,"_uf_disable_surveys":false,"footnotes":""},"categories":[321,94,28,2],"tags":[1389],"class_list":["post-32218","post","type-post","status-publish","format-standard","has-post-thumbnail","hentry","category-historia","category-polecane","category-radomsko","category-wiadomosci","tag-powstanie-styczniowe"],"_links":{"self":[{"href":"https:\/\/gazetaregionalna.com\/index.php?rest_route=\/wp\/v2\/posts\/32218","targetHints":{"allow":["GET"]}}],"collection":[{"href":"https:\/\/gazetaregionalna.com\/index.php?rest_route=\/wp\/v2\/posts"}],"about":[{"href":"https:\/\/gazetaregionalna.com\/index.php?rest_route=\/wp\/v2\/types\/post"}],"author":[{"embeddable":true,"href":"https:\/\/gazetaregionalna.com\/index.php?rest_route=\/wp\/v2\/users\/12"}],"replies":[{"embeddable":true,"href":"https:\/\/gazetaregionalna.com\/index.php?rest_route=%2Fwp%2Fv2%2Fcomments&post=32218"}],"version-history":[{"count":1,"href":"https:\/\/gazetaregionalna.com\/index.php?rest_route=\/wp\/v2\/posts\/32218\/revisions"}],"predecessor-version":[{"id":32226,"href":"https:\/\/gazetaregionalna.com\/index.php?rest_route=\/wp\/v2\/posts\/32218\/revisions\/32226"}],"wp:featuredmedia":[{"embeddable":true,"href":"https:\/\/gazetaregionalna.com\/index.php?rest_route=\/wp\/v2\/media\/32220"}],"wp:attachment":[{"href":"https:\/\/gazetaregionalna.com\/index.php?rest_route=%2Fwp%2Fv2%2Fmedia&parent=32218"}],"wp:term":[{"taxonomy":"category","embeddable":true,"href":"https:\/\/gazetaregionalna.com\/index.php?rest_route=%2Fwp%2Fv2%2Fcategories&post=32218"},{"taxonomy":"post_tag","embeddable":true,"href":"https:\/\/gazetaregionalna.com\/index.php?rest_route=%2Fwp%2Fv2%2Ftags&post=32218"}],"curies":[{"name":"wp","href":"https:\/\/api.w.org\/{rel}","templated":true}]}}