{"id":32033,"date":"2021-01-22T07:58:45","date_gmt":"2021-01-22T07:58:45","guid":{"rendered":"https:\/\/gazetaregionalna.com\/?p=32033"},"modified":"2021-01-22T07:58:47","modified_gmt":"2021-01-22T07:58:47","slug":"aktywna-tablica","status":"publish","type":"post","link":"https:\/\/gazetaregionalna.com\/?p=32033","title":{"rendered":"\u201eAktywna Tablica\u201d \u2013 rz\u0105dowe dofinansowanie dla Poraja, \u017barek Letnisko, Choronia i Jastrz\u0119bia"},"content":{"rendered":"\n<p><strong>W ramach rz\u0105dowego dofinansowania Gmina Poraj zakupi\u0142a pomoce dydaktyczne, kt\u00f3re trafi\u0142y do Szk\u00f3\u0142 Podstawowych w Poraju, \u017barkach Letnisku, Choroniu i Jastrz\u0119biu. Dzi\u0119ki zakupionemu sprz\u0119towi uczniowie i nauczyciele mog\u0105 podnie\u015b\u0107 swoje kompetencje w zakresie technologii informacyjno-komunikacyjnych.<\/strong><\/p>\n\n\n\n<p><strong>\u201eAktywna tablica\u201d<\/strong> to program Ministerstwa Edukacji Narodowej, kt\u00f3ry uchwali\u0142a Rada Ministr\u00f3w 19 lipca 2020 roku. Celem Rz\u0105dowego programu jest rozwijanie szkolnej infrastruktury oraz kompetencji uczni\u00f3w i nauczycieli w zakresie technologii informacyjno-komunikacyjnych. W ramach programu szko\u0142y podstawowe zostan\u0105 wyposa\u017cone w tablice interaktywne, projektory, g\u0142o\u015bniki czy interaktywne monitory dotykowe.<\/p>\n\n\n\n<p>W sumie za kwot\u0119 blisko <strong>78 tys. z\u0142<\/strong> Gmina Poraj zakupi\u0142a <strong>16 laptop\u00f3w, 4 projektory i 2 monitory interaktywne<\/strong>. Pomoce dydaktyczne zosta\u0142y przekazane w ubieg\u0142ym tygodniu. Podczas oficjalnego spotkania w Sali sesyjnej Urz\u0119du Gminy sprz\u0119t przekaza\u0142a w\u00f3jt Poraja Katarzyna Ka\u017amierczak na r\u0119ce dyrekcji:<\/p>\n\n\n\n<ul class=\"wp-block-list\"><li>Beaty Cicho\u0144&nbsp;(Poraj);<\/li><li>Marioli Karpowicz&nbsp;(\u017barki Letnisko);<\/li><li>Jadwigi Kidawy&nbsp;(Jastrz\u0105b);<\/li><li>Doroty Mizery&nbsp;(Choro\u0144).<\/li><\/ul>\n\n\n\n<p>\u015arodki na ten program pozyskali<strong> Anna Podsiadlik\u00a0<\/strong>i\u00a0<strong>\u0141ukasz Szec\u00f3wka<\/strong>\u00a0z Referatu Pozyskiwania \u015arodk\u00f3w Zewn\u0119trznych. Dodatkowo swoj\u0105 pomoc udzieli\u0142a Pani <strong>Anna Socha \u2013 Korendo<\/strong>, kierownik ZEAS w Poraju.<\/p>\n\n\n\n<p>Realizacja programu na pewno przyczyni si\u0119 do zwi\u0119kszenia zaanga\u017cowania nauczycieli w proces nauczania, a tym samym podniesienia wiedzy w\u015br\u00f3d uczni\u00f3w. Stosowanie TIK przez nauczycieli sprawi, \u017ce bardzo cz\u0119sto lekcje urozmaicane b\u0119d\u0105 z wykorzystaniem interaktywnych plansz, film\u00f3w i portali dydaktycznych.<\/p>\n","protected":false},"excerpt":{"rendered":"<p>W ramach rz\u0105dowego dofinansowania Gmina Poraj zakupi\u0142a pomoce dydaktyczne, kt\u00f3re trafi\u0142y do Szk\u00f3\u0142 Podstawowych w Poraju, \u017barkach Letnisku, Choroniu i Jastrz\u0119biu. Dzi\u0119ki zakupionemu sprz\u0119towi<\/p>\n","protected":false},"author":12,"featured_media":32035,"comment_status":"open","ping_status":"open","sticky":false,"template":"","format":"standard","meta":{"_monsterinsights_skip_tracking":false,"_monsterinsights_sitenote_active":false,"_monsterinsights_sitenote_note":"","_monsterinsights_sitenote_category":0,"_uf_show_specific_survey":0,"_uf_disable_surveys":false,"footnotes":""},"categories":[41,26,94,4,2],"tags":[1380,1381,1382,561,753],"class_list":["post-32033","post","type-post","status-publish","format-standard","has-post-thumbnail","hentry","category-edukacja","category-myszkow","category-polecane","category-region","category-wiadomosci","tag-aktywna-tablica","tag-choron","tag-jastrzab","tag-poraj","tag-zarki-letnisko"],"_links":{"self":[{"href":"https:\/\/gazetaregionalna.com\/index.php?rest_route=\/wp\/v2\/posts\/32033","targetHints":{"allow":["GET"]}}],"collection":[{"href":"https:\/\/gazetaregionalna.com\/index.php?rest_route=\/wp\/v2\/posts"}],"about":[{"href":"https:\/\/gazetaregionalna.com\/index.php?rest_route=\/wp\/v2\/types\/post"}],"author":[{"embeddable":true,"href":"https:\/\/gazetaregionalna.com\/index.php?rest_route=\/wp\/v2\/users\/12"}],"replies":[{"embeddable":true,"href":"https:\/\/gazetaregionalna.com\/index.php?rest_route=%2Fwp%2Fv2%2Fcomments&post=32033"}],"version-history":[{"count":2,"href":"https:\/\/gazetaregionalna.com\/index.php?rest_route=\/wp\/v2\/posts\/32033\/revisions"}],"predecessor-version":[{"id":32036,"href":"https:\/\/gazetaregionalna.com\/index.php?rest_route=\/wp\/v2\/posts\/32033\/revisions\/32036"}],"wp:featuredmedia":[{"embeddable":true,"href":"https:\/\/gazetaregionalna.com\/index.php?rest_route=\/wp\/v2\/media\/32035"}],"wp:attachment":[{"href":"https:\/\/gazetaregionalna.com\/index.php?rest_route=%2Fwp%2Fv2%2Fmedia&parent=32033"}],"wp:term":[{"taxonomy":"category","embeddable":true,"href":"https:\/\/gazetaregionalna.com\/index.php?rest_route=%2Fwp%2Fv2%2Fcategories&post=32033"},{"taxonomy":"post_tag","embeddable":true,"href":"https:\/\/gazetaregionalna.com\/index.php?rest_route=%2Fwp%2Fv2%2Ftags&post=32033"}],"curies":[{"name":"wp","href":"https:\/\/api.w.org\/{rel}","templated":true}]}}