{"id":31885,"date":"2021-01-20T14:32:22","date_gmt":"2021-01-20T14:32:22","guid":{"rendered":"https:\/\/gazetaregionalna.com\/?p=31885"},"modified":"2021-01-20T14:32:24","modified_gmt":"2021-01-20T14:32:24","slug":"w-meczu-na-szczycie-siatkarze-azs-czestochowa-zagraja-w-hali-wicelidera-tabela","status":"publish","type":"post","link":"https:\/\/gazetaregionalna.com\/?p=31885","title":{"rendered":"W meczu na szczycie siatkarze AZS Cz\u0119stochowa zagraj\u0105&#8230; w hali wicelidera [TABELA]"},"content":{"rendered":"\n<p>W sobot\u0119 siatkarze AZS Cz\u0119stochowa w meczu na szczycie 1 ligi \u015bl\u0105skiej zgodnie z terminarzem mieli podejmowa\u0107 KS Rudziniec. Lider z Cz\u0119stochowy zagra jednak w hali wicelidera i to ju\u017c w najbli\u017cszy pi\u0105tek.<\/p>\n\n\n\n<p>AZS Cz\u0119stochowa to lider 1 ligi \u015bl\u0105skiej. W sobot\u0119, 23 stycznia cz\u0119stochowscy siatkarze zgodnie z terminarzem powinni w Hali Polonia podejmowa\u0107 KS Rudziniec. W ostatnich dniach dosz\u0142o jednak do zmiany terminu meczu oraz gospodarza. Zmian\u0119 terminu zaproponowa\u0142 AZS, a zmian\u0119 miejsca rywale. Ostatecznie spotkanie na szczycie 1 ligi \u015bl\u0105skiej odb\u0119dzie si\u0119 ju\u017c w pi\u0105tek w Rudzi\u0144cu. W\u00f3wczas oka\u017ce si\u0119, w jakiej formie s\u0105 siatkarze AZS-u Cz\u0119stochowa. Podopieczni trenera <strong>Roberta Szczerbaniuka<\/strong> w minion\u0105 niedziel\u0119 pokonali w zaleg\u0142ym spotkaniu G\u00f3rnika Radlin 3:1. Ich bilans to 12 wygranych i 1 pora\u017cka.<\/p>\n\n\n\n<figure class=\"wp-block-gallery columns-3 is-cropped wp-block-gallery-1 is-layout-flex wp-block-gallery-is-layout-flex\"><ul class=\"blocks-gallery-grid\"><li class=\"blocks-gallery-item\"><figure><img decoding=\"async\" width=\"1024\" height=\"761\" data-src=\"https:\/\/gazetaregionalna.com\/wp-content\/uploads\/2021\/01\/AZS-Radlin-4-1024x761.jpg\" alt=\"\" data-id=\"31591\" data-full-url=\"https:\/\/gazetaregionalna.com\/wp-content\/uploads\/2021\/01\/AZS-Radlin-4.jpg\" data-link=\"https:\/\/gazetaregionalna.com\/azs-radlin-4\/\" class=\"wp-image-31591 lazyload\" data-srcset=\"https:\/\/gazetaregionalna.com\/wp-content\/uploads\/2021\/01\/AZS-Radlin-4-1024x761.jpg 1024w, https:\/\/gazetaregionalna.com\/wp-content\/uploads\/2021\/01\/AZS-Radlin-4-300x223.jpg 300w, https:\/\/gazetaregionalna.com\/wp-content\/uploads\/2021\/01\/AZS-Radlin-4-768x571.jpg 768w, https:\/\/gazetaregionalna.com\/wp-content\/uploads\/2021\/01\/AZS-Radlin-4-1536x1142.jpg 1536w, https:\/\/gazetaregionalna.com\/wp-content\/uploads\/2021\/01\/AZS-Radlin-4-485x360.jpg 485w, https:\/\/gazetaregionalna.com\/wp-content\/uploads\/2021\/01\/AZS-Radlin-4-696x517.jpg 696w, https:\/\/gazetaregionalna.com\/wp-content\/uploads\/2021\/01\/AZS-Radlin-4-1068x794.jpg 1068w, https:\/\/gazetaregionalna.com\/wp-content\/uploads\/2021\/01\/AZS-Radlin-4-565x420.jpg 565w, https:\/\/gazetaregionalna.com\/wp-content\/uploads\/2021\/01\/AZS-Radlin-4-80x60.jpg 80w, https:\/\/gazetaregionalna.com\/wp-content\/uploads\/2021\/01\/AZS-Radlin-4-265x198.jpg 265w, https:\/\/gazetaregionalna.com\/wp-content\/uploads\/2021\/01\/AZS-Radlin-4.jpg 1200w\" data-sizes=\"(max-width: 1024px) 100vw, 1024px\" src=\"data:image\/svg+xml;base64,PHN2ZyB3aWR0aD0iMSIgaGVpZ2h0PSIxIiB4bWxucz0iaHR0cDovL3d3dy53My5vcmcvMjAwMC9zdmciPjwvc3ZnPg==\" style=\"--smush-placeholder-width: 1024px; --smush-placeholder-aspect-ratio: 1024\/761;\" \/><\/figure><\/li><li class=\"blocks-gallery-item\"><figure><img decoding=\"async\" width=\"1024\" height=\"881\" data-src=\"https:\/\/gazetaregionalna.com\/wp-content\/uploads\/2021\/01\/AZS-Radlin-17-1024x881.jpg\" alt=\"\" data-id=\"31590\" data-full-url=\"https:\/\/gazetaregionalna.com\/wp-content\/uploads\/2021\/01\/AZS-Radlin-17.jpg\" data-link=\"https:\/\/gazetaregionalna.com\/azs-radlin-17\/\" class=\"wp-image-31590 lazyload\" data-srcset=\"https:\/\/gazetaregionalna.com\/wp-content\/uploads\/2021\/01\/AZS-Radlin-17-1024x881.jpg 1024w, https:\/\/gazetaregionalna.com\/wp-content\/uploads\/2021\/01\/AZS-Radlin-17-300x258.jpg 300w, https:\/\/gazetaregionalna.com\/wp-content\/uploads\/2021\/01\/AZS-Radlin-17-768x661.jpg 768w, https:\/\/gazetaregionalna.com\/wp-content\/uploads\/2021\/01\/AZS-Radlin-17-1536x1322.jpg 1536w, https:\/\/gazetaregionalna.com\/wp-content\/uploads\/2021\/01\/AZS-Radlin-17-696x599.jpg 696w, https:\/\/gazetaregionalna.com\/wp-content\/uploads\/2021\/01\/AZS-Radlin-17-1068x919.jpg 1068w, https:\/\/gazetaregionalna.com\/wp-content\/uploads\/2021\/01\/AZS-Radlin-17-488x420.jpg 488w, https:\/\/gazetaregionalna.com\/wp-content\/uploads\/2021\/01\/AZS-Radlin-17.jpg 1200w\" data-sizes=\"(max-width: 1024px) 100vw, 1024px\" src=\"data:image\/svg+xml;base64,PHN2ZyB3aWR0aD0iMSIgaGVpZ2h0PSIxIiB4bWxucz0iaHR0cDovL3d3dy53My5vcmcvMjAwMC9zdmciPjwvc3ZnPg==\" style=\"--smush-placeholder-width: 1024px; --smush-placeholder-aspect-ratio: 1024\/881;\" \/><\/figure><\/li><li class=\"blocks-gallery-item\"><figure><img decoding=\"async\" width=\"1024\" height=\"683\" data-src=\"https:\/\/gazetaregionalna.com\/wp-content\/uploads\/2021\/01\/AZS-Radlin-1-1024x683.jpg\" alt=\"\" data-id=\"31587\" data-full-url=\"https:\/\/gazetaregionalna.com\/wp-content\/uploads\/2021\/01\/AZS-Radlin-1.jpg\" data-link=\"https:\/\/gazetaregionalna.com\/azs-radlin-1\/\" class=\"wp-image-31587 lazyload\" data-srcset=\"https:\/\/gazetaregionalna.com\/wp-content\/uploads\/2021\/01\/AZS-Radlin-1-1024x683.jpg 1024w, https:\/\/gazetaregionalna.com\/wp-content\/uploads\/2021\/01\/AZS-Radlin-1-300x200.jpg 300w, https:\/\/gazetaregionalna.com\/wp-content\/uploads\/2021\/01\/AZS-Radlin-1-768x512.jpg 768w, https:\/\/gazetaregionalna.com\/wp-content\/uploads\/2021\/01\/AZS-Radlin-1-1536x1024.jpg 1536w, https:\/\/gazetaregionalna.com\/wp-content\/uploads\/2021\/01\/AZS-Radlin-1-696x464.jpg 696w, https:\/\/gazetaregionalna.com\/wp-content\/uploads\/2021\/01\/AZS-Radlin-1-1068x712.jpg 1068w, https:\/\/gazetaregionalna.com\/wp-content\/uploads\/2021\/01\/AZS-Radlin-1-630x420.jpg 630w, https:\/\/gazetaregionalna.com\/wp-content\/uploads\/2021\/01\/AZS-Radlin-1.jpg 1200w\" data-sizes=\"(max-width: 1024px) 100vw, 1024px\" src=\"data:image\/svg+xml;base64,PHN2ZyB3aWR0aD0iMSIgaGVpZ2h0PSIxIiB4bWxucz0iaHR0cDovL3d3dy53My5vcmcvMjAwMC9zdmciPjwvc3ZnPg==\" style=\"--smush-placeholder-width: 1024px; --smush-placeholder-aspect-ratio: 1024\/683;\" \/><\/figure><\/li><li class=\"blocks-gallery-item\"><figure><img decoding=\"async\" width=\"1024\" height=\"683\" data-src=\"https:\/\/gazetaregionalna.com\/wp-content\/uploads\/2021\/01\/AZS-Radlin-22-1-1024x683.jpg\" alt=\"\" data-id=\"31589\" data-full-url=\"https:\/\/gazetaregionalna.com\/wp-content\/uploads\/2021\/01\/AZS-Radlin-22-1.jpg\" data-link=\"https:\/\/gazetaregionalna.com\/azs-radlin-22-2\/\" class=\"wp-image-31589 lazyload\" data-srcset=\"https:\/\/gazetaregionalna.com\/wp-content\/uploads\/2021\/01\/AZS-Radlin-22-1-1024x683.jpg 1024w, https:\/\/gazetaregionalna.com\/wp-content\/uploads\/2021\/01\/AZS-Radlin-22-1-300x200.jpg 300w, https:\/\/gazetaregionalna.com\/wp-content\/uploads\/2021\/01\/AZS-Radlin-22-1-768x512.jpg 768w, https:\/\/gazetaregionalna.com\/wp-content\/uploads\/2021\/01\/AZS-Radlin-22-1-1536x1024.jpg 1536w, https:\/\/gazetaregionalna.com\/wp-content\/uploads\/2021\/01\/AZS-Radlin-22-1-696x464.jpg 696w, https:\/\/gazetaregionalna.com\/wp-content\/uploads\/2021\/01\/AZS-Radlin-22-1-1068x712.jpg 1068w, https:\/\/gazetaregionalna.com\/wp-content\/uploads\/2021\/01\/AZS-Radlin-22-1-630x420.jpg 630w, https:\/\/gazetaregionalna.com\/wp-content\/uploads\/2021\/01\/AZS-Radlin-22-1.jpg 1200w\" data-sizes=\"(max-width: 1024px) 100vw, 1024px\" src=\"data:image\/svg+xml;base64,PHN2ZyB3aWR0aD0iMSIgaGVpZ2h0PSIxIiB4bWxucz0iaHR0cDovL3d3dy53My5vcmcvMjAwMC9zdmciPjwvc3ZnPg==\" style=\"--smush-placeholder-width: 1024px; --smush-placeholder-aspect-ratio: 1024\/683;\" \/><\/figure><\/li><\/ul><\/figure>\n\n\n\n<p>Aktualnie w tabeli 1 ligi \u015bl\u0105skiej prowadzi AZS Cz\u0119stochowa. W 13 spotkaniach zdoby\u0142 36 punkt\u00f3w. KS Rudziniec jest z 26 punktami jest na 2. pozycji. Rywale rozegrali jednak 11 spotka\u0144, 2 mniej ni\u017c AZS. 3. pozycj\u0119 z 20 punktami zajmuje Hemarpol Norwid Cz\u0119stochowa (9 rozegranych mecz\u00f3w).<\/p>\n\n\n\n<p><strong>Tabela 1 ligi \u015bl\u0105skiej<\/strong><\/p>\n\n\n\n<ol class=\"wp-block-list\"><li>AZS Cz\u0119stochowa 13 36 36:10<\/li><li>KS Rudziniec 11 26 28:13<\/li><li>Hemarpol Norwid Cz\u0119stochowa 9 20 23:11<\/li><li>Talent Cieszyn 12 19 23:20<\/li><li>G\u00f3rnik Radlin 12 19 25:23<\/li><li>Eco-Team AZS 12 15 20:22<\/li><li>Tr\u00f3jka Miko\u0142\u00f3w 9 14 17:18<\/li><li>Jedynka Jaworzno 12 13 21:31<\/li><li>Rafako Racib\u00f3rz 11 13 18:22<\/li><li>P\u0142omie\u0144 Przystaj\u0144 11 12 18:25<\/li><li>Olimpia W\u0142odowice 11 7 14:30<\/li><li>MKSR Pyskowice 9 4 7:25<\/li><\/ol>\n\n\n\n<p>Foto: gazeta Regionalna <\/p>\n\n\n\n<p><\/p>\n","protected":false},"excerpt":{"rendered":"<p>W sobot\u0119 siatkarze AZS Cz\u0119stochowa w meczu na szczycie 1 ligi \u015bl\u0105skiej zgodnie z terminarzem mieli podejmowa\u0107 KS Rudziniec. Lider z Cz\u0119stochowy zagra jednak<\/p>\n","protected":false},"author":15,"featured_media":31587,"comment_status":"open","ping_status":"open","sticky":false,"template":"","format":"standard","meta":{"_monsterinsights_skip_tracking":false,"_monsterinsights_sitenote_active":false,"_monsterinsights_sitenote_note":"","_monsterinsights_sitenote_category":0,"_uf_show_specific_survey":0,"_uf_disable_surveys":false,"footnotes":""},"categories":[5,8],"tags":[],"class_list":["post-31885","post","type-post","status-publish","format-standard","has-post-thumbnail","hentry","category-sport","category-siatkowka"],"_links":{"self":[{"href":"https:\/\/gazetaregionalna.com\/index.php?rest_route=\/wp\/v2\/posts\/31885","targetHints":{"allow":["GET"]}}],"collection":[{"href":"https:\/\/gazetaregionalna.com\/index.php?rest_route=\/wp\/v2\/posts"}],"about":[{"href":"https:\/\/gazetaregionalna.com\/index.php?rest_route=\/wp\/v2\/types\/post"}],"author":[{"embeddable":true,"href":"https:\/\/gazetaregionalna.com\/index.php?rest_route=\/wp\/v2\/users\/15"}],"replies":[{"embeddable":true,"href":"https:\/\/gazetaregionalna.com\/index.php?rest_route=%2Fwp%2Fv2%2Fcomments&post=31885"}],"version-history":[{"count":1,"href":"https:\/\/gazetaregionalna.com\/index.php?rest_route=\/wp\/v2\/posts\/31885\/revisions"}],"predecessor-version":[{"id":31887,"href":"https:\/\/gazetaregionalna.com\/index.php?rest_route=\/wp\/v2\/posts\/31885\/revisions\/31887"}],"wp:featuredmedia":[{"embeddable":true,"href":"https:\/\/gazetaregionalna.com\/index.php?rest_route=\/wp\/v2\/media\/31587"}],"wp:attachment":[{"href":"https:\/\/gazetaregionalna.com\/index.php?rest_route=%2Fwp%2Fv2%2Fmedia&parent=31885"}],"wp:term":[{"taxonomy":"category","embeddable":true,"href":"https:\/\/gazetaregionalna.com\/index.php?rest_route=%2Fwp%2Fv2%2Fcategories&post=31885"},{"taxonomy":"post_tag","embeddable":true,"href":"https:\/\/gazetaregionalna.com\/index.php?rest_route=%2Fwp%2Fv2%2Ftags&post=31885"}],"curies":[{"name":"wp","href":"https:\/\/api.w.org\/{rel}","templated":true}]}}