{"id":31677,"date":"2021-01-19T11:43:44","date_gmt":"2021-01-19T11:43:44","guid":{"rendered":"https:\/\/gazetaregionalna.com\/?p=31677"},"modified":"2021-01-19T11:53:08","modified_gmt":"2021-01-19T11:53:08","slug":"uks-speedway-redziny-dla-wosp","status":"publish","type":"post","link":"https:\/\/gazetaregionalna.com\/?p=31677","title":{"rendered":"Srebrny medal \u017cu\u017clowc\u00f3w UKS Speedway R\u0119dziny dla WO\u015aP"},"content":{"rendered":"\n<h3 class=\"wp-block-heading\"><strong>Klub UKS Speedway R\u0119dziny przekaza\u0142 na licytacj\u0119 &nbsp;WO\u015aP sw\u00f3j srebrny medal Dru\u017cynowych Mistrzostw Polski w mini \u017cu\u017clu.<\/strong><\/h3>\n\n\n\n<p>Przypomnijmy, w pa\u017adzierniku 2020 r. podopieczni trenera J\u00f3zefa Kafla w sk\u0142adzie: kapitan Wiktor Andryszczak, Mi\u0142osz Kowalski oraz Krystian Gr\u0119da uplasowali si\u0119 na II miejscu w klasyfikacji generalnej <a href=\"https:\/\/gazetaregionalna.com\/wp-admin\/post.php?post=23790&amp;action=edit\" class=\"rank-math-link\">Dru\u017cynowych Mistrzostw Polski w mini \u017cu\u017clu<\/a>. Po wyj\u0105tkowo ci\u0119\u017ckim sezonie zar\u00f3wno pod wzgl\u0119dem organizacyjnym, jak i sportowym mo\u017cna m\u00f3wi\u0107 o du\u017cym sukcesie wicemistrz\u00f3w z R\u0119dzin. Tym bardziej cieszy postawa zawodnik\u00f3w <a href=\"https:\/\/www.facebook.com\/UksSpeedwayRedziny\" class=\"rank-math-link\" target=\"_blank\" rel=\"noopener\">UKS Speedway R\u0119dziny<\/a>, kt\u00f3rzy przekazali swoje cenne trofeum na rzecz WO\u015aP-u i wsparcie potrzebuj\u0105cych dzieciak\u00f3w.<\/p>\n\n\n\n<figure class=\"wp-block-image size-large\"><img decoding=\"async\" width=\"768\" height=\"1024\" data-src=\"https:\/\/gazetaregionalna.com\/wp-content\/uploads\/2021\/01\/medal-zuzlowcow-UKS-Speedway-Redziny-dla-WOSP2-768x1024.jpg\" alt=\"\" class=\"wp-image-31678 lazyload\" data-srcset=\"https:\/\/gazetaregionalna.com\/wp-content\/uploads\/2021\/01\/medal-zuzlowcow-UKS-Speedway-Redziny-dla-WOSP2-768x1024.jpg 768w, https:\/\/gazetaregionalna.com\/wp-content\/uploads\/2021\/01\/medal-zuzlowcow-UKS-Speedway-Redziny-dla-WOSP2-225x300.jpg 225w, https:\/\/gazetaregionalna.com\/wp-content\/uploads\/2021\/01\/medal-zuzlowcow-UKS-Speedway-Redziny-dla-WOSP2-1152x1536.jpg 1152w, https:\/\/gazetaregionalna.com\/wp-content\/uploads\/2021\/01\/medal-zuzlowcow-UKS-Speedway-Redziny-dla-WOSP2-696x928.jpg 696w, https:\/\/gazetaregionalna.com\/wp-content\/uploads\/2021\/01\/medal-zuzlowcow-UKS-Speedway-Redziny-dla-WOSP2-1068x1424.jpg 1068w, https:\/\/gazetaregionalna.com\/wp-content\/uploads\/2021\/01\/medal-zuzlowcow-UKS-Speedway-Redziny-dla-WOSP2-315x420.jpg 315w, https:\/\/gazetaregionalna.com\/wp-content\/uploads\/2021\/01\/medal-zuzlowcow-UKS-Speedway-Redziny-dla-WOSP2.jpg 1200w\" data-sizes=\"(max-width: 768px) 100vw, 768px\" src=\"data:image\/svg+xml;base64,PHN2ZyB3aWR0aD0iMSIgaGVpZ2h0PSIxIiB4bWxucz0iaHR0cDovL3d3dy53My5vcmcvMjAwMC9zdmciPjwvc3ZnPg==\" style=\"--smush-placeholder-width: 768px; --smush-placeholder-aspect-ratio: 768\/1024;\" \/><\/figure>\n\n\n\n<p>Siedzib\u0119 cz\u0119stochowskiego sztabu WO\u015aP odwiedzili prezes S\u0142awomir Misiewicz oraz kapitan dru\u017cyny Wiktor Andryszczak.<\/p>\n\n\n\n<p>Zach\u0119camy do licytacji: <a rel=\"noreferrer noopener\" href=\"https:\/\/allegro.pl\/oferta\/medal-druzynowy-wicemistrz-polski-w-mini-zuzlu-10128963629\" target=\"_blank\">https:\/\/allegro.pl\/oferta\/medal-druzynowy-wicemistrz-polski-w-mini-zuzlu-10128963629<\/a><\/p>\n\n\n\n<figure class=\"wp-block-image size-large\"><img decoding=\"async\" width=\"768\" height=\"1024\" data-src=\"https:\/\/gazetaregionalna.com\/wp-content\/uploads\/2021\/01\/medal-zuzlowcow-UKS-Speedway-Redziny-dla-WOSP1-1-768x1024.jpg\" alt=\"\" class=\"wp-image-31683 lazyload\" data-srcset=\"https:\/\/gazetaregionalna.com\/wp-content\/uploads\/2021\/01\/medal-zuzlowcow-UKS-Speedway-Redziny-dla-WOSP1-1-768x1024.jpg 768w, https:\/\/gazetaregionalna.com\/wp-content\/uploads\/2021\/01\/medal-zuzlowcow-UKS-Speedway-Redziny-dla-WOSP1-1-225x300.jpg 225w, https:\/\/gazetaregionalna.com\/wp-content\/uploads\/2021\/01\/medal-zuzlowcow-UKS-Speedway-Redziny-dla-WOSP1-1-1152x1536.jpg 1152w, https:\/\/gazetaregionalna.com\/wp-content\/uploads\/2021\/01\/medal-zuzlowcow-UKS-Speedway-Redziny-dla-WOSP1-1-696x928.jpg 696w, https:\/\/gazetaregionalna.com\/wp-content\/uploads\/2021\/01\/medal-zuzlowcow-UKS-Speedway-Redziny-dla-WOSP1-1-1068x1424.jpg 1068w, https:\/\/gazetaregionalna.com\/wp-content\/uploads\/2021\/01\/medal-zuzlowcow-UKS-Speedway-Redziny-dla-WOSP1-1-315x420.jpg 315w, https:\/\/gazetaregionalna.com\/wp-content\/uploads\/2021\/01\/medal-zuzlowcow-UKS-Speedway-Redziny-dla-WOSP1-1.jpg 1200w\" data-sizes=\"(max-width: 768px) 100vw, 768px\" src=\"data:image\/svg+xml;base64,PHN2ZyB3aWR0aD0iMSIgaGVpZ2h0PSIxIiB4bWxucz0iaHR0cDovL3d3dy53My5vcmcvMjAwMC9zdmciPjwvc3ZnPg==\" style=\"--smush-placeholder-width: 768px; --smush-placeholder-aspect-ratio: 768\/1024;\" \/><\/figure>\n\n\n\n<p><\/p>\n","protected":false},"excerpt":{"rendered":"<p>Klub UKS Speedway R\u0119dziny przekaza\u0142 na licytacj\u0119 &nbsp;WO\u015aP sw\u00f3j srebrny medal Dru\u017cynowych Mistrzostw Polski w mini \u017cu\u017clu. Przypomnijmy, w pa\u017adzierniku 2020 r. podopieczni trenera<\/p>\n","protected":false},"author":5,"featured_media":31679,"comment_status":"open","ping_status":"open","sticky":false,"template":"","format":"standard","meta":{"_monsterinsights_skip_tracking":false,"_monsterinsights_sitenote_active":false,"_monsterinsights_sitenote_note":"","_monsterinsights_sitenote_category":0,"_uf_show_specific_survey":0,"_uf_disable_surveys":false,"footnotes":""},"categories":[5,3,7],"tags":[],"class_list":["post-31677","post","type-post","status-publish","format-standard","has-post-thumbnail","hentry","category-sport","category-czestochowa-informacje","category-zuzel"],"_links":{"self":[{"href":"https:\/\/gazetaregionalna.com\/index.php?rest_route=\/wp\/v2\/posts\/31677","targetHints":{"allow":["GET"]}}],"collection":[{"href":"https:\/\/gazetaregionalna.com\/index.php?rest_route=\/wp\/v2\/posts"}],"about":[{"href":"https:\/\/gazetaregionalna.com\/index.php?rest_route=\/wp\/v2\/types\/post"}],"author":[{"embeddable":true,"href":"https:\/\/gazetaregionalna.com\/index.php?rest_route=\/wp\/v2\/users\/5"}],"replies":[{"embeddable":true,"href":"https:\/\/gazetaregionalna.com\/index.php?rest_route=%2Fwp%2Fv2%2Fcomments&post=31677"}],"version-history":[{"count":5,"href":"https:\/\/gazetaregionalna.com\/index.php?rest_route=\/wp\/v2\/posts\/31677\/revisions"}],"predecessor-version":[{"id":31700,"href":"https:\/\/gazetaregionalna.com\/index.php?rest_route=\/wp\/v2\/posts\/31677\/revisions\/31700"}],"wp:featuredmedia":[{"embeddable":true,"href":"https:\/\/gazetaregionalna.com\/index.php?rest_route=\/wp\/v2\/media\/31679"}],"wp:attachment":[{"href":"https:\/\/gazetaregionalna.com\/index.php?rest_route=%2Fwp%2Fv2%2Fmedia&parent=31677"}],"wp:term":[{"taxonomy":"category","embeddable":true,"href":"https:\/\/gazetaregionalna.com\/index.php?rest_route=%2Fwp%2Fv2%2Fcategories&post=31677"},{"taxonomy":"post_tag","embeddable":true,"href":"https:\/\/gazetaregionalna.com\/index.php?rest_route=%2Fwp%2Fv2%2Ftags&post=31677"}],"curies":[{"name":"wp","href":"https:\/\/api.w.org\/{rel}","templated":true}]}}