{"id":31627,"date":"2021-01-18T13:34:21","date_gmt":"2021-01-18T13:34:21","guid":{"rendered":"https:\/\/gazetaregionalna.com\/?p=31627"},"modified":"2021-01-18T13:34:24","modified_gmt":"2021-01-18T13:34:24","slug":"czestochowscy-policjanci-zatrzymali-3-mezczyzn-poszukiwanych-listami-gonczymi","status":"publish","type":"post","link":"https:\/\/gazetaregionalna.com\/?p=31627","title":{"rendered":"Cz\u0119stochowscy policjanci zatrzymali 3 m\u0119\u017cczyzn poszukiwanych listami go\u0144czymi"},"content":{"rendered":"\n<h3 class=\"wp-block-heading\"><strong>Cz\u0119stochowscy policjanci zatrzymali 3 m\u0119\u017cczyzn poszukiwanych listami go\u0144czymi. Ca\u0142a tr\u00f3jka trafi\u0142a do aresztu.<\/strong> Wszystkie zatrzymania mia\u0142y miejsce w ci\u0105gu jednego tygodnia.<\/h3>\n\n\n\n<p>[post_gallery]<\/p>\n\n\n\n<p>Kryminalni z Cz\u0119stochowy zatrzymali trzech przest\u0119pc\u00f3w w wieku 36-46 lat, kt\u00f3rzy od paru lat ukrywali si\u0119 przed organami \u015bcigania.<\/p>\n\n\n\n<p>Jeden z zatrzymanych w Cz\u0119stochowie m\u0119\u017cczyzn od ponad 2 lat by\u0142 poszukiwany dwoma listami go\u0144czymi za przest\u0119pstwa narkotykowe. Teraz najbli\u017csze 3 lata sp\u0119dzi w wi\u0119zieniu.<\/p>\n\n\n\n<p>Kolejny poszukiwany zosta\u0142 ujawniony w Blachowni. Tam policjanci zatrzymali 36-latka poszukiwanego od 7 lat. Przez ten czas uporczywie uchyla\u0142 si\u0119 od p\u0142acenia aliment\u00f3w poza granicami kraju. Kiedy go zatrzymano, policjanci znale\u017ali przy nim narkotyki. M\u0119\u017cczyzna na 6 miesi\u0119cy trafi\u0142 do aresztu.<\/p>\n\n\n\n<p>Blisko p\u00f3\u0142tora roku sp\u0119dzi w wi\u0119zieniu kolejny z zatrzymanych \u2013 46-letni cz\u0119stochowianin. Jak informuje Komenda Miejska Policji w Cz\u0119stochowie, by\u0142 on poszukiwany trzema listami go\u0144czymi za kradzie\u017ce i zn\u0119canie si\u0119 nad zwierz\u0119tami.<\/p>\n","protected":false},"excerpt":{"rendered":"<p>Cz\u0119stochowscy policjanci zatrzymali 3 m\u0119\u017cczyzn poszukiwanych listami go\u0144czymi. Ca\u0142a tr\u00f3jka trafi\u0142a do aresztu. Wszystkie zatrzymania mia\u0142y miejsce w ci\u0105gu jednego tygodnia. [post_gallery] Kryminalni z<\/p>\n","protected":false},"author":7,"featured_media":31630,"comment_status":"open","ping_status":"open","sticky":false,"template":"","format":"standard","meta":{"_monsterinsights_skip_tracking":false,"_monsterinsights_sitenote_active":false,"_monsterinsights_sitenote_note":"","_monsterinsights_sitenote_category":0,"_uf_show_specific_survey":0,"_uf_disable_surveys":false,"footnotes":""},"categories":[94,3,2],"tags":[],"class_list":["post-31627","post","type-post","status-publish","format-standard","has-post-thumbnail","hentry","category-polecane","category-czestochowa-informacje","category-wiadomosci"],"_links":{"self":[{"href":"https:\/\/gazetaregionalna.com\/index.php?rest_route=\/wp\/v2\/posts\/31627","targetHints":{"allow":["GET"]}}],"collection":[{"href":"https:\/\/gazetaregionalna.com\/index.php?rest_route=\/wp\/v2\/posts"}],"about":[{"href":"https:\/\/gazetaregionalna.com\/index.php?rest_route=\/wp\/v2\/types\/post"}],"author":[{"embeddable":true,"href":"https:\/\/gazetaregionalna.com\/index.php?rest_route=\/wp\/v2\/users\/7"}],"replies":[{"embeddable":true,"href":"https:\/\/gazetaregionalna.com\/index.php?rest_route=%2Fwp%2Fv2%2Fcomments&post=31627"}],"version-history":[{"count":2,"href":"https:\/\/gazetaregionalna.com\/index.php?rest_route=\/wp\/v2\/posts\/31627\/revisions"}],"predecessor-version":[{"id":31632,"href":"https:\/\/gazetaregionalna.com\/index.php?rest_route=\/wp\/v2\/posts\/31627\/revisions\/31632"}],"wp:featuredmedia":[{"embeddable":true,"href":"https:\/\/gazetaregionalna.com\/index.php?rest_route=\/wp\/v2\/media\/31630"}],"wp:attachment":[{"href":"https:\/\/gazetaregionalna.com\/index.php?rest_route=%2Fwp%2Fv2%2Fmedia&parent=31627"}],"wp:term":[{"taxonomy":"category","embeddable":true,"href":"https:\/\/gazetaregionalna.com\/index.php?rest_route=%2Fwp%2Fv2%2Fcategories&post=31627"},{"taxonomy":"post_tag","embeddable":true,"href":"https:\/\/gazetaregionalna.com\/index.php?rest_route=%2Fwp%2Fv2%2Ftags&post=31627"}],"curies":[{"name":"wp","href":"https:\/\/api.w.org\/{rel}","templated":true}]}}