{"id":31623,"date":"2021-01-18T13:20:22","date_gmt":"2021-01-18T13:20:22","guid":{"rendered":"https:\/\/gazetaregionalna.com\/?p=31623"},"modified":"2021-01-18T13:20:36","modified_gmt":"2021-01-18T13:20:36","slug":"dzis-obchodzimy-swiatowy-dzien-balwana","status":"publish","type":"post","link":"https:\/\/gazetaregionalna.com\/?p=31623","title":{"rendered":"Dzi\u015b obchodzimy \u015awiatowy Dzie\u0144 Ba\u0142wana"},"content":{"rendered":"\n<p>Dzi\u015b obchodzimy \u015awiatowy Dzie\u0144 Ba\u0142wana, jednego z najbardziej rozpoznawalnych symboli zimy.<\/p>\n\n\n\n<p>Ka\u017cdy go zna i ten du\u017cy i ten ma\u0142y. Jest to jedno z wielu wspomnie\u0144 z dzieci\u0144stwa, kt\u00f3re \u0142\u0105czy ze sob\u0105 praktycznie wszystkich. Budowanie ba\u0142wana by\u0142o i ci\u0105gle jest, niezwyk\u0142\u0105 zabaw\u0105 nie tylko dla dzieci, ale tak\u017ce doros\u0142ych, kt\u00f3rzy z budowania ba\u0142wana s\u0105 w stanie zrobi\u0107 istne arcydzie\u0142o.<\/p>\n\n\n\n<p>Niestety z powodu zmiany klimatu, czyli globalnego ocieplenia Ba\u0142wan jest gatunkiem gin\u0105cym w cz\u0119\u015bci Europy. Zimy s\u0105 coraz cieplejsze i praktycznie bez \u015bniegu. Je\u015bli nawet spadnie troch\u0119 \u015bniegu, szybko si\u0119 topi, dlatego cz\u0119\u015bciej mo\u017cna go spotka\u0107 jako \u015bwi\u0105teczn\u0105 ozdob\u0119, bombk\u0119 na choink\u0119, czy te\u017c w reklamach.<\/p>\n\n\n\n<p>Jednak w tym roku w ostatnich dniach zima by\u0142a \u0142askawa i ku uciesze dzieci spad\u0142o bardzo du\u017co \u015bniegu. Od razu na podw\u00f3rkach, parkingach czy innych placach powsta\u0142y \u015bnie\u017cne ba\u0142wanki.<\/p>\n\n\n\n<p>18 stycznia nie jest ca\u0142kowicie przypadkowa. Je\u015bli si\u0119 przyjrzymy i u\u017cyjemy troch\u0119 wyobra\u017ani, to mo\u017cemy zauwa\u017cy\u0107, \u017ce 18 wygl\u0105da jak ba\u0142wan trzymaj\u0105cy miot\u0142\u0119. Dlatego jest to idealny dzie\u0144, by przypomnie\u0107 sobie, jak si\u0119 czuli\u015bmy w dzieci\u0144stwie, kiedy widzieli\u015bmy \u015bnieg. Wyjd\u017amy na \u015bnieg, zabierzmy ze sob\u0105 najm\u0142odszych, przyjaci\u00f3\u0142 i \u015bwi\u0119tujmy ten dzie\u0144, buduj\u0105c wspania\u0142e i wyj\u0105tkowe ba\u0142wany.<\/p>\n","protected":false},"excerpt":{"rendered":"<p>Dzi\u015b obchodzimy \u015awiatowy Dzie\u0144 Ba\u0142wana, jednego z najbardziej rozpoznawalnych symboli zimy. Ka\u017cdy go zna i ten du\u017cy i ten ma\u0142y. Jest to jedno z<\/p>\n","protected":false},"author":12,"featured_media":31625,"comment_status":"open","ping_status":"open","sticky":false,"template":"","format":"standard","meta":{"_monsterinsights_skip_tracking":false,"_monsterinsights_sitenote_active":false,"_monsterinsights_sitenote_note":"","_monsterinsights_sitenote_category":0,"_uf_show_specific_survey":0,"_uf_disable_surveys":false,"footnotes":""},"categories":[94,3,27,25,26,28,4,2],"tags":[1359],"class_list":["post-31623","post","type-post","status-publish","format-standard","has-post-thumbnail","hentry","category-polecane","category-czestochowa-informacje","category-klobuck-informacje","category-lubliniec","category-myszkow","category-radomsko","category-region","category-wiadomosci","tag-balwan"],"_links":{"self":[{"href":"https:\/\/gazetaregionalna.com\/index.php?rest_route=\/wp\/v2\/posts\/31623","targetHints":{"allow":["GET"]}}],"collection":[{"href":"https:\/\/gazetaregionalna.com\/index.php?rest_route=\/wp\/v2\/posts"}],"about":[{"href":"https:\/\/gazetaregionalna.com\/index.php?rest_route=\/wp\/v2\/types\/post"}],"author":[{"embeddable":true,"href":"https:\/\/gazetaregionalna.com\/index.php?rest_route=\/wp\/v2\/users\/12"}],"replies":[{"embeddable":true,"href":"https:\/\/gazetaregionalna.com\/index.php?rest_route=%2Fwp%2Fv2%2Fcomments&post=31623"}],"version-history":[{"count":1,"href":"https:\/\/gazetaregionalna.com\/index.php?rest_route=\/wp\/v2\/posts\/31623\/revisions"}],"predecessor-version":[{"id":31624,"href":"https:\/\/gazetaregionalna.com\/index.php?rest_route=\/wp\/v2\/posts\/31623\/revisions\/31624"}],"wp:featuredmedia":[{"embeddable":true,"href":"https:\/\/gazetaregionalna.com\/index.php?rest_route=\/wp\/v2\/media\/31625"}],"wp:attachment":[{"href":"https:\/\/gazetaregionalna.com\/index.php?rest_route=%2Fwp%2Fv2%2Fmedia&parent=31623"}],"wp:term":[{"taxonomy":"category","embeddable":true,"href":"https:\/\/gazetaregionalna.com\/index.php?rest_route=%2Fwp%2Fv2%2Fcategories&post=31623"},{"taxonomy":"post_tag","embeddable":true,"href":"https:\/\/gazetaregionalna.com\/index.php?rest_route=%2Fwp%2Fv2%2Ftags&post=31623"}],"curies":[{"name":"wp","href":"https:\/\/api.w.org\/{rel}","templated":true}]}}