{"id":31533,"date":"2021-01-16T11:09:59","date_gmt":"2021-01-16T11:09:59","guid":{"rendered":"https:\/\/gazetaregionalna.com\/?p=31533"},"modified":"2021-01-16T11:10:01","modified_gmt":"2021-01-16T11:10:01","slug":"w-klobucku-sluzbe-rozpoczelo-czterech-nowych-funkcjonariuszy","status":"publish","type":"post","link":"https:\/\/gazetaregionalna.com\/?p=31533","title":{"rendered":"W K\u0142obucku s\u0142u\u017cb\u0119 rozpocz\u0119\u0142o czterech nowych funkcjonariuszy"},"content":{"rendered":"\n<h3 class=\"wp-block-heading\">W K\u0142obucku s\u0142u\u017cb\u0119 rozpocz\u0119\u0142o czterech nowych policjant\u00f3w. Nowo mianowani funkcjonariusze z\u0142o\u017cyli \u015blubowanie w sali konferencyjnej Komendy Powiatowej Policji w K\u0142obucku. Z powodu epidemii, uroczysto\u015b\u0107 mia\u0142a kameralny charakter.<\/h3>\n\n\n\n<p><code>[post_gallery]<\/code><\/p>\n\n\n\n<p>\u015alubowanie od policjant\u00f3w przyj\u0105\u0142 Komendant Powiatowy Policji w K\u0142obucku insp. Tomasz G\u00f3rka.<\/p>\n\n\n\n<p>Jak informuje k\u0142obucka komenda, po odbyciu przeszkolenia podstawowego, nowi policjanci zasil\u0105 szeregi k\u0142obuckiej policji.<\/p>\n","protected":false},"excerpt":{"rendered":"<p>W K\u0142obucku s\u0142u\u017cb\u0119 rozpocz\u0119\u0142o czterech nowych policjant\u00f3w. Nowo mianowani funkcjonariusze z\u0142o\u017cyli \u015blubowanie w sali konferencyjnej Komendy Powiatowej Policji w K\u0142obucku. Z powodu epidemii, uroczysto\u015b\u0107<\/p>\n","protected":false},"author":7,"featured_media":31538,"comment_status":"open","ping_status":"open","sticky":false,"template":"","format":"standard","meta":{"_monsterinsights_skip_tracking":false,"_monsterinsights_sitenote_active":false,"_monsterinsights_sitenote_note":"","_monsterinsights_sitenote_category":0,"_uf_show_specific_survey":0,"_uf_disable_surveys":false,"footnotes":""},"categories":[27,94,2],"tags":[],"class_list":["post-31533","post","type-post","status-publish","format-standard","has-post-thumbnail","hentry","category-klobuck-informacje","category-polecane","category-wiadomosci"],"_links":{"self":[{"href":"https:\/\/gazetaregionalna.com\/index.php?rest_route=\/wp\/v2\/posts\/31533","targetHints":{"allow":["GET"]}}],"collection":[{"href":"https:\/\/gazetaregionalna.com\/index.php?rest_route=\/wp\/v2\/posts"}],"about":[{"href":"https:\/\/gazetaregionalna.com\/index.php?rest_route=\/wp\/v2\/types\/post"}],"author":[{"embeddable":true,"href":"https:\/\/gazetaregionalna.com\/index.php?rest_route=\/wp\/v2\/users\/7"}],"replies":[{"embeddable":true,"href":"https:\/\/gazetaregionalna.com\/index.php?rest_route=%2Fwp%2Fv2%2Fcomments&post=31533"}],"version-history":[{"count":3,"href":"https:\/\/gazetaregionalna.com\/index.php?rest_route=\/wp\/v2\/posts\/31533\/revisions"}],"predecessor-version":[{"id":31539,"href":"https:\/\/gazetaregionalna.com\/index.php?rest_route=\/wp\/v2\/posts\/31533\/revisions\/31539"}],"wp:featuredmedia":[{"embeddable":true,"href":"https:\/\/gazetaregionalna.com\/index.php?rest_route=\/wp\/v2\/media\/31538"}],"wp:attachment":[{"href":"https:\/\/gazetaregionalna.com\/index.php?rest_route=%2Fwp%2Fv2%2Fmedia&parent=31533"}],"wp:term":[{"taxonomy":"category","embeddable":true,"href":"https:\/\/gazetaregionalna.com\/index.php?rest_route=%2Fwp%2Fv2%2Fcategories&post=31533"},{"taxonomy":"post_tag","embeddable":true,"href":"https:\/\/gazetaregionalna.com\/index.php?rest_route=%2Fwp%2Fv2%2Ftags&post=31533"}],"curies":[{"name":"wp","href":"https:\/\/api.w.org\/{rel}","templated":true}]}}