{"id":31527,"date":"2021-01-16T08:10:51","date_gmt":"2021-01-16T08:10:51","guid":{"rendered":"https:\/\/gazetaregionalna.com\/?p=31527"},"modified":"2021-01-19T07:42:46","modified_gmt":"2021-01-19T07:42:46","slug":"czestochowski-zarzad-drog-przygotowal-film-podsumowujacy-inwestycje-drogowe-ostatnich-12-miesiecy","status":"publish","type":"post","link":"https:\/\/gazetaregionalna.com\/?p=31527","title":{"rendered":"Cz\u0119stochowski Zarz\u0105d Dr\u00f3g przygotowa\u0142 film podsumowuj\u0105cy inwestycje drogowe ostatnich 12 miesi\u0119cy"},"content":{"rendered":"\n<h2 class=\"wp-block-heading\">Cz\u0119stochowski Zarz\u0105d Dr\u00f3g przygotowa\u0142 film podsumowuj\u0105cy inwestycje drogowe ostatnich 12 miesi\u0119cy. W obrazie pokazano mi\u0119dzy innymi roboty wykonane w ramach przebudowy ulic: Korczaka, Boya-\u017bele\u0144skiego, Artyleryjskiej, Ko\u015bcielnej, \u015bw. Brata Alberta i Brze\u017anickiej.<\/h2>\n\n\n\n<p>Zdj\u0119cia do filmu kr\u0119cono przy u\u017cyciu drona. Wszystkie prezentowane w obrazie inwestycje miasto realizowa\u0142o w ramach samorz\u0105dowego programu \u201eLepsza Komunikacja w Cz\u0119stochowie\u201d.<\/p>\n\n\n\n<p>Film poni\u017cej<\/p>\n\n\n\n<figure class=\"wp-block-embed is-type-video is-provider-youtube wp-block-embed-youtube wp-embed-aspect-16-9 wp-has-aspect-ratio\"><div class=\"wp-block-embed__wrapper\">\n<div class=\"fitvids-video\"><iframe title=\"WIDOK Z LOTU PTAKA REALIZACJA WYBRANYCH INWESTYCJI DROGOWYCH W 2020 ROKU | CZ\u0118STOCHOWA\" width=\"715\" height=\"402\" data-src=\"https:\/\/www.youtube.com\/embed\/BVeyhT1uQUA?feature=oembed\" frameborder=\"0\" allow=\"accelerometer; autoplay; clipboard-write; encrypted-media; gyroscope; picture-in-picture; web-share\" allowfullscreen src=\"data:image\/svg+xml;base64,PHN2ZyB3aWR0aD0iMSIgaGVpZ2h0PSIxIiB4bWxucz0iaHR0cDovL3d3dy53My5vcmcvMjAwMC9zdmciPjwvc3ZnPg==\" class=\"lazyload\" data-load-mode=\"1\"><\/iframe><\/div>\n<\/div><\/figure>\n\n\n\n<p><\/p>\n","protected":false},"excerpt":{"rendered":"<p>Cz\u0119stochowski Zarz\u0105d Dr\u00f3g przygotowa\u0142 film podsumowuj\u0105cy inwestycje drogowe ostatnich 12 miesi\u0119cy. W obrazie pokazano mi\u0119dzy innymi roboty wykonane w ramach przebudowy ulic: Korczaka, Boya-\u017bele\u0144skiego,<\/p>\n","protected":false},"author":7,"featured_media":31531,"comment_status":"open","ping_status":"open","sticky":false,"template":"","format":"standard","meta":{"_monsterinsights_skip_tracking":false,"_monsterinsights_sitenote_active":false,"_monsterinsights_sitenote_note":"","_monsterinsights_sitenote_category":0,"_uf_show_specific_survey":0,"_uf_disable_surveys":false,"footnotes":""},"categories":[3,94,2],"tags":[],"class_list":["post-31527","post","type-post","status-publish","format-standard","has-post-thumbnail","hentry","category-czestochowa-informacje","category-polecane","category-wiadomosci"],"_links":{"self":[{"href":"https:\/\/gazetaregionalna.com\/index.php?rest_route=\/wp\/v2\/posts\/31527","targetHints":{"allow":["GET"]}}],"collection":[{"href":"https:\/\/gazetaregionalna.com\/index.php?rest_route=\/wp\/v2\/posts"}],"about":[{"href":"https:\/\/gazetaregionalna.com\/index.php?rest_route=\/wp\/v2\/types\/post"}],"author":[{"embeddable":true,"href":"https:\/\/gazetaregionalna.com\/index.php?rest_route=\/wp\/v2\/users\/7"}],"replies":[{"embeddable":true,"href":"https:\/\/gazetaregionalna.com\/index.php?rest_route=%2Fwp%2Fv2%2Fcomments&post=31527"}],"version-history":[{"count":4,"href":"https:\/\/gazetaregionalna.com\/index.php?rest_route=\/wp\/v2\/posts\/31527\/revisions"}],"predecessor-version":[{"id":31664,"href":"https:\/\/gazetaregionalna.com\/index.php?rest_route=\/wp\/v2\/posts\/31527\/revisions\/31664"}],"wp:featuredmedia":[{"embeddable":true,"href":"https:\/\/gazetaregionalna.com\/index.php?rest_route=\/wp\/v2\/media\/31531"}],"wp:attachment":[{"href":"https:\/\/gazetaregionalna.com\/index.php?rest_route=%2Fwp%2Fv2%2Fmedia&parent=31527"}],"wp:term":[{"taxonomy":"category","embeddable":true,"href":"https:\/\/gazetaregionalna.com\/index.php?rest_route=%2Fwp%2Fv2%2Fcategories&post=31527"},{"taxonomy":"post_tag","embeddable":true,"href":"https:\/\/gazetaregionalna.com\/index.php?rest_route=%2Fwp%2Fv2%2Ftags&post=31527"}],"curies":[{"name":"wp","href":"https:\/\/api.w.org\/{rel}","templated":true}]}}