{"id":31478,"date":"2021-01-15T16:03:25","date_gmt":"2021-01-15T16:03:25","guid":{"rendered":"https:\/\/gazetaregionalna.com\/?p=31478"},"modified":"2021-01-15T16:06:35","modified_gmt":"2021-01-15T16:06:35","slug":"azs-czestochowa-5","status":"publish","type":"post","link":"https:\/\/gazetaregionalna.com\/?p=31478","title":{"rendered":"Siatkarze AZS Cz\u0119stochowa odrabiaj\u0105 w niedziel\u0119 zaleg\u0142o\u015bci w 1 lidze \u015bl\u0105skiej"},"content":{"rendered":"\n<p>W niedziel\u0119 o godz. 12 siatkarze AZS Cz\u0119stochowa zmierz\u0105 si\u0119 w 1 lidze \u015bl\u0105skiej w zaleg\u0142ym spotkaniu z G\u00f3rnikiem Radlin.<\/p>\n\n\n\n<p>Co prawda pierwsze mecze w 1 lidze \u015bl\u0105skiej w 2021 powinny odby\u0107 si\u0119 dopiero w nast\u0119pny weekend (23-24 stycznia), ale dru\u017cyny w ferie zimowe nadrabiaj\u0105 zaleg\u0142o\u015bci. W niedziel\u0119 o godz. 12 AZS Cz\u0119stochowa podejmowa\u0107 b\u0119dzie G\u00f3rnik Radlin. AZS to lider 1 ligi \u015bl\u0105skiej. Gracze trenowani przez <strong>Roberta Szczerbaniuka<\/strong> w 12 spotkaniach wygrywali a\u017c 11 razy i pewnie prowadz\u0105 w tabeli.<\/p>\n\n\n\n<p>G\u00f3rnik to te\u017c silna dru\u017cyna, cho\u0107 gra w kratk\u0119. Zawodnicy z Radlina w 10 spotkaniach 5 razy wygrali i 5 razy przegrali. Z 16 punktami zajmuj\u0105 5. pozycj\u0119. Do prowadz\u0105cego AZS-u trac\u0105 a\u017c 17 punkt\u00f3w.<\/p>\n\n\n\n<p>Zdecydowanym spotkanie niedzielnego meczu b\u0119d\u0105 gospodarze.<\/p>\n\n\n\n<p>&#8211; Ten mecz ci\u0105gnie si\u0119 za nami jeszcze z poprzedniego roku \u2013 m\u00f3wi prezes AZS Cz\u0119stochowa <strong>Adam St\u0119pniak<\/strong>. &#8211; Podj\u0119li\u015bmy decyzj\u0119, \u017ce mamy wolny weekend i chcemy nadrobi\u0107 zaleg\u0142o\u015bci. Trener G\u00f3rnika wyrazi\u0142 zgod\u0119 i gramy w najbli\u017csz\u0105 niedziel\u0119.<\/p>\n\n\n\n<figure class=\"wp-block-gallery columns-3 is-cropped wp-block-gallery-1 is-layout-flex wp-block-gallery-is-layout-flex\"><ul class=\"blocks-gallery-grid\"><li class=\"blocks-gallery-item\"><figure><img decoding=\"async\" width=\"1024\" height=\"683\" data-src=\"https:\/\/gazetaregionalna.com\/wp-content\/uploads\/2020\/12\/AZS-26-1-1024x683.jpg\" alt=\"\" data-id=\"28637\" data-full-url=\"https:\/\/gazetaregionalna.com\/wp-content\/uploads\/2020\/12\/AZS-26-1.jpg\" data-link=\"https:\/\/gazetaregionalna.com\/azs-15\/azs-26-2\/\" class=\"wp-image-28637 lazyload\" data-srcset=\"https:\/\/gazetaregionalna.com\/wp-content\/uploads\/2020\/12\/AZS-26-1-1024x683.jpg 1024w, https:\/\/gazetaregionalna.com\/wp-content\/uploads\/2020\/12\/AZS-26-1-300x200.jpg 300w, https:\/\/gazetaregionalna.com\/wp-content\/uploads\/2020\/12\/AZS-26-1-768x512.jpg 768w, https:\/\/gazetaregionalna.com\/wp-content\/uploads\/2020\/12\/AZS-26-1-1536x1024.jpg 1536w, https:\/\/gazetaregionalna.com\/wp-content\/uploads\/2020\/12\/AZS-26-1-696x464.jpg 696w, https:\/\/gazetaregionalna.com\/wp-content\/uploads\/2020\/12\/AZS-26-1-1068x712.jpg 1068w, https:\/\/gazetaregionalna.com\/wp-content\/uploads\/2020\/12\/AZS-26-1-630x420.jpg 630w, https:\/\/gazetaregionalna.com\/wp-content\/uploads\/2020\/12\/AZS-26-1.jpg 1200w\" data-sizes=\"(max-width: 1024px) 100vw, 1024px\" src=\"data:image\/svg+xml;base64,PHN2ZyB3aWR0aD0iMSIgaGVpZ2h0PSIxIiB4bWxucz0iaHR0cDovL3d3dy53My5vcmcvMjAwMC9zdmciPjwvc3ZnPg==\" style=\"--smush-placeholder-width: 1024px; --smush-placeholder-aspect-ratio: 1024\/683;\" \/><\/figure><\/li><li class=\"blocks-gallery-item\"><figure><img decoding=\"async\" width=\"1024\" height=\"683\" data-src=\"https:\/\/gazetaregionalna.com\/wp-content\/uploads\/2020\/12\/AZS-1-1024x683.jpg\" alt=\"\" data-id=\"28628\" data-full-url=\"https:\/\/gazetaregionalna.com\/wp-content\/uploads\/2020\/12\/AZS-1.jpg\" data-link=\"https:\/\/gazetaregionalna.com\/azs-15\/azs-1\/\" class=\"wp-image-28628 lazyload\" data-srcset=\"https:\/\/gazetaregionalna.com\/wp-content\/uploads\/2020\/12\/AZS-1-1024x683.jpg 1024w, https:\/\/gazetaregionalna.com\/wp-content\/uploads\/2020\/12\/AZS-1-300x200.jpg 300w, https:\/\/gazetaregionalna.com\/wp-content\/uploads\/2020\/12\/AZS-1-768x512.jpg 768w, https:\/\/gazetaregionalna.com\/wp-content\/uploads\/2020\/12\/AZS-1-1536x1024.jpg 1536w, https:\/\/gazetaregionalna.com\/wp-content\/uploads\/2020\/12\/AZS-1-696x464.jpg 696w, https:\/\/gazetaregionalna.com\/wp-content\/uploads\/2020\/12\/AZS-1-1068x712.jpg 1068w, https:\/\/gazetaregionalna.com\/wp-content\/uploads\/2020\/12\/AZS-1-630x420.jpg 630w, https:\/\/gazetaregionalna.com\/wp-content\/uploads\/2020\/12\/AZS-1.jpg 1200w\" data-sizes=\"(max-width: 1024px) 100vw, 1024px\" src=\"data:image\/svg+xml;base64,PHN2ZyB3aWR0aD0iMSIgaGVpZ2h0PSIxIiB4bWxucz0iaHR0cDovL3d3dy53My5vcmcvMjAwMC9zdmciPjwvc3ZnPg==\" style=\"--smush-placeholder-width: 1024px; --smush-placeholder-aspect-ratio: 1024\/683;\" \/><\/figure><\/li><li class=\"blocks-gallery-item\"><figure><img decoding=\"async\" width=\"1024\" height=\"683\" data-src=\"https:\/\/gazetaregionalna.com\/wp-content\/uploads\/2020\/12\/AZS-28-1024x683.jpg\" alt=\"\" data-id=\"28622\" data-full-url=\"https:\/\/gazetaregionalna.com\/wp-content\/uploads\/2020\/12\/AZS-28.jpg\" data-link=\"https:\/\/gazetaregionalna.com\/azs-15\/azs-28\/\" class=\"wp-image-28622 lazyload\" data-srcset=\"https:\/\/gazetaregionalna.com\/wp-content\/uploads\/2020\/12\/AZS-28-1024x683.jpg 1024w, https:\/\/gazetaregionalna.com\/wp-content\/uploads\/2020\/12\/AZS-28-300x200.jpg 300w, https:\/\/gazetaregionalna.com\/wp-content\/uploads\/2020\/12\/AZS-28-768x512.jpg 768w, https:\/\/gazetaregionalna.com\/wp-content\/uploads\/2020\/12\/AZS-28-1536x1024.jpg 1536w, https:\/\/gazetaregionalna.com\/wp-content\/uploads\/2020\/12\/AZS-28-696x464.jpg 696w, https:\/\/gazetaregionalna.com\/wp-content\/uploads\/2020\/12\/AZS-28-1068x712.jpg 1068w, https:\/\/gazetaregionalna.com\/wp-content\/uploads\/2020\/12\/AZS-28-630x420.jpg 630w, https:\/\/gazetaregionalna.com\/wp-content\/uploads\/2020\/12\/AZS-28.jpg 1200w\" data-sizes=\"(max-width: 1024px) 100vw, 1024px\" src=\"data:image\/svg+xml;base64,PHN2ZyB3aWR0aD0iMSIgaGVpZ2h0PSIxIiB4bWxucz0iaHR0cDovL3d3dy53My5vcmcvMjAwMC9zdmciPjwvc3ZnPg==\" style=\"--smush-placeholder-width: 1024px; --smush-placeholder-aspect-ratio: 1024\/683;\" \/><\/figure><\/li><li class=\"blocks-gallery-item\"><figure><img decoding=\"async\" width=\"1024\" height=\"683\" data-src=\"https:\/\/gazetaregionalna.com\/wp-content\/uploads\/2020\/12\/AZS-4-1024x683.jpg\" alt=\"\" data-id=\"28630\" data-full-url=\"https:\/\/gazetaregionalna.com\/wp-content\/uploads\/2020\/12\/AZS-4.jpg\" data-link=\"https:\/\/gazetaregionalna.com\/azs-15\/azs-4-2\/\" class=\"wp-image-28630 lazyload\" data-srcset=\"https:\/\/gazetaregionalna.com\/wp-content\/uploads\/2020\/12\/AZS-4-1024x683.jpg 1024w, https:\/\/gazetaregionalna.com\/wp-content\/uploads\/2020\/12\/AZS-4-300x200.jpg 300w, https:\/\/gazetaregionalna.com\/wp-content\/uploads\/2020\/12\/AZS-4-768x512.jpg 768w, https:\/\/gazetaregionalna.com\/wp-content\/uploads\/2020\/12\/AZS-4-1536x1024.jpg 1536w, https:\/\/gazetaregionalna.com\/wp-content\/uploads\/2020\/12\/AZS-4-696x464.jpg 696w, https:\/\/gazetaregionalna.com\/wp-content\/uploads\/2020\/12\/AZS-4-1068x712.jpg 1068w, https:\/\/gazetaregionalna.com\/wp-content\/uploads\/2020\/12\/AZS-4-630x420.jpg 630w, https:\/\/gazetaregionalna.com\/wp-content\/uploads\/2020\/12\/AZS-4.jpg 1200w\" data-sizes=\"(max-width: 1024px) 100vw, 1024px\" src=\"data:image\/svg+xml;base64,PHN2ZyB3aWR0aD0iMSIgaGVpZ2h0PSIxIiB4bWxucz0iaHR0cDovL3d3dy53My5vcmcvMjAwMC9zdmciPjwvc3ZnPg==\" style=\"--smush-placeholder-width: 1024px; --smush-placeholder-aspect-ratio: 1024\/683;\" \/><\/figure><\/li><\/ul><\/figure>\n\n\n\n<p>Foto: Gazeta Regionalna <\/p>\n","protected":false},"excerpt":{"rendered":"<p>W niedziel\u0119 o godz. 12 siatkarze AZS Cz\u0119stochowa zmierz\u0105 si\u0119 w 1 lidze \u015bl\u0105skiej w zaleg\u0142ym spotkaniu z G\u00f3rnikiem Radlin. Co prawda pierwsze mecze<\/p>\n","protected":false},"author":15,"featured_media":28626,"comment_status":"open","ping_status":"open","sticky":false,"template":"","format":"standard","meta":{"_monsterinsights_skip_tracking":false,"_monsterinsights_sitenote_active":false,"_monsterinsights_sitenote_note":"","_monsterinsights_sitenote_category":0,"_uf_show_specific_survey":0,"_uf_disable_surveys":false,"footnotes":""},"categories":[8,5],"tags":[],"class_list":["post-31478","post","type-post","status-publish","format-standard","has-post-thumbnail","hentry","category-siatkowka","category-sport"],"_links":{"self":[{"href":"https:\/\/gazetaregionalna.com\/index.php?rest_route=\/wp\/v2\/posts\/31478","targetHints":{"allow":["GET"]}}],"collection":[{"href":"https:\/\/gazetaregionalna.com\/index.php?rest_route=\/wp\/v2\/posts"}],"about":[{"href":"https:\/\/gazetaregionalna.com\/index.php?rest_route=\/wp\/v2\/types\/post"}],"author":[{"embeddable":true,"href":"https:\/\/gazetaregionalna.com\/index.php?rest_route=\/wp\/v2\/users\/15"}],"replies":[{"embeddable":true,"href":"https:\/\/gazetaregionalna.com\/index.php?rest_route=%2Fwp%2Fv2%2Fcomments&post=31478"}],"version-history":[{"count":2,"href":"https:\/\/gazetaregionalna.com\/index.php?rest_route=\/wp\/v2\/posts\/31478\/revisions"}],"predecessor-version":[{"id":31480,"href":"https:\/\/gazetaregionalna.com\/index.php?rest_route=\/wp\/v2\/posts\/31478\/revisions\/31480"}],"wp:featuredmedia":[{"embeddable":true,"href":"https:\/\/gazetaregionalna.com\/index.php?rest_route=\/wp\/v2\/media\/28626"}],"wp:attachment":[{"href":"https:\/\/gazetaregionalna.com\/index.php?rest_route=%2Fwp%2Fv2%2Fmedia&parent=31478"}],"wp:term":[{"taxonomy":"category","embeddable":true,"href":"https:\/\/gazetaregionalna.com\/index.php?rest_route=%2Fwp%2Fv2%2Fcategories&post=31478"},{"taxonomy":"post_tag","embeddable":true,"href":"https:\/\/gazetaregionalna.com\/index.php?rest_route=%2Fwp%2Fv2%2Ftags&post=31478"}],"curies":[{"name":"wp","href":"https:\/\/api.w.org\/{rel}","templated":true}]}}