{"id":31074,"date":"2021-01-12T14:10:46","date_gmt":"2021-01-12T14:10:46","guid":{"rendered":"https:\/\/gazetaregionalna.com\/?p=31074"},"modified":"2021-01-26T14:45:15","modified_gmt":"2021-01-26T14:45:15","slug":"remont-lazienki","status":"publish","type":"post","link":"https:\/\/gazetaregionalna.com\/?p=31074","title":{"rendered":"Remont \u0142azienki &#8211; na co powinni\u015bmy zwr\u00f3ci\u0107 szczeg\u00f3ln\u0105 uwag\u0119?"},"content":{"rendered":"\n<h4 class=\"wp-block-heading\"><strong>Wraz ze spisywaniem postanowie\u0144 noworocznych, wiele os\u00f3b zaczyna planowa\u0107 tegoroczne remonty mieszkaniowe. Nie zawsze wiemy jak si\u0119 za to zabra\u0107, dlatego zdarza si\u0119, \u017ce potrzebujemy pomocy specjalisty. My postanowili\u015bmy zapyta\u0107 <em>Aleksandra Krysiaka, projektanta wn\u0119trz z Galerii P\u0142ytek Lux-Dom,<\/em> jak przeprowadzi\u0107 remont \u0142azienki i na co  zwr\u00f3ci\u0107 szczeg\u00f3ln\u0105 uwag\u0119.<\/strong><\/h4>\n\n\n\n<p><strong>Zacznijmy\nod potrzeb<\/strong><\/p>\n\n\n\n<p>Ka\u017cdy remont powinni\u015bmy zaplanowa\u0107 odpowiednio wcze\u015bnie.\nNajlepszym rozwi\u0105zaniem jest przygotowanie listy potrzeb &#8211; tego, czego\noczekujemy od \u0142azienki naszych marze\u0144. Pomieszczenia te r\u00f3\u017cni\u0105 si\u0119 nie tylko\nwygl\u0105dem czy stylem wyko\u0144czenia, ale tak\u017ce funkcjonalno\u015bci\u0105. Musimy\nodpowiedzie\u0107 sobie na pytanie, czy chcemy wann\u0119, wann\u0119 z funkcj\u0105 prysznica, a\nmo\u017ce sam prysznic? Musimy tak\u017ce wzi\u0105\u0107 pod uwag\u0119 wszystkich cz\u0142onk\u00f3w rodziny &#8211;\nczy mamy dzieci, a je\u015bli tak to w jakim wieku? To wszystko ma znaczenie. Cz\u0119sto\npomijan\u0105 przez inwestor\u00f3w potrzeb\u0105 jest\u2026 potrzeba szafek. Inwestujemy\ndziesi\u0105tki tysi\u0119cy w \u0142azienk\u0119, a zapominamy o szafkach czy blacie przy\numywalce.<\/p>\n\n\n\n<figure class=\"wp-block-image size-large\"><img decoding=\"async\" width=\"1024\" height=\"576\" data-src=\"https:\/\/gazetaregionalna.com\/wp-content\/uploads\/2021\/01\/Lux-Dom-Remont-\u0142azienki7-1024x576.jpg\" alt=\"\" class=\"wp-image-31077 lazyload\" data-srcset=\"https:\/\/gazetaregionalna.com\/wp-content\/uploads\/2021\/01\/Lux-Dom-Remont-\u0142azienki7-1024x576.jpg 1024w, https:\/\/gazetaregionalna.com\/wp-content\/uploads\/2021\/01\/Lux-Dom-Remont-\u0142azienki7-300x169.jpg 300w, https:\/\/gazetaregionalna.com\/wp-content\/uploads\/2021\/01\/Lux-Dom-Remont-\u0142azienki7-768x432.jpg 768w, https:\/\/gazetaregionalna.com\/wp-content\/uploads\/2021\/01\/Lux-Dom-Remont-\u0142azienki7-1536x864.jpg 1536w, https:\/\/gazetaregionalna.com\/wp-content\/uploads\/2021\/01\/Lux-Dom-Remont-\u0142azienki7-696x392.jpg 696w, https:\/\/gazetaregionalna.com\/wp-content\/uploads\/2021\/01\/Lux-Dom-Remont-\u0142azienki7-1068x601.jpg 1068w, https:\/\/gazetaregionalna.com\/wp-content\/uploads\/2021\/01\/Lux-Dom-Remont-\u0142azienki7-747x420.jpg 747w, https:\/\/gazetaregionalna.com\/wp-content\/uploads\/2021\/01\/Lux-Dom-Remont-\u0142azienki7.jpg 1200w\" data-sizes=\"(max-width: 1024px) 100vw, 1024px\" src=\"data:image\/svg+xml;base64,PHN2ZyB3aWR0aD0iMSIgaGVpZ2h0PSIxIiB4bWxucz0iaHR0cDovL3d3dy53My5vcmcvMjAwMC9zdmciPjwvc3ZnPg==\" style=\"--smush-placeholder-width: 1024px; --smush-placeholder-aspect-ratio: 1024\/576;\" \/><figcaption>Remont \u0142azienki &#8211; projekt Galerii P\u0142ytek Lux-Dom<\/figcaption><\/figure>\n\n\n\n<p><strong>Wymiarowanie\nwn\u0119trza<\/strong><\/p>\n\n\n\n<p>Dobrze \u0142azienk\u0119 rozrysowa\u0107 &#8211; na kartce lub za pomoc\u0105\njednego z program\u00f3w komputerowych. Je\u015bli nie czujemy si\u0119 mocni w rysunku,\nmo\u017cemy skorzysta\u0107 z pomocy projektanta wn\u0119trz &#8211; mo\u017ce to by\u0107 projektant\nindywidualny albo ten, kt\u00f3ry pracuje w sklepie z p\u0142ytkami i armatur\u0105. Cz\u0119sto\npracuje on stacjonarnie i jest ca\u0142kowicie dost\u0119pny dla klient\u00f3w. Jest to\nrozwi\u0105zanie znacznie ta\u0144sze ni\u017c w przypadku wyboru freelencera, kt\u00f3ry z g\u00f3ry ma\nokre\u015blon\u0105 stawk\u0119 za projekt. Ten co prawda przygotuje nam dok\u0142adniejsz\u0105\nwizualizacj\u0119, lecz tak naprawd\u0119 wykonawcy wystarczy zwyk\u0142a wizualizacja wraz z\nwymiarami. Przecie\u017c przy klasycznym remoncie \u0142azienki dobry wykonawca poradzi\nsobie nawet bez wizualizacji, tylko na podstawie wskaz\u00f3wek inwestora i\npodstawowych wymiar\u00f3w. Dobry projektant wn\u0119trz podczas pierwszego spotkania\nzawsze zapyta nas o nasze potrzeby. Je\u015bli nie mamy przygotowanej listy,\npowinien nam zada\u0107 szereg pyta\u0144, maj\u0105cych na celu uszczeg\u00f3\u0142owienia projektu.\nCzasami zdarza si\u0119 tak, \u017ce projektant u\u015bwiadamia nam potrzeby, o kt\u00f3rych by\u015bmy\nnawet nie pomy\u015bleli, gdy\u017c s\u0105 tak proste i b\u0142ahe.<\/p>\n\n\n\n<figure class=\"wp-block-image size-large\"><img decoding=\"async\" width=\"768\" height=\"1024\" data-src=\"https:\/\/gazetaregionalna.com\/wp-content\/uploads\/2021\/01\/Lux-Dom-Remont-\u0142azienki3-768x1024.jpg\" alt=\"\" class=\"wp-image-31078 lazyload\" data-srcset=\"https:\/\/gazetaregionalna.com\/wp-content\/uploads\/2021\/01\/Lux-Dom-Remont-\u0142azienki3-768x1024.jpg 768w, https:\/\/gazetaregionalna.com\/wp-content\/uploads\/2021\/01\/Lux-Dom-Remont-\u0142azienki3-225x300.jpg 225w, https:\/\/gazetaregionalna.com\/wp-content\/uploads\/2021\/01\/Lux-Dom-Remont-\u0142azienki3-1152x1536.jpg 1152w, https:\/\/gazetaregionalna.com\/wp-content\/uploads\/2021\/01\/Lux-Dom-Remont-\u0142azienki3-696x928.jpg 696w, https:\/\/gazetaregionalna.com\/wp-content\/uploads\/2021\/01\/Lux-Dom-Remont-\u0142azienki3-1068x1424.jpg 1068w, https:\/\/gazetaregionalna.com\/wp-content\/uploads\/2021\/01\/Lux-Dom-Remont-\u0142azienki3-315x420.jpg 315w, https:\/\/gazetaregionalna.com\/wp-content\/uploads\/2021\/01\/Lux-Dom-Remont-\u0142azienki3.jpg 1200w\" data-sizes=\"(max-width: 768px) 100vw, 768px\" src=\"data:image\/svg+xml;base64,PHN2ZyB3aWR0aD0iMSIgaGVpZ2h0PSIxIiB4bWxucz0iaHR0cDovL3d3dy53My5vcmcvMjAwMC9zdmciPjwvc3ZnPg==\" style=\"--smush-placeholder-width: 768px; --smush-placeholder-aspect-ratio: 768\/1024;\" \/><figcaption> Remont \u0142azienki &#8211; projekt Galerii P\u0142ytek Lux-Dom <\/figcaption><\/figure>\n\n\n\n<p><strong>Kwestia\nceny<\/strong><\/p>\n\n\n\n<p>W koszty musimy wliczy\u0107 koszty p\u0142ytek ceramicznych, armatury, wykonawstwa, dodatkowych przy\u0142\u0105czy i rozwi\u0105za\u0144 nietypowych. Projektant zawsze stara si\u0119 wybada\u0107, jak klient reaguje na dany produkt &#8211; wizualnie i cenowo. Sprawdzony sklepowy projektant powinien potrafi\u0107 przygotowa\u0107 projekt \u0142azienki na ka\u017cd\u0105 kiesze\u0144, kt\u00f3ry b\u0119dzie zarazem funkcjonalny i dobrej jako\u015bci. Je\u015bli chodzi o p\u0142ytki \u0142azienkowe, to musimy je dobra\u0107 tak, aby by\u0142y odpowiednie dla nas, wygodne i bezpieczne w u\u017cytkowaniu, a przede wszystkim, \u017ceby nam si\u0119 podoba\u0142y. Na szcz\u0119\u015bcie na polskim rynku mamy mn\u00f3stwo wzor\u00f3w i rodzaj\u00f3w p\u0142ytek, wi\u0119c z pewno\u015bci\u0105 znajdziemy co\u015b odpowiedniego dla siebie. <\/p>\n\n\n\n<figure class=\"wp-block-image size-large\"><img decoding=\"async\" width=\"768\" height=\"1024\" data-src=\"https:\/\/gazetaregionalna.com\/wp-content\/uploads\/2021\/01\/Lux-Dom-Remont-\u0142azienki-768x1024.jpg\" alt=\"\" class=\"wp-image-31079 lazyload\" data-srcset=\"https:\/\/gazetaregionalna.com\/wp-content\/uploads\/2021\/01\/Lux-Dom-Remont-\u0142azienki-768x1024.jpg 768w, https:\/\/gazetaregionalna.com\/wp-content\/uploads\/2021\/01\/Lux-Dom-Remont-\u0142azienki-225x300.jpg 225w, https:\/\/gazetaregionalna.com\/wp-content\/uploads\/2021\/01\/Lux-Dom-Remont-\u0142azienki-1152x1536.jpg 1152w, https:\/\/gazetaregionalna.com\/wp-content\/uploads\/2021\/01\/Lux-Dom-Remont-\u0142azienki.jpg 1200w\" data-sizes=\"(max-width: 768px) 100vw, 768px\" src=\"data:image\/svg+xml;base64,PHN2ZyB3aWR0aD0iMSIgaGVpZ2h0PSIxIiB4bWxucz0iaHR0cDovL3d3dy53My5vcmcvMjAwMC9zdmciPjwvc3ZnPg==\" style=\"--smush-placeholder-width: 768px; --smush-placeholder-aspect-ratio: 768\/1024;\" \/><figcaption> Remont \u0142azienki &#8211; projekt Galerii P\u0142ytek Lux-Dom <\/figcaption><\/figure>\n\n\n\n<p>W przypadku armatury cena jest zwykle po\u0142\u0105czona z jako\u015bci\u0105 &#8211; rzeczy, kt\u00f3re s\u0105 zbyt tanie, mog\u0105 szybko przesta\u0107 prawid\u0142owo dzia\u0142a\u0107. Niezale\u017cnie od bud\u017cetu powinni\u015bmy jednak wybiera\u0107 armatur\u0119 od stabilnych firm, kt\u00f3re od wielu lat produkuj\u0105 i sprzedaj\u0105 swoje produkty w Polsce &#8211; u\u0142atwi nam to p\u00f3\u017aniej ewentualne serwisowanie. Zawsze warto tak\u017ce sprawdzi\u0107 opini\u0119 o marce &#8211; niestety mamy na rynku kilka firm, kt\u00f3re, mimo \u017ce od lat notuj\u0105 wysokie wyniki sprzeda\u017cowe, nie mog\u0105 pochwali\u0107 si\u0119 wysok\u0105 jako\u015bci\u0105. <\/p>\n\n\n\n<figure class=\"wp-block-image size-large\"><img decoding=\"async\" width=\"768\" height=\"1024\" data-src=\"https:\/\/gazetaregionalna.com\/wp-content\/uploads\/2021\/01\/Lux-Dom-Remont-\u0142azienki2-768x1024.jpg\" alt=\"\" class=\"wp-image-31081 lazyload\" data-srcset=\"https:\/\/gazetaregionalna.com\/wp-content\/uploads\/2021\/01\/Lux-Dom-Remont-\u0142azienki2-768x1024.jpg 768w, https:\/\/gazetaregionalna.com\/wp-content\/uploads\/2021\/01\/Lux-Dom-Remont-\u0142azienki2-225x300.jpg 225w, https:\/\/gazetaregionalna.com\/wp-content\/uploads\/2021\/01\/Lux-Dom-Remont-\u0142azienki2-1152x1536.jpg 1152w, https:\/\/gazetaregionalna.com\/wp-content\/uploads\/2021\/01\/Lux-Dom-Remont-\u0142azienki2.jpg 1200w\" data-sizes=\"(max-width: 768px) 100vw, 768px\" src=\"data:image\/svg+xml;base64,PHN2ZyB3aWR0aD0iMSIgaGVpZ2h0PSIxIiB4bWxucz0iaHR0cDovL3d3dy53My5vcmcvMjAwMC9zdmciPjwvc3ZnPg==\" style=\"--smush-placeholder-width: 768px; --smush-placeholder-aspect-ratio: 768\/1024;\" \/><figcaption> Remont \u0142azienki &#8211; projekt Galerii P\u0142ytek Lux-Dom <\/figcaption><\/figure>\n\n\n\n<p>Projektant pracuj\u0105cy w salonie p\u0142ytek ma nieco wi\u0119ksze do\u015bwiadczenie z materia\u0142ami, dlatego zawsze dobierze nam najlepsze rozwi\u0105zania dla naszych potrzeb, oczekiwa\u0144 i bud\u017cetu. Nie jest tak, \u017ce sklepowy projektant b\u0119dzie pr\u00f3bowa\u0142 sprzeda\u0107 nam to, co jest najdro\u017csze, gdy\u017c niezadowolony klient nie wr\u00f3ci. Je\u015bli chodzi o Lux-Dom, to projekty wykonywane s\u0105 bezp\u0142atnie, cho\u0107 klient wp\u0142aca zadatek w wysoko\u015bci 400 z\u0142otych. Je\u015bli jednak inwestor zrobi zakupy na kwot\u0119 minimum 3.000 z\u0142otych, w\u00f3wczas warto\u015b\u0107 zadatku jest odejmowana od rachunku. Kwota, cho\u0107 mo\u017ce wyda\u0107 si\u0119 wysoka, zwykle jest \u201crealizowana\u201d ju\u017c na etapie zakupu p\u0142ytek i armatury. <\/p>\n\n\n\n<figure class=\"wp-block-image size-large\"><img decoding=\"async\" width=\"768\" height=\"1024\" data-src=\"https:\/\/gazetaregionalna.com\/wp-content\/uploads\/2021\/01\/Lux-Dom-Remont-\u0142azienki4-768x1024.jpg\" alt=\"\" class=\"wp-image-31082 lazyload\" data-srcset=\"https:\/\/gazetaregionalna.com\/wp-content\/uploads\/2021\/01\/Lux-Dom-Remont-\u0142azienki4-768x1024.jpg 768w, https:\/\/gazetaregionalna.com\/wp-content\/uploads\/2021\/01\/Lux-Dom-Remont-\u0142azienki4-225x300.jpg 225w, https:\/\/gazetaregionalna.com\/wp-content\/uploads\/2021\/01\/Lux-Dom-Remont-\u0142azienki4-1152x1536.jpg 1152w, https:\/\/gazetaregionalna.com\/wp-content\/uploads\/2021\/01\/Lux-Dom-Remont-\u0142azienki4-696x928.jpg 696w, https:\/\/gazetaregionalna.com\/wp-content\/uploads\/2021\/01\/Lux-Dom-Remont-\u0142azienki4-1068x1424.jpg 1068w, https:\/\/gazetaregionalna.com\/wp-content\/uploads\/2021\/01\/Lux-Dom-Remont-\u0142azienki4.jpg 1200w\" data-sizes=\"(max-width: 768px) 100vw, 768px\" src=\"data:image\/svg+xml;base64,PHN2ZyB3aWR0aD0iMSIgaGVpZ2h0PSIxIiB4bWxucz0iaHR0cDovL3d3dy53My5vcmcvMjAwMC9zdmciPjwvc3ZnPg==\" style=\"--smush-placeholder-width: 768px; --smush-placeholder-aspect-ratio: 768\/1024;\" \/><figcaption> Remont \u0142azienki &#8211; projekt Galerii P\u0142ytek Lux-Dom <\/figcaption><\/figure>\n\n\n\n<p>Nie wszystko mo\u017cna zaplanowa\u0107 w 100 procentach, dlatego projektanci <a href=\"http:\/\/plytki-luxdom.pl\/\" class=\"rank-math-link\" target=\"_blank\" rel=\"noopener\">Galerii P\u0142ytek Lux-Dom<\/a> przygotuj\u0105 indywidualn\u0105 wizualizacj\u0119 \u0142azienki, kuchni czy salonu. Nie tylko inspirujemy i  doradzamy ale przedstawiamy szczeg\u00f3\u0142ow\u0105 ofert\u0119 \u2013 jasn\u0105, przejrzyst\u0105 i  konkretn\u0105.  <\/p>\n\n\n\n<p>Czytaj tak\u017ce: <a href=\"https:\/\/gazetaregionalna.com\/jak-nie-urzadzac-domu\/\" class=\"rank-math-link\">10 grzech\u00f3w w urz\u0105dzaniu wn\u0119trz, czyli jak nie urz\u0105dza\u0107 domu?<\/a><\/p>\n","protected":false},"excerpt":{"rendered":"<p>Wraz ze spisywaniem postanowie\u0144 noworocznych, wiele os\u00f3b zaczyna planowa\u0107 tegoroczne remonty mieszkaniowe. Nie zawsze wiemy jak si\u0119 za to zabra\u0107, dlatego zdarza si\u0119, \u017ce<\/p>\n","protected":false},"author":5,"featured_media":31075,"comment_status":"open","ping_status":"open","sticky":false,"template":"","format":"standard","meta":{"_monsterinsights_skip_tracking":false,"_monsterinsights_sitenote_active":false,"_monsterinsights_sitenote_note":"","_monsterinsights_sitenote_category":0,"_uf_show_specific_survey":0,"_uf_disable_surveys":false,"footnotes":""},"categories":[17,32],"tags":[603,92,1322,1321],"class_list":["post-31074","post","type-post","status-publish","format-standard","has-post-thumbnail","hentry","category-dom","category-wyposazenie-wnetrz","tag-dom","tag-remont","tag-wyposazenie-wnetrz","tag-lazienka"],"_links":{"self":[{"href":"https:\/\/gazetaregionalna.com\/index.php?rest_route=\/wp\/v2\/posts\/31074","targetHints":{"allow":["GET"]}}],"collection":[{"href":"https:\/\/gazetaregionalna.com\/index.php?rest_route=\/wp\/v2\/posts"}],"about":[{"href":"https:\/\/gazetaregionalna.com\/index.php?rest_route=\/wp\/v2\/types\/post"}],"author":[{"embeddable":true,"href":"https:\/\/gazetaregionalna.com\/index.php?rest_route=\/wp\/v2\/users\/5"}],"replies":[{"embeddable":true,"href":"https:\/\/gazetaregionalna.com\/index.php?rest_route=%2Fwp%2Fv2%2Fcomments&post=31074"}],"version-history":[{"count":5,"href":"https:\/\/gazetaregionalna.com\/index.php?rest_route=\/wp\/v2\/posts\/31074\/revisions"}],"predecessor-version":[{"id":31384,"href":"https:\/\/gazetaregionalna.com\/index.php?rest_route=\/wp\/v2\/posts\/31074\/revisions\/31384"}],"wp:featuredmedia":[{"embeddable":true,"href":"https:\/\/gazetaregionalna.com\/index.php?rest_route=\/wp\/v2\/media\/31075"}],"wp:attachment":[{"href":"https:\/\/gazetaregionalna.com\/index.php?rest_route=%2Fwp%2Fv2%2Fmedia&parent=31074"}],"wp:term":[{"taxonomy":"category","embeddable":true,"href":"https:\/\/gazetaregionalna.com\/index.php?rest_route=%2Fwp%2Fv2%2Fcategories&post=31074"},{"taxonomy":"post_tag","embeddable":true,"href":"https:\/\/gazetaregionalna.com\/index.php?rest_route=%2Fwp%2Fv2%2Ftags&post=31074"}],"curies":[{"name":"wp","href":"https:\/\/api.w.org\/{rel}","templated":true}]}}