{"id":31040,"date":"2021-01-12T10:31:30","date_gmt":"2021-01-12T10:31:30","guid":{"rendered":"https:\/\/gazetaregionalna.com\/?p=31040"},"modified":"2021-01-12T10:31:32","modified_gmt":"2021-01-12T10:31:32","slug":"smiertelny-wypadek-2","status":"publish","type":"post","link":"https:\/\/gazetaregionalna.com\/?p=31040","title":{"rendered":"\u015amiertelny wypadek na A1 w Radomsku"},"content":{"rendered":"\n<h2 class=\"wp-block-heading\">Na remontowanym odcinku autostrady A1 w Radomsku dosz\u0142o do\ntragicznego wypadku. Nie \u017cyje 25-letni mieszkaniec wojew\u00f3dztwa podlaskiego.<\/h2>\n\n\n\n<p>Do tragicznego zdarzenia dosz\u0142o 11 stycznia 2021 roku oko\u0142o godziny 23.30 na remontowanym\nodcinku autostrady A1 w Radomsku, w kierunku Katowic. Jak ustali\u0142a policja pod\nnadzorem prokuratora, na ty\u0142 samochodu dostawczego Iveco stoj\u0105cego na prawym pasie\n(25-letni kierowca najprawdopodobniej zmienia\u0142 uszkodzone ko\u0142o) najecha\u0142\n32-letni obywatel\nBia\u0142orusi kieruj\u0105cy samochodem ci\u0119\u017carowym marki Mercedes.<\/p>\n\n\n\n<figure class=\"wp-block-image size-large\"><img decoding=\"async\" width=\"400\" height=\"523\" data-src=\"https:\/\/gazetaregionalna.com\/wp-content\/uploads\/2021\/01\/wypadek-a1-w-Radosmku-1.jpg\" alt=\"\" class=\"wp-image-31042 lazyload\" data-srcset=\"https:\/\/gazetaregionalna.com\/wp-content\/uploads\/2021\/01\/wypadek-a1-w-Radosmku-1.jpg 400w, https:\/\/gazetaregionalna.com\/wp-content\/uploads\/2021\/01\/wypadek-a1-w-Radosmku-1-229x300.jpg 229w, https:\/\/gazetaregionalna.com\/wp-content\/uploads\/2021\/01\/wypadek-a1-w-Radosmku-1-321x420.jpg 321w\" data-sizes=\"(max-width: 400px) 100vw, 400px\" src=\"data:image\/svg+xml;base64,PHN2ZyB3aWR0aD0iMSIgaGVpZ2h0PSIxIiB4bWxucz0iaHR0cDovL3d3dy53My5vcmcvMjAwMC9zdmciPjwvc3ZnPg==\" style=\"--smush-placeholder-width: 400px; --smush-placeholder-aspect-ratio: 400\/523;\" \/><figcaption>Fot. KPP w Radomsku<\/figcaption><\/figure>\n\n\n\n<p>W wyniku zderzenia 25-letni mieszkaniec Podlasia poni\u00f3s\u0142\n\u015bmier\u0107 na miejscu. Cia\u0142o m\u0119\u017cczyzny na polecenie prokuratury zosta\u0142o\nzabezpieczone w radomszcza\u0144skim prosektorium do dalszych bada\u0144.<\/p>\n\n\n\n<p>Kierowca ci\u0119\u017carowego Mercedesa w chwili zderzenia by\u0142 trze\u017awy. Obecnie przebywa on w policyjnym areszcie. Okoliczno\u015bci tego wypadku pod nadzorem prokuratora wyja\u015bniaj\u0105 radomszcza\u0144scy policjanci.<\/p>\n\n\n\n<figure class=\"wp-block-image size-large\"><img decoding=\"async\" width=\"899\" height=\"600\" data-src=\"https:\/\/gazetaregionalna.com\/wp-content\/uploads\/2021\/01\/wypadek-a1-w-Radosmku-2.jpg\" alt=\"\" class=\"wp-image-31043 lazyload\" data-srcset=\"https:\/\/gazetaregionalna.com\/wp-content\/uploads\/2021\/01\/wypadek-a1-w-Radosmku-2.jpg 899w, https:\/\/gazetaregionalna.com\/wp-content\/uploads\/2021\/01\/wypadek-a1-w-Radosmku-2-300x200.jpg 300w, https:\/\/gazetaregionalna.com\/wp-content\/uploads\/2021\/01\/wypadek-a1-w-Radosmku-2-768x513.jpg 768w, https:\/\/gazetaregionalna.com\/wp-content\/uploads\/2021\/01\/wypadek-a1-w-Radosmku-2-696x465.jpg 696w, https:\/\/gazetaregionalna.com\/wp-content\/uploads\/2021\/01\/wypadek-a1-w-Radosmku-2-629x420.jpg 629w\" data-sizes=\"(max-width: 899px) 100vw, 899px\" src=\"data:image\/svg+xml;base64,PHN2ZyB3aWR0aD0iMSIgaGVpZ2h0PSIxIiB4bWxucz0iaHR0cDovL3d3dy53My5vcmcvMjAwMC9zdmciPjwvc3ZnPg==\" style=\"--smush-placeholder-width: 899px; --smush-placeholder-aspect-ratio: 899\/600;\" \/><figcaption>Fot. KPP w Radomsku<\/figcaption><\/figure>\n","protected":false},"excerpt":{"rendered":"<p>Na remontowanym odcinku autostrady A1 w Radomsku dosz\u0142o do tragicznego wypadku. Nie \u017cyje 25-letni mieszkaniec wojew\u00f3dztwa podlaskiego. Do tragicznego zdarzenia dosz\u0142o 11 stycznia 2021<\/p>\n","protected":false},"author":12,"featured_media":31044,"comment_status":"open","ping_status":"open","sticky":false,"template":"","format":"standard","meta":{"_monsterinsights_skip_tracking":false,"_monsterinsights_sitenote_active":false,"_monsterinsights_sitenote_note":"","_monsterinsights_sitenote_category":0,"_uf_show_specific_survey":0,"_uf_disable_surveys":false,"footnotes":""},"categories":[44,18,94,28,2],"tags":[1315,1316,1314],"class_list":["post-31040","post","type-post","status-publish","format-standard","has-post-thumbnail","hentry","category-bezpieczenstwo","category-motoryzacja","category-polecane","category-radomsko","category-wiadomosci","tag-a1-radomsko","tag-policja-radomsko","tag-smiertelny-wypadek"],"_links":{"self":[{"href":"https:\/\/gazetaregionalna.com\/index.php?rest_route=\/wp\/v2\/posts\/31040","targetHints":{"allow":["GET"]}}],"collection":[{"href":"https:\/\/gazetaregionalna.com\/index.php?rest_route=\/wp\/v2\/posts"}],"about":[{"href":"https:\/\/gazetaregionalna.com\/index.php?rest_route=\/wp\/v2\/types\/post"}],"author":[{"embeddable":true,"href":"https:\/\/gazetaregionalna.com\/index.php?rest_route=\/wp\/v2\/users\/12"}],"replies":[{"embeddable":true,"href":"https:\/\/gazetaregionalna.com\/index.php?rest_route=%2Fwp%2Fv2%2Fcomments&post=31040"}],"version-history":[{"count":2,"href":"https:\/\/gazetaregionalna.com\/index.php?rest_route=\/wp\/v2\/posts\/31040\/revisions"}],"predecessor-version":[{"id":31045,"href":"https:\/\/gazetaregionalna.com\/index.php?rest_route=\/wp\/v2\/posts\/31040\/revisions\/31045"}],"wp:featuredmedia":[{"embeddable":true,"href":"https:\/\/gazetaregionalna.com\/index.php?rest_route=\/wp\/v2\/media\/31044"}],"wp:attachment":[{"href":"https:\/\/gazetaregionalna.com\/index.php?rest_route=%2Fwp%2Fv2%2Fmedia&parent=31040"}],"wp:term":[{"taxonomy":"category","embeddable":true,"href":"https:\/\/gazetaregionalna.com\/index.php?rest_route=%2Fwp%2Fv2%2Fcategories&post=31040"},{"taxonomy":"post_tag","embeddable":true,"href":"https:\/\/gazetaregionalna.com\/index.php?rest_route=%2Fwp%2Fv2%2Ftags&post=31040"}],"curies":[{"name":"wp","href":"https:\/\/api.w.org\/{rel}","templated":true}]}}