{"id":31025,"date":"2021-01-12T09:33:45","date_gmt":"2021-01-12T09:33:45","guid":{"rendered":"https:\/\/gazetaregionalna.com\/?p=31025"},"modified":"2021-01-12T10:04:58","modified_gmt":"2021-01-12T10:04:58","slug":"nowy-rynek","status":"publish","type":"post","link":"https:\/\/gazetaregionalna.com\/?p=31025","title":{"rendered":"Jan\u00f3w b\u0119dzie mie\u0107 nowy Rynek"},"content":{"rendered":"\n<h2 class=\"wp-block-heading\">Gmina Jan\u00f3w b\u0119dzie mie\u0107 nowy Rynek. Spo\u015br\u00f3d nades\u0142anych prac na konkurs 16-osobowa komisja w grudniu 2020 roku og\u0142osi\u0142a wyniki. <\/h2>\n\n\n\n<figure class=\"wp-block-image size-large\"><img decoding=\"async\" width=\"1024\" height=\"722\" data-src=\"https:\/\/gazetaregionalna.com\/wp-content\/uploads\/2021\/01\/nowy-rynek-w-Janowie-2-1024x722.jpg\" alt=\"\" class=\"wp-image-31028 lazyload\" data-srcset=\"https:\/\/gazetaregionalna.com\/wp-content\/uploads\/2021\/01\/nowy-rynek-w-Janowie-2-1024x722.jpg 1024w, https:\/\/gazetaregionalna.com\/wp-content\/uploads\/2021\/01\/nowy-rynek-w-Janowie-2-300x211.jpg 300w, https:\/\/gazetaregionalna.com\/wp-content\/uploads\/2021\/01\/nowy-rynek-w-Janowie-2-768x541.jpg 768w, https:\/\/gazetaregionalna.com\/wp-content\/uploads\/2021\/01\/nowy-rynek-w-Janowie-2-1536x1083.jpg 1536w, https:\/\/gazetaregionalna.com\/wp-content\/uploads\/2021\/01\/nowy-rynek-w-Janowie-2-100x70.jpg 100w, https:\/\/gazetaregionalna.com\/wp-content\/uploads\/2021\/01\/nowy-rynek-w-Janowie-2-696x491.jpg 696w, https:\/\/gazetaregionalna.com\/wp-content\/uploads\/2021\/01\/nowy-rynek-w-Janowie-2-1068x753.jpg 1068w, https:\/\/gazetaregionalna.com\/wp-content\/uploads\/2021\/01\/nowy-rynek-w-Janowie-2-596x420.jpg 596w, https:\/\/gazetaregionalna.com\/wp-content\/uploads\/2021\/01\/nowy-rynek-w-Janowie-2.jpg 1200w\" data-sizes=\"(max-width: 1024px) 100vw, 1024px\" src=\"data:image\/svg+xml;base64,PHN2ZyB3aWR0aD0iMSIgaGVpZ2h0PSIxIiB4bWxucz0iaHR0cDovL3d3dy53My5vcmcvMjAwMC9zdmciPjwvc3ZnPg==\" style=\"--smush-placeholder-width: 1024px; --smush-placeholder-aspect-ratio: 1024\/722;\" \/><figcaption>Fot. UG Jan\u00f3w<\/figcaption><\/figure>\n\n\n\n<p>Spo\u015br\u00f3d 10 nades\u0142anych prac na konkurs na zagospodarowanie Rynku w Janowie, komisja sk\u0142adaj\u0105ca si\u0119 z 16 os\u00f3b (po\u0142ow\u0119 cz\u0142onk\u00f3w wskaza\u0142o SARP w Katowicach, a druga po\u0142owa to wskazani przez Zamawiaj\u0105cego s\u0119dziowie) wybra\u0142a najlepszy projekt.<\/p>\n\n\n\n<p>Dzi\u0119ki przeprowadzonym wcze\u015bniej konsultacjom spo\u0142ecznym wygra\u0142a\npraca, kt\u00f3ra najbardziej spe\u0142nia oczekiwania Zamawiaj\u0105cego i mieszka\u0144c\u00f3w gminy.\nWyb\u00f3r nie by\u0142 \u0142atwy, poniewa\u017c nades\u0142ane prace przedstawia\u0142y ogromny rozrzut wizualizacji\ni inwencji tw\u00f3rczej. &nbsp;<\/p>\n\n\n\n<p>Wed\u0142ug projektu nowy rynek b\u0119dzie posiada\u0142 fontann\u0119\nposadzkow\u0105 z o\u015bwietleniem w kszta\u0142cie podkowy janowskiej, stref\u0119\nrekreacyjno-gastronomiczn\u0105, hamak miejski, wydzielony plac na scen\u0119 lub\nlodowisko, ogr\u00f3d deszczowy czy te\u017c nowe przej\u015bcie dla pieszych. Zachowana zostanie\nstrefa targowa, a stara studnia otrzyma nowe zadaszenie. <\/p>\n\n\n\n<p>Na razie termin realizacji nie jest jeszcze znany.<\/p>\n\n\n\n<p>[post_gallery]<\/p>\n\n\n\n<p>Fot. UG Jan\u00f3w<\/p>\n","protected":false},"excerpt":{"rendered":"<p>Gmina Jan\u00f3w b\u0119dzie mie\u0107 nowy Rynek. Spo\u015br\u00f3d nades\u0142anych prac na konkurs 16-osobowa komisja w grudniu 2020 roku og\u0142osi\u0142a wyniki. Spo\u015br\u00f3d 10 nades\u0142anych prac na<\/p>\n","protected":false},"author":12,"featured_media":31027,"comment_status":"open","ping_status":"open","sticky":false,"template":"","format":"standard","meta":{"_monsterinsights_skip_tracking":false,"_monsterinsights_sitenote_active":false,"_monsterinsights_sitenote_note":"","_monsterinsights_sitenote_category":0,"_uf_show_specific_survey":0,"_uf_disable_surveys":false,"footnotes":""},"categories":[94,4,2],"tags":[1312,1311,1313],"class_list":["post-31025","post","type-post","status-publish","format-standard","has-post-thumbnail","hentry","category-polecane","category-region","category-wiadomosci","tag-janow","tag-nowy-rynek-w-janowie","tag-projekt-architektoniczny"],"_links":{"self":[{"href":"https:\/\/gazetaregionalna.com\/index.php?rest_route=\/wp\/v2\/posts\/31025","targetHints":{"allow":["GET"]}}],"collection":[{"href":"https:\/\/gazetaregionalna.com\/index.php?rest_route=\/wp\/v2\/posts"}],"about":[{"href":"https:\/\/gazetaregionalna.com\/index.php?rest_route=\/wp\/v2\/types\/post"}],"author":[{"embeddable":true,"href":"https:\/\/gazetaregionalna.com\/index.php?rest_route=\/wp\/v2\/users\/12"}],"replies":[{"embeddable":true,"href":"https:\/\/gazetaregionalna.com\/index.php?rest_route=%2Fwp%2Fv2%2Fcomments&post=31025"}],"version-history":[{"count":4,"href":"https:\/\/gazetaregionalna.com\/index.php?rest_route=\/wp\/v2\/posts\/31025\/revisions"}],"predecessor-version":[{"id":31039,"href":"https:\/\/gazetaregionalna.com\/index.php?rest_route=\/wp\/v2\/posts\/31025\/revisions\/31039"}],"wp:featuredmedia":[{"embeddable":true,"href":"https:\/\/gazetaregionalna.com\/index.php?rest_route=\/wp\/v2\/media\/31027"}],"wp:attachment":[{"href":"https:\/\/gazetaregionalna.com\/index.php?rest_route=%2Fwp%2Fv2%2Fmedia&parent=31025"}],"wp:term":[{"taxonomy":"category","embeddable":true,"href":"https:\/\/gazetaregionalna.com\/index.php?rest_route=%2Fwp%2Fv2%2Fcategories&post=31025"},{"taxonomy":"post_tag","embeddable":true,"href":"https:\/\/gazetaregionalna.com\/index.php?rest_route=%2Fwp%2Fv2%2Ftags&post=31025"}],"curies":[{"name":"wp","href":"https:\/\/api.w.org\/{rel}","templated":true}]}}